{"id":1,"date":"2023-01-01T19:00:41","date_gmt":"2023-01-01T22:00:41","guid":{"rendered":"https:\/\/cafecampeiro.com.br\/?p=1"},"modified":"2023-12-06T10:11:04","modified_gmt":"2023-12-06T13:11:04","slug":"origem-do-cafe-a-lenda-de-kaldi","status":"publish","type":"post","link":"https:\/\/cafecampeiro.com.br\/en\/origem-do-cafe-a-lenda-de-kaldi\/","title":{"rendered":"A origem do caf\u00e9: A Lenda de Kaldi"},"content":{"rendered":"<p><span style=\"font-weight: 400;\">Voc\u00ea sabia que a origem do caf\u00e9 se deu na regi\u00e3o onde se localiza atualmente a <strong><a href=\"https:\/\/pt.wikipedia.org\/wiki\/Eti%C3%B3pia\">Eti\u00f3pia<\/a><\/strong>, que al\u00e9m do ber\u00e7o da humanidade, \u00e9 o ber\u00e7o do caf\u00e9? <\/span><\/p>\n<p><span style=\"font-weight: 400;\">Contudo a lenda mais atraente sobre como o caf\u00e9 foi descoberto envolve <strong>cabras dan\u00e7antes!<\/strong> \u00c9 isso mesmo, caro leitor!<\/span><\/p>\n<p>&nbsp;<\/p>\n<h2>Como tudo come\u00e7ou, a verdadeira origem do caf\u00e9!<\/h2>\n<p><span style=\"font-weight: 400;\">A hist\u00f3ria come\u00e7a com um jovem poeta e pastor chamado <strong>Kaldi<\/strong>. Um dia, suas cabras fugiram para um bosque desconhecido, e ao se aproximar, ficou boquiaberto ao v\u00ea-las dan\u00e7ando e dando chifradas umas nas outras.<\/span><\/p>\n<p><span style=\"font-weight: 400;\">Elas estavam mastigando folhas verdes brilhantes e <strong>frutos vermelhos<\/strong> de uma \u00e1rvore que nunca tinha visto antes. <\/span><span style=\"font-weight: 400;\">Ap\u00f3s experimentar as folhas amargas e os frutinhos doces, Kaldi sentiu um formigamento lento percorrendo todo o seu corpo!<\/span><\/p>\n<p><span style=\"font-weight: 400;\">Como resultado do consumo de cafe\u00edna, ele ficou cheio de <strong>energia<\/strong> e <strong>inspira\u00e7\u00e3o<\/strong> para compor poesias e cantigas. <\/span><span style=\"font-weight: 400;\">Compartilhando sua descoberta com o pai, a not\u00edcia se espalhou rapidamente e como resultado, o caf\u00e9 se tornou parte integrante da cultura et\u00edope.<\/span><\/p>\n<p>&nbsp;<\/p>\n<h2>Uma lenda e tanto!<\/h2>\n<p><span style=\"font-weight: 400;\">A lenda de Kaldi \u00e9 atraente, e nos conta de forma l\u00fadica como se deu a origem do caf\u00e9. Isso explica um dos motivos dessa bebida se tornar t\u00e3o amada em todo o mundo. Se voc\u00ea quiser <strong>experimentar caf\u00e9s deliciosos<\/strong> e com muita hist\u00f3ria, experimente os <strong><a href=\"https:\/\/cafecampeiro.com.br\/en\/product-category\/cafe\/\">nossos caf\u00e9s<\/a>!<\/strong><\/span><\/p>\n<p><span style=\"font-weight: 400;\">E agora que voc\u00ea sabe um pouco mais sobre a origem do caf\u00e9, <strong>que tal compartilhar essa hist\u00f3ria<\/strong> com aquele amigo ou familiar que adora um cafezinho? Aproveite tamb\u00e9m para conhecer mais sobre o percurso do caf\u00e9 no mundo: <a href=\"https:\/\/cafecampeiro.com.br\/en\/etiopia-o-berco-do-cafe\/\"><strong>clique aqui<\/strong><\/a> e veja o segundo post da s\u00e9rie <\/span><a href=\"https:\/\/cafecampeiro.com.br\/en\/category\/cafe-no-mundo\/\"><b>Caf\u00e9 no Mundo<\/b><\/a><span style=\"font-weight: 400;\"> e descubra como o caf\u00e9 se consolidou na Eti\u00f3pia antes de conquistar o mundo.<\/span><\/p>","protected":false},"excerpt":{"rendered":"<p>Voc\u00ea sabia que a origem do caf\u00e9 se deu na regi\u00e3o onde se localiza atualmente a Eti\u00f3pia, que al\u00e9m do ber\u00e7o da humanidade, \u00e9 o ber\u00e7o do caf\u00e9? Contudo a lenda mais atraente sobre como o caf\u00e9 foi descoberto envolve cabras dan\u00e7antes! \u00c9 isso mesmo, caro leitor! &nbsp; Como tudo come\u00e7ou, a verdadeira origem do [&hellip;]<\/p>","protected":false},"author":1,"featured_media":3605,"comment_status":"open","ping_status":"open","sticky":false,"template":"","format":"standard","meta":{"_jetpack_memberships_contains_paid_content":false,"footnotes":""},"categories":[68],"tags":[98,96,76,93,97,95,99,94],"class_list":["post-1","post","type-post","status-publish","format-standard","has-post-thumbnail","hentry","category-cafe-no-mundo","tag-a-lenda-de-kaldi","tag-cabras-cafe","tag-cafe-especial","tag-historia-do-cafe","tag-kaldi","tag-o-cafe-no-mundo","tag-o-comeco-do-cafe","tag-origem-do-cafe"],"featured_image_src":{"landsacpe":["https:\/\/cafecampeiro.com.br\/wp-content\/uploads\/2022\/07\/a_lenda_de_kaldi_cabras-1000x445.jpg",1000,445,true],"list":["https:\/\/cafecampeiro.com.br\/wp-content\/uploads\/2022\/07\/a_lenda_de_kaldi_cabras-463x348.jpg",463,348,true],"medium":["https:\/\/cafecampeiro.com.br\/wp-content\/uploads\/2022\/07\/a_lenda_de_kaldi_cabras-300x138.jpg",300,138,true],"full":["https:\/\/cafecampeiro.com.br\/wp-content\/uploads\/2022\/07\/a_lenda_de_kaldi_cabras.jpg",1000,461,false]},"yoast_head":"<!-- This site is optimized with the Yoast SEO plugin v27.3 - https:\/\/yoast.com\/product\/yoast-seo-wordpress\/ -->\n<title>A origem do caf\u00e9: A Lenda de Kaldi - Caf\u00e9 Campeiro<\/title>\n<meta name=\"description\" content=\"Descubra a surpreendente hist\u00f3ria da origem do caf\u00e9 e de como ele foi descobertos por cabras na regi\u00e3o que hoje conhecemos por Eti\u00f3pia!\" \/>\n<meta name=\"robots\" content=\"index, follow, max-snippet:-1, max-image-preview:large, max-video-preview:-1\" \/>\n<link rel=\"canonical\" href=\"https:\/\/cafecampeiro.com.br\/en\/origem-do-cafe-a-lenda-de-kaldi\/\" \/>\n<meta property=\"og:locale\" content=\"en_US\" \/>\n<meta property=\"og:type\" content=\"article\" \/>\n<meta property=\"og:title\" content=\"A origem do caf\u00e9: A Lenda de Kaldi - Caf\u00e9 Campeiro\" \/>\n<meta property=\"og:description\" content=\"Descubra a surpreendente hist\u00f3ria da origem do caf\u00e9 e de como ele foi descobertos por cabras na regi\u00e3o que hoje conhecemos por Eti\u00f3pia!\" \/>\n<meta property=\"og:url\" content=\"https:\/\/cafecampeiro.com.br\/en\/origem-do-cafe-a-lenda-de-kaldi\/\" \/>\n<meta property=\"og:site_name\" content=\"Caf\u00e9 Campeiro\" \/>\n<meta property=\"article:published_time\" content=\"2023-01-01T22:00:41+00:00\" \/>\n<meta property=\"article:modified_time\" content=\"2023-12-06T13:11:04+00:00\" \/>\n<meta property=\"og:image\" content=\"https:\/\/cafecampeiro.com.br\/wp-content\/uploads\/2022\/07\/a_lenda_de_kaldi_cabras.jpg\" \/>\n\t<meta property=\"og:image:width\" content=\"1000\" \/>\n\t<meta property=\"og:image:height\" content=\"461\" \/>\n\t<meta property=\"og:image:type\" content=\"image\/jpeg\" \/>\n<meta name=\"author\" content=\"admin\" \/>\n<meta name=\"twitter:card\" content=\"summary_large_image\" \/>\n<meta name=\"twitter:label1\" content=\"Written by\" \/>\n\t<meta name=\"twitter:data1\" content=\"admin\" \/>\n\t<meta name=\"twitter:label2\" content=\"Est. reading time\" \/>\n\t<meta name=\"twitter:data2\" content=\"2 minutes\" \/>\n<script type=\"application\/ld+json\" class=\"yoast-schema-graph\">{\"@context\":\"https:\\\/\\\/schema.org\",\"@graph\":[{\"@type\":\"Article\",\"@id\":\"https:\\\/\\\/cafecampeiro.com.br\\\/origem-do-cafe-a-lenda-de-kaldi\\\/#article\",\"isPartOf\":{\"@id\":\"https:\\\/\\\/cafecampeiro.com.br\\\/origem-do-cafe-a-lenda-de-kaldi\\\/\"},\"author\":{\"name\":\"admin\",\"@id\":\"https:\\\/\\\/cafecampeiro.com.br\\\/#\\\/schema\\\/person\\\/477462e6610d5050256658c3670001ef\"},\"headline\":\"A origem do caf\u00e9: A Lenda de Kaldi\",\"datePublished\":\"2023-01-01T22:00:41+00:00\",\"dateModified\":\"2023-12-06T13:11:04+00:00\",\"mainEntityOfPage\":{\"@id\":\"https:\\\/\\\/cafecampeiro.com.br\\\/origem-do-cafe-a-lenda-de-kaldi\\\/\"},\"wordCount\":316,\"commentCount\":5,\"image\":{\"@id\":\"https:\\\/\\\/cafecampeiro.com.br\\\/origem-do-cafe-a-lenda-de-kaldi\\\/#primaryimage\"},\"thumbnailUrl\":\"https:\\\/\\\/cafecampeiro.com.br\\\/wp-content\\\/uploads\\\/2022\\\/07\\\/a_lenda_de_kaldi_cabras.jpg\",\"keywords\":[\"a lenda de kaldi\",\"cabras caf\u00e9\",\"caf\u00e9 especial\",\"hist\u00f3ria do caf\u00e9\",\"kaldi\",\"o caf\u00e9 no mundo\",\"o come\u00e7o do caf\u00e9\",\"origem do caf\u00e9\"],\"articleSection\":[\"Caf\u00e9 no Mundo\"],\"inLanguage\":\"en-US\",\"potentialAction\":[{\"@type\":\"CommentAction\",\"name\":\"Comment\",\"target\":[\"https:\\\/\\\/cafecampeiro.com.br\\\/origem-do-cafe-a-lenda-de-kaldi\\\/#respond\"]}]},{\"@type\":\"WebPage\",\"@id\":\"https:\\\/\\\/cafecampeiro.com.br\\\/origem-do-cafe-a-lenda-de-kaldi\\\/\",\"url\":\"https:\\\/\\\/cafecampeiro.com.br\\\/origem-do-cafe-a-lenda-de-kaldi\\\/\",\"name\":\"A origem do caf\u00e9: A Lenda de Kaldi - Caf\u00e9 Campeiro\",\"isPartOf\":{\"@id\":\"https:\\\/\\\/cafecampeiro.com.br\\\/#website\"},\"primaryImageOfPage\":{\"@id\":\"https:\\\/\\\/cafecampeiro.com.br\\\/origem-do-cafe-a-lenda-de-kaldi\\\/#primaryimage\"},\"image\":{\"@id\":\"https:\\\/\\\/cafecampeiro.com.br\\\/origem-do-cafe-a-lenda-de-kaldi\\\/#primaryimage\"},\"thumbnailUrl\":\"https:\\\/\\\/cafecampeiro.com.br\\\/wp-content\\\/uploads\\\/2022\\\/07\\\/a_lenda_de_kaldi_cabras.jpg\",\"datePublished\":\"2023-01-01T22:00:41+00:00\",\"dateModified\":\"2023-12-06T13:11:04+00:00\",\"author\":{\"@id\":\"https:\\\/\\\/cafecampeiro.com.br\\\/#\\\/schema\\\/person\\\/477462e6610d5050256658c3670001ef\"},\"description\":\"Descubra a surpreendente hist\u00f3ria da origem do caf\u00e9 e de como ele foi descobertos por cabras na regi\u00e3o que hoje conhecemos por Eti\u00f3pia!\",\"breadcrumb\":{\"@id\":\"https:\\\/\\\/cafecampeiro.com.br\\\/origem-do-cafe-a-lenda-de-kaldi\\\/#breadcrumb\"},\"inLanguage\":\"en-US\",\"potentialAction\":[{\"@type\":\"ReadAction\",\"target\":[\"https:\\\/\\\/cafecampeiro.com.br\\\/origem-do-cafe-a-lenda-de-kaldi\\\/\"]}]},{\"@type\":\"ImageObject\",\"inLanguage\":\"en-US\",\"@id\":\"https:\\\/\\\/cafecampeiro.com.br\\\/origem-do-cafe-a-lenda-de-kaldi\\\/#primaryimage\",\"url\":\"https:\\\/\\\/cafecampeiro.com.br\\\/wp-content\\\/uploads\\\/2022\\\/07\\\/a_lenda_de_kaldi_cabras.jpg\",\"contentUrl\":\"https:\\\/\\\/cafecampeiro.com.br\\\/wp-content\\\/uploads\\\/2022\\\/07\\\/a_lenda_de_kaldi_cabras.jpg\",\"width\":1000,\"height\":461,\"caption\":\"A lenda de Kaldi - Origem do Caf\u00e9\"},{\"@type\":\"BreadcrumbList\",\"@id\":\"https:\\\/\\\/cafecampeiro.com.br\\\/origem-do-cafe-a-lenda-de-kaldi\\\/#breadcrumb\",\"itemListElement\":[{\"@type\":\"ListItem\",\"position\":1,\"name\":\"In\u00edcio\",\"item\":\"https:\\\/\\\/cafecampeiro.com.br\\\/\"},{\"@type\":\"ListItem\",\"position\":2,\"name\":\"A origem do caf\u00e9: A Lenda de Kaldi\"}]},{\"@type\":\"WebSite\",\"@id\":\"https:\\\/\\\/cafecampeiro.com.br\\\/#website\",\"url\":\"https:\\\/\\\/cafecampeiro.com.br\\\/\",\"name\":\"Caf\u00e9 Campeiro\",\"description\":\"Caf\u00e9 Campeiro\",\"potentialAction\":[{\"@type\":\"SearchAction\",\"target\":{\"@type\":\"EntryPoint\",\"urlTemplate\":\"https:\\\/\\\/cafecampeiro.com.br\\\/?s={search_term_string}\"},\"query-input\":{\"@type\":\"PropertyValueSpecification\",\"valueRequired\":true,\"valueName\":\"search_term_string\"}}],\"inLanguage\":\"en-US\"},{\"@type\":\"Person\",\"@id\":\"https:\\\/\\\/cafecampeiro.com.br\\\/#\\\/schema\\\/person\\\/477462e6610d5050256658c3670001ef\",\"name\":\"admin\",\"image\":{\"@type\":\"ImageObject\",\"inLanguage\":\"en-US\",\"@id\":\"https:\\\/\\\/secure.gravatar.com\\\/avatar\\\/3e86018f5fbaae87cd3ec3e2d6e8323ebed11214a5a8a28824e3f5442932319f?s=96&d=mm&r=g\",\"url\":\"https:\\\/\\\/secure.gravatar.com\\\/avatar\\\/3e86018f5fbaae87cd3ec3e2d6e8323ebed11214a5a8a28824e3f5442932319f?s=96&d=mm&r=g\",\"contentUrl\":\"https:\\\/\\\/secure.gravatar.com\\\/avatar\\\/3e86018f5fbaae87cd3ec3e2d6e8323ebed11214a5a8a28824e3f5442932319f?s=96&d=mm&r=g\",\"caption\":\"admin\"},\"sameAs\":[\"https:\\\/\\\/cafecampeiro.com.br\"],\"url\":\"https:\\\/\\\/cafecampeiro.com.br\\\/en\\\/author\\\/admin\\\/\"}]}<\/script>\n<!-- \/ Yoast SEO plugin. -->","yoast_head_json":{"title":"A origem do caf\u00e9: A Lenda de Kaldi - Caf\u00e9 Campeiro","description":"Descubra a surpreendente hist\u00f3ria da origem do caf\u00e9 e de como ele foi descobertos por cabras na regi\u00e3o que hoje conhecemos por Eti\u00f3pia!","robots":{"index":"index","follow":"follow","max-snippet":"max-snippet:-1","max-image-preview":"max-image-preview:large","max-video-preview":"max-video-preview:-1"},"canonical":"https:\/\/cafecampeiro.com.br\/en\/origem-do-cafe-a-lenda-de-kaldi\/","og_locale":"en_US","og_type":"article","og_title":"A origem do caf\u00e9: A Lenda de Kaldi - Caf\u00e9 Campeiro","og_description":"Descubra a surpreendente hist\u00f3ria da origem do caf\u00e9 e de como ele foi descobertos por cabras na regi\u00e3o que hoje conhecemos por Eti\u00f3pia!","og_url":"https:\/\/cafecampeiro.com.br\/en\/origem-do-cafe-a-lenda-de-kaldi\/","og_site_name":"Caf\u00e9 Campeiro","article_published_time":"2023-01-01T22:00:41+00:00","article_modified_time":"2023-12-06T13:11:04+00:00","og_image":[{"width":1000,"height":461,"url":"https:\/\/cafecampeiro.com.br\/wp-content\/uploads\/2022\/07\/a_lenda_de_kaldi_cabras.jpg","type":"image\/jpeg"}],"author":"admin","twitter_card":"summary_large_image","twitter_misc":{"Written by":"admin","Est. reading time":"2 minutes"},"schema":{"@context":"https:\/\/schema.org","@graph":[{"@type":"Article","@id":"https:\/\/cafecampeiro.com.br\/origem-do-cafe-a-lenda-de-kaldi\/#article","isPartOf":{"@id":"https:\/\/cafecampeiro.com.br\/origem-do-cafe-a-lenda-de-kaldi\/"},"author":{"name":"admin","@id":"https:\/\/cafecampeiro.com.br\/#\/schema\/person\/477462e6610d5050256658c3670001ef"},"headline":"A origem do caf\u00e9: A Lenda de Kaldi","datePublished":"2023-01-01T22:00:41+00:00","dateModified":"2023-12-06T13:11:04+00:00","mainEntityOfPage":{"@id":"https:\/\/cafecampeiro.com.br\/origem-do-cafe-a-lenda-de-kaldi\/"},"wordCount":316,"commentCount":5,"image":{"@id":"https:\/\/cafecampeiro.com.br\/origem-do-cafe-a-lenda-de-kaldi\/#primaryimage"},"thumbnailUrl":"https:\/\/cafecampeiro.com.br\/wp-content\/uploads\/2022\/07\/a_lenda_de_kaldi_cabras.jpg","keywords":["a lenda de kaldi","cabras caf\u00e9","caf\u00e9 especial","hist\u00f3ria do caf\u00e9","kaldi","o caf\u00e9 no mundo","o come\u00e7o do caf\u00e9","origem do caf\u00e9"],"articleSection":["Caf\u00e9 no Mundo"],"inLanguage":"en-US","potentialAction":[{"@type":"CommentAction","name":"Comment","target":["https:\/\/cafecampeiro.com.br\/origem-do-cafe-a-lenda-de-kaldi\/#respond"]}]},{"@type":"WebPage","@id":"https:\/\/cafecampeiro.com.br\/origem-do-cafe-a-lenda-de-kaldi\/","url":"https:\/\/cafecampeiro.com.br\/origem-do-cafe-a-lenda-de-kaldi\/","name":"A origem do caf\u00e9: A Lenda de Kaldi - Caf\u00e9 Campeiro","isPartOf":{"@id":"https:\/\/cafecampeiro.com.br\/#website"},"primaryImageOfPage":{"@id":"https:\/\/cafecampeiro.com.br\/origem-do-cafe-a-lenda-de-kaldi\/#primaryimage"},"image":{"@id":"https:\/\/cafecampeiro.com.br\/origem-do-cafe-a-lenda-de-kaldi\/#primaryimage"},"thumbnailUrl":"https:\/\/cafecampeiro.com.br\/wp-content\/uploads\/2022\/07\/a_lenda_de_kaldi_cabras.jpg","datePublished":"2023-01-01T22:00:41+00:00","dateModified":"2023-12-06T13:11:04+00:00","author":{"@id":"https:\/\/cafecampeiro.com.br\/#\/schema\/person\/477462e6610d5050256658c3670001ef"},"description":"Descubra a surpreendente hist\u00f3ria da origem do caf\u00e9 e de como ele foi descobertos por cabras na regi\u00e3o que hoje conhecemos por Eti\u00f3pia!","breadcrumb":{"@id":"https:\/\/cafecampeiro.com.br\/origem-do-cafe-a-lenda-de-kaldi\/#breadcrumb"},"inLanguage":"en-US","potentialAction":[{"@type":"ReadAction","target":["https:\/\/cafecampeiro.com.br\/origem-do-cafe-a-lenda-de-kaldi\/"]}]},{"@type":"ImageObject","inLanguage":"en-US","@id":"https:\/\/cafecampeiro.com.br\/origem-do-cafe-a-lenda-de-kaldi\/#primaryimage","url":"https:\/\/cafecampeiro.com.br\/wp-content\/uploads\/2022\/07\/a_lenda_de_kaldi_cabras.jpg","contentUrl":"https:\/\/cafecampeiro.com.br\/wp-content\/uploads\/2022\/07\/a_lenda_de_kaldi_cabras.jpg","width":1000,"height":461,"caption":"A lenda de Kaldi - Origem do Caf\u00e9"},{"@type":"BreadcrumbList","@id":"https:\/\/cafecampeiro.com.br\/origem-do-cafe-a-lenda-de-kaldi\/#breadcrumb","itemListElement":[{"@type":"ListItem","position":1,"name":"In\u00edcio","item":"https:\/\/cafecampeiro.com.br\/"},{"@type":"ListItem","position":2,"name":"A origem do caf\u00e9: A Lenda de Kaldi"}]},{"@type":"WebSite","@id":"https:\/\/cafecampeiro.com.br\/#website","url":"https:\/\/cafecampeiro.com.br\/","name":"Caf\u00e9 Campeiro","description":"Caf\u00e9 Campeiro","potentialAction":[{"@type":"SearchAction","target":{"@type":"EntryPoint","urlTemplate":"https:\/\/cafecampeiro.com.br\/?s={search_term_string}"},"query-input":{"@type":"PropertyValueSpecification","valueRequired":true,"valueName":"search_term_string"}}],"inLanguage":"en-US"},{"@type":"Person","@id":"https:\/\/cafecampeiro.com.br\/#\/schema\/person\/477462e6610d5050256658c3670001ef","name":"admin","image":{"@type":"ImageObject","inLanguage":"en-US","@id":"https:\/\/secure.gravatar.com\/avatar\/3e86018f5fbaae87cd3ec3e2d6e8323ebed11214a5a8a28824e3f5442932319f?s=96&d=mm&r=g","url":"https:\/\/secure.gravatar.com\/avatar\/3e86018f5fbaae87cd3ec3e2d6e8323ebed11214a5a8a28824e3f5442932319f?s=96&d=mm&r=g","contentUrl":"https:\/\/secure.gravatar.com\/avatar\/3e86018f5fbaae87cd3ec3e2d6e8323ebed11214a5a8a28824e3f5442932319f?s=96&d=mm&r=g","caption":"admin"},"sameAs":["https:\/\/cafecampeiro.com.br"],"url":"https:\/\/cafecampeiro.com.br\/en\/author\/admin\/"}]}},"jetpack_featured_media_url":"https:\/\/cafecampeiro.com.br\/wp-content\/uploads\/2022\/07\/a_lenda_de_kaldi_cabras.jpg","jetpack_sharing_enabled":true,"_links":{"self":[{"href":"https:\/\/cafecampeiro.com.br\/en\/wp-json\/wp\/v2\/posts\/1","targetHints":{"allow":["GET"]}}],"collection":[{"href":"https:\/\/cafecampeiro.com.br\/en\/wp-json\/wp\/v2\/posts"}],"about":[{"href":"https:\/\/cafecampeiro.com.br\/en\/wp-json\/wp\/v2\/types\/post"}],"author":[{"embeddable":true,"href":"https:\/\/cafecampeiro.com.br\/en\/wp-json\/wp\/v2\/users\/1"}],"replies":[{"embeddable":true,"href":"https:\/\/cafecampeiro.com.br\/en\/wp-json\/wp\/v2\/comments?post=1"}],"version-history":[{"count":0,"href":"https:\/\/cafecampeiro.com.br\/en\/wp-json\/wp\/v2\/posts\/1\/revisions"}],"wp:featuredmedia":[{"embeddable":true,"href":"https:\/\/cafecampeiro.com.br\/en\/wp-json\/wp\/v2\/media\/3605"}],"wp:attachment":[{"href":"https:\/\/cafecampeiro.com.br\/en\/wp-json\/wp\/v2\/media?parent=1"}],"wp:term":[{"taxonomy":"category","embeddable":true,"href":"https:\/\/cafecampeiro.com.br\/en\/wp-json\/wp\/v2\/categories?post=1"},{"taxonomy":"post_tag","embeddable":true,"href":"https:\/\/cafecampeiro.com.br\/en\/wp-json\/wp\/v2\/tags?post=1"}],"curies":[{"name":"wp","href":"https:\/\/api.w.org\/{rel}","templated":true}]}}