{"id":1609,"date":"2023-01-01T19:01:40","date_gmt":"2023-01-01T22:01:40","guid":{"rendered":"https:\/\/cafecampeiro.com.br\/?p=1609"},"modified":"2023-12-06T10:11:17","modified_gmt":"2023-12-06T13:11:17","slug":"etiopia-o-berco-do-cafe","status":"publish","type":"post","link":"https:\/\/cafecampeiro.com.br\/en\/etiopia-o-berco-do-cafe\/","title":{"rendered":"Eti\u00f3pia &#8211; O ber\u00e7o do caf\u00e9"},"content":{"rendered":"<p><span style=\"font-weight: 400;\">O in\u00edcio da hist\u00f3ria do caf\u00e9 remonta h\u00e1 centenas de anos na <strong>Eti\u00f3pia<\/strong>, onde a planta era inicialmente conhecida como <strong>bunn<\/strong>. Os et\u00edopes, que s\u00e3o conhecidos por sua inventividade, logo descobriram formas mais palat\u00e1veis de consumir a cafe\u00edna, preparando as folhas e frutos com \u00e1gua fervida para fazer uma esp\u00e9cie de ch\u00e1 fraco, misturando os gr\u00e3os com gordura animal para um lanche r\u00e1pido e energ\u00e9tico, fermentando a polpa para fazer vinho ou fazendo uma bebida doce chamada <\/span><i><span style=\"font-weight: 400;\">qishr<\/span><\/i><span style=\"font-weight: 400;\"> de cascas levemente torradas do fruto do caf\u00e9.<\/span><\/p>\n<p>&nbsp;<\/p>\n<h2>Bebida descrita por m\u00e9dicos<\/h2>\n<p><span style=\"font-weight: 400;\">Apesar de Rhazes, um m\u00e9dico persa do s\u00e9culo X, ter sido o primeiro a mencionar o caf\u00e9 em um impresso, provavelmente os et\u00edopes j\u00e1 ultivavam as \u00e1rvores de caf\u00e9 deliberadamente por centenas de anos. Outro m\u00e9dico \u00e1rabe, Avicenna, escreveu sobre uma bebida chamada <\/span><i><span style=\"font-weight: 400;\">bunchum<\/span><\/i><span style=\"font-weight: 400;\">, que ele acreditava ter vindo de uma raiz.<\/span><\/p>\n<p><span style=\"font-weight: 400;\">Embora esses m\u00e9dicos possam ter escrito sobre algum tipo de caf\u00e9, eles n\u00e3o estavam descrevendo nossa bebida preparada. Foi somente no <strong>s\u00e9culo XV<\/strong> que algu\u00e9m torrou os gr\u00e3os, moeu-os e fez uma infus\u00e3o, criando finalmente o caf\u00e9 como o conhecemos hoje.<\/span><\/p>\n<p><span style=\"font-weight: 400;\">Os et\u00edopes ainda hoje mant\u00eam uma cerim\u00f4nia elaborada para servir caf\u00e9, que geralmente leva quase uma hora. Limpam os gr\u00e3os crus de caf\u00e9 cuidadosamente de sua pel\u00edcula prateada, e depois torrados em uma chapa de ferro sobre brasas quentes. O aroma \u00e9 <strong>ex\u00f3tico<\/strong> e <strong>avassalador<\/strong>, servem a bebida em pequenas x\u00edcaras sem al\u00e7as, junto com uma colher de a\u00e7\u00facar. O caf\u00e9 \u00e9 espesso e tem um pouco de sedimento suspenso na bebida. A cerim\u00f4nia do caf\u00e9 na Eti\u00f3pia \u00e9 uma tradi\u00e7\u00e3o <strong>rica em hist\u00f3ria e cultura<\/strong> e pode levar mais de uma hora.<\/span><\/p>\n<p>&nbsp;<\/p>\n<h2>Caf\u00e9 na Eti\u00f3pia &#8211; Uma bebida valorizada<\/h2>\n<p><span style=\"font-weight: 400;\">Com essa hist\u00f3ria, n\u00e3o \u00e9 dif\u00edcil entender porque o caf\u00e9 \u00e9 t\u00e3o valorizado na Eti\u00f3pia e em todo o mundo. Se voc\u00ea ainda n\u00e3o experimentou <strong>um bom caf\u00e9<\/strong>, agora \u00e9 a hora! <a href=\"https:\/\/cafecampeiro.com.br\/en\/product-category\/cafe\/\"><strong>Acesse aqui<\/strong><\/a> o site do <strong>Caf\u00e9 Campeiro<\/strong> e aproveite o sabor inesquec\u00edvel de uma das bebidas mais populares do mundo.<\/span><\/p>\n<p><span style=\"font-weight: 400;\">E agora que voc\u00ea sabe um pouco mais sobre a origem do caf\u00e9, <strong>que tal compartilhar essa hist\u00f3ria<\/strong> com aquele amigo ou familiar que adora um cafezinho? Aproveite tamb\u00e9m para conhecer mais sobre o percurso do caf\u00e9 no mundo: <a href=\"https:\/\/cafecampeiro.com.br\/en\/do-iemen-para-o-mundo-arabe\/\"><strong>veja<\/strong> <strong>aqui<\/strong><\/a> o terceiro post da s\u00e9rie <\/span><a href=\"https:\/\/cafecampeiro.com.br\/en\/category\/cafe-no-mundo\/\"><b>Caf\u00e9 no Mundo<\/b><\/a><span style=\"font-weight: 400;\"> e descubra como o caf\u00e9 saiu do <a href=\"https:\/\/pt.wikipedia.org\/wiki\/I%C3%A9men\"><strong>I\u00eamen<\/strong><\/a> e se espalhou pelo mundo \u00e1rabe!<\/span><\/p>","protected":false},"excerpt":{"rendered":"<p>O in\u00edcio da hist\u00f3ria do caf\u00e9 remonta h\u00e1 centenas de anos na Eti\u00f3pia, onde a planta era inicialmente conhecida como bunn. Os et\u00edopes, que s\u00e3o conhecidos por sua inventividade, logo descobriram formas mais palat\u00e1veis de consumir a cafe\u00edna, preparando as folhas e frutos com \u00e1gua fervida para fazer uma esp\u00e9cie de ch\u00e1 fraco, misturando os [&hellip;]<\/p>","protected":false},"author":1,"featured_media":3608,"comment_status":"open","ping_status":"open","sticky":false,"template":"","format":"standard","meta":{"_jetpack_memberships_contains_paid_content":false,"footnotes":""},"categories":[68],"tags":[100,102,101,93,95,99,94],"class_list":["post-1609","post","type-post","status-publish","format-standard","has-post-thumbnail","hentry","category-cafe-no-mundo","tag-berco-do-cafe","tag-cafe-etiope","tag-cafe-na-etiopia","tag-historia-do-cafe","tag-o-cafe-no-mundo","tag-o-comeco-do-cafe","tag-origem-do-cafe"],"featured_image_src":{"landsacpe":["https:\/\/cafecampeiro.com.br\/wp-content\/uploads\/2022\/08\/etiopia_o_berco_do_cafe-1000x445.jpg",1000,445,true],"list":["https:\/\/cafecampeiro.com.br\/wp-content\/uploads\/2022\/08\/etiopia_o_berco_do_cafe-463x348.jpg",463,348,true],"medium":["https:\/\/cafecampeiro.com.br\/wp-content\/uploads\/2022\/08\/etiopia_o_berco_do_cafe-300x138.jpg",300,138,true],"full":["https:\/\/cafecampeiro.com.br\/wp-content\/uploads\/2022\/08\/etiopia_o_berco_do_cafe.jpg",1000,461,false]},"yoast_head":"<!-- This site is optimized with the Yoast SEO plugin v27.3 - https:\/\/yoast.com\/product\/yoast-seo-wordpress\/ -->\n<title>Eti\u00f3pia - O ber\u00e7o do caf\u00e9 - Caf\u00e9 Campeiro<\/title>\n<meta name=\"description\" content=\"Voc\u00ea sabia que o cafeeiro foi descoberto pelos povos origin\u00e1rios da Eti\u00f3pia? Conhe\u00e7a a incr\u00edvel hist\u00f3ria do caf\u00e9 na Eti\u00f3pia!\" \/>\n<meta name=\"robots\" content=\"index, follow, max-snippet:-1, max-image-preview:large, max-video-preview:-1\" \/>\n<link rel=\"canonical\" href=\"https:\/\/cafecampeiro.com.br\/en\/etiopia-o-berco-do-cafe\/\" \/>\n<meta property=\"og:locale\" content=\"en_US\" \/>\n<meta property=\"og:type\" content=\"article\" \/>\n<meta property=\"og:title\" content=\"Eti\u00f3pia - O ber\u00e7o do caf\u00e9 - Caf\u00e9 Campeiro\" \/>\n<meta property=\"og:description\" content=\"Voc\u00ea sabia que o cafeeiro foi descoberto pelos povos origin\u00e1rios da Eti\u00f3pia? Conhe\u00e7a a incr\u00edvel hist\u00f3ria do caf\u00e9 na Eti\u00f3pia!\" \/>\n<meta property=\"og:url\" content=\"https:\/\/cafecampeiro.com.br\/en\/etiopia-o-berco-do-cafe\/\" \/>\n<meta property=\"og:site_name\" content=\"Caf\u00e9 Campeiro\" \/>\n<meta property=\"article:published_time\" content=\"2023-01-01T22:01:40+00:00\" \/>\n<meta property=\"article:modified_time\" content=\"2023-12-06T13:11:17+00:00\" \/>\n<meta property=\"og:image\" content=\"https:\/\/cafecampeiro.com.br\/wp-content\/uploads\/2022\/08\/etiopia_o_berco_do_cafe.jpg\" \/>\n\t<meta property=\"og:image:width\" content=\"1000\" \/>\n\t<meta property=\"og:image:height\" content=\"461\" \/>\n\t<meta property=\"og:image:type\" content=\"image\/jpeg\" \/>\n<meta name=\"author\" content=\"admin\" \/>\n<meta name=\"twitter:card\" content=\"summary_large_image\" \/>\n<meta name=\"twitter:label1\" content=\"Written by\" \/>\n\t<meta name=\"twitter:data1\" content=\"admin\" \/>\n\t<meta name=\"twitter:label2\" content=\"Est. reading time\" \/>\n\t<meta name=\"twitter:data2\" content=\"3 minutes\" \/>\n<script type=\"application\/ld+json\" class=\"yoast-schema-graph\">{\"@context\":\"https:\\\/\\\/schema.org\",\"@graph\":[{\"@type\":\"Article\",\"@id\":\"https:\\\/\\\/cafecampeiro.com.br\\\/etiopia-o-berco-do-cafe\\\/#article\",\"isPartOf\":{\"@id\":\"https:\\\/\\\/cafecampeiro.com.br\\\/etiopia-o-berco-do-cafe\\\/\"},\"author\":{\"name\":\"admin\",\"@id\":\"https:\\\/\\\/cafecampeiro.com.br\\\/#\\\/schema\\\/person\\\/477462e6610d5050256658c3670001ef\"},\"headline\":\"Eti\u00f3pia &#8211; O ber\u00e7o do caf\u00e9\",\"datePublished\":\"2023-01-01T22:01:40+00:00\",\"dateModified\":\"2023-12-06T13:11:17+00:00\",\"mainEntityOfPage\":{\"@id\":\"https:\\\/\\\/cafecampeiro.com.br\\\/etiopia-o-berco-do-cafe\\\/\"},\"wordCount\":449,\"commentCount\":13,\"image\":{\"@id\":\"https:\\\/\\\/cafecampeiro.com.br\\\/etiopia-o-berco-do-cafe\\\/#primaryimage\"},\"thumbnailUrl\":\"https:\\\/\\\/cafecampeiro.com.br\\\/wp-content\\\/uploads\\\/2022\\\/08\\\/etiopia_o_berco_do_cafe.jpg\",\"keywords\":[\"ber\u00e7o do caf\u00e9\",\"caf\u00e9 et\u00edope\",\"caf\u00e9 na eti\u00f3pia\",\"hist\u00f3ria do caf\u00e9\",\"o caf\u00e9 no mundo\",\"o come\u00e7o do caf\u00e9\",\"origem do caf\u00e9\"],\"articleSection\":[\"Caf\u00e9 no Mundo\"],\"inLanguage\":\"en-US\",\"potentialAction\":[{\"@type\":\"CommentAction\",\"name\":\"Comment\",\"target\":[\"https:\\\/\\\/cafecampeiro.com.br\\\/etiopia-o-berco-do-cafe\\\/#respond\"]}]},{\"@type\":\"WebPage\",\"@id\":\"https:\\\/\\\/cafecampeiro.com.br\\\/etiopia-o-berco-do-cafe\\\/\",\"url\":\"https:\\\/\\\/cafecampeiro.com.br\\\/etiopia-o-berco-do-cafe\\\/\",\"name\":\"Eti\u00f3pia - O ber\u00e7o do caf\u00e9 - Caf\u00e9 Campeiro\",\"isPartOf\":{\"@id\":\"https:\\\/\\\/cafecampeiro.com.br\\\/#website\"},\"primaryImageOfPage\":{\"@id\":\"https:\\\/\\\/cafecampeiro.com.br\\\/etiopia-o-berco-do-cafe\\\/#primaryimage\"},\"image\":{\"@id\":\"https:\\\/\\\/cafecampeiro.com.br\\\/etiopia-o-berco-do-cafe\\\/#primaryimage\"},\"thumbnailUrl\":\"https:\\\/\\\/cafecampeiro.com.br\\\/wp-content\\\/uploads\\\/2022\\\/08\\\/etiopia_o_berco_do_cafe.jpg\",\"datePublished\":\"2023-01-01T22:01:40+00:00\",\"dateModified\":\"2023-12-06T13:11:17+00:00\",\"author\":{\"@id\":\"https:\\\/\\\/cafecampeiro.com.br\\\/#\\\/schema\\\/person\\\/477462e6610d5050256658c3670001ef\"},\"description\":\"Voc\u00ea sabia que o cafeeiro foi descoberto pelos povos origin\u00e1rios da Eti\u00f3pia? Conhe\u00e7a a incr\u00edvel hist\u00f3ria do caf\u00e9 na Eti\u00f3pia!\",\"breadcrumb\":{\"@id\":\"https:\\\/\\\/cafecampeiro.com.br\\\/etiopia-o-berco-do-cafe\\\/#breadcrumb\"},\"inLanguage\":\"en-US\",\"potentialAction\":[{\"@type\":\"ReadAction\",\"target\":[\"https:\\\/\\\/cafecampeiro.com.br\\\/etiopia-o-berco-do-cafe\\\/\"]}]},{\"@type\":\"ImageObject\",\"inLanguage\":\"en-US\",\"@id\":\"https:\\\/\\\/cafecampeiro.com.br\\\/etiopia-o-berco-do-cafe\\\/#primaryimage\",\"url\":\"https:\\\/\\\/cafecampeiro.com.br\\\/wp-content\\\/uploads\\\/2022\\\/08\\\/etiopia_o_berco_do_cafe.jpg\",\"contentUrl\":\"https:\\\/\\\/cafecampeiro.com.br\\\/wp-content\\\/uploads\\\/2022\\\/08\\\/etiopia_o_berco_do_cafe.jpg\",\"width\":1000,\"height\":461,\"caption\":\"Eti\u00f3pia - O ber\u00e7o do Caf\u00e9\"},{\"@type\":\"BreadcrumbList\",\"@id\":\"https:\\\/\\\/cafecampeiro.com.br\\\/etiopia-o-berco-do-cafe\\\/#breadcrumb\",\"itemListElement\":[{\"@type\":\"ListItem\",\"position\":1,\"name\":\"In\u00edcio\",\"item\":\"https:\\\/\\\/cafecampeiro.com.br\\\/\"},{\"@type\":\"ListItem\",\"position\":2,\"name\":\"Eti\u00f3pia &#8211; O ber\u00e7o do caf\u00e9\"}]},{\"@type\":\"WebSite\",\"@id\":\"https:\\\/\\\/cafecampeiro.com.br\\\/#website\",\"url\":\"https:\\\/\\\/cafecampeiro.com.br\\\/\",\"name\":\"Caf\u00e9 Campeiro\",\"description\":\"Caf\u00e9 Campeiro\",\"potentialAction\":[{\"@type\":\"SearchAction\",\"target\":{\"@type\":\"EntryPoint\",\"urlTemplate\":\"https:\\\/\\\/cafecampeiro.com.br\\\/?s={search_term_string}\"},\"query-input\":{\"@type\":\"PropertyValueSpecification\",\"valueRequired\":true,\"valueName\":\"search_term_string\"}}],\"inLanguage\":\"en-US\"},{\"@type\":\"Person\",\"@id\":\"https:\\\/\\\/cafecampeiro.com.br\\\/#\\\/schema\\\/person\\\/477462e6610d5050256658c3670001ef\",\"name\":\"admin\",\"image\":{\"@type\":\"ImageObject\",\"inLanguage\":\"en-US\",\"@id\":\"https:\\\/\\\/secure.gravatar.com\\\/avatar\\\/3e86018f5fbaae87cd3ec3e2d6e8323ebed11214a5a8a28824e3f5442932319f?s=96&d=mm&r=g\",\"url\":\"https:\\\/\\\/secure.gravatar.com\\\/avatar\\\/3e86018f5fbaae87cd3ec3e2d6e8323ebed11214a5a8a28824e3f5442932319f?s=96&d=mm&r=g\",\"contentUrl\":\"https:\\\/\\\/secure.gravatar.com\\\/avatar\\\/3e86018f5fbaae87cd3ec3e2d6e8323ebed11214a5a8a28824e3f5442932319f?s=96&d=mm&r=g\",\"caption\":\"admin\"},\"sameAs\":[\"https:\\\/\\\/cafecampeiro.com.br\"],\"url\":\"https:\\\/\\\/cafecampeiro.com.br\\\/en\\\/author\\\/admin\\\/\"}]}<\/script>\n<!-- \/ Yoast SEO plugin. -->","yoast_head_json":{"title":"Eti\u00f3pia - O ber\u00e7o do caf\u00e9 - Caf\u00e9 Campeiro","description":"Voc\u00ea sabia que o cafeeiro foi descoberto pelos povos origin\u00e1rios da Eti\u00f3pia? Conhe\u00e7a a incr\u00edvel hist\u00f3ria do caf\u00e9 na Eti\u00f3pia!","robots":{"index":"index","follow":"follow","max-snippet":"max-snippet:-1","max-image-preview":"max-image-preview:large","max-video-preview":"max-video-preview:-1"},"canonical":"https:\/\/cafecampeiro.com.br\/en\/etiopia-o-berco-do-cafe\/","og_locale":"en_US","og_type":"article","og_title":"Eti\u00f3pia - O ber\u00e7o do caf\u00e9 - Caf\u00e9 Campeiro","og_description":"Voc\u00ea sabia que o cafeeiro foi descoberto pelos povos origin\u00e1rios da Eti\u00f3pia? Conhe\u00e7a a incr\u00edvel hist\u00f3ria do caf\u00e9 na Eti\u00f3pia!","og_url":"https:\/\/cafecampeiro.com.br\/en\/etiopia-o-berco-do-cafe\/","og_site_name":"Caf\u00e9 Campeiro","article_published_time":"2023-01-01T22:01:40+00:00","article_modified_time":"2023-12-06T13:11:17+00:00","og_image":[{"width":1000,"height":461,"url":"https:\/\/cafecampeiro.com.br\/wp-content\/uploads\/2022\/08\/etiopia_o_berco_do_cafe.jpg","type":"image\/jpeg"}],"author":"admin","twitter_card":"summary_large_image","twitter_misc":{"Written by":"admin","Est. reading time":"3 minutes"},"schema":{"@context":"https:\/\/schema.org","@graph":[{"@type":"Article","@id":"https:\/\/cafecampeiro.com.br\/etiopia-o-berco-do-cafe\/#article","isPartOf":{"@id":"https:\/\/cafecampeiro.com.br\/etiopia-o-berco-do-cafe\/"},"author":{"name":"admin","@id":"https:\/\/cafecampeiro.com.br\/#\/schema\/person\/477462e6610d5050256658c3670001ef"},"headline":"Eti\u00f3pia &#8211; O ber\u00e7o do caf\u00e9","datePublished":"2023-01-01T22:01:40+00:00","dateModified":"2023-12-06T13:11:17+00:00","mainEntityOfPage":{"@id":"https:\/\/cafecampeiro.com.br\/etiopia-o-berco-do-cafe\/"},"wordCount":449,"commentCount":13,"image":{"@id":"https:\/\/cafecampeiro.com.br\/etiopia-o-berco-do-cafe\/#primaryimage"},"thumbnailUrl":"https:\/\/cafecampeiro.com.br\/wp-content\/uploads\/2022\/08\/etiopia_o_berco_do_cafe.jpg","keywords":["ber\u00e7o do caf\u00e9","caf\u00e9 et\u00edope","caf\u00e9 na eti\u00f3pia","hist\u00f3ria do caf\u00e9","o caf\u00e9 no mundo","o come\u00e7o do caf\u00e9","origem do caf\u00e9"],"articleSection":["Caf\u00e9 no Mundo"],"inLanguage":"en-US","potentialAction":[{"@type":"CommentAction","name":"Comment","target":["https:\/\/cafecampeiro.com.br\/etiopia-o-berco-do-cafe\/#respond"]}]},{"@type":"WebPage","@id":"https:\/\/cafecampeiro.com.br\/etiopia-o-berco-do-cafe\/","url":"https:\/\/cafecampeiro.com.br\/etiopia-o-berco-do-cafe\/","name":"Eti\u00f3pia - O ber\u00e7o do caf\u00e9 - Caf\u00e9 Campeiro","isPartOf":{"@id":"https:\/\/cafecampeiro.com.br\/#website"},"primaryImageOfPage":{"@id":"https:\/\/cafecampeiro.com.br\/etiopia-o-berco-do-cafe\/#primaryimage"},"image":{"@id":"https:\/\/cafecampeiro.com.br\/etiopia-o-berco-do-cafe\/#primaryimage"},"thumbnailUrl":"https:\/\/cafecampeiro.com.br\/wp-content\/uploads\/2022\/08\/etiopia_o_berco_do_cafe.jpg","datePublished":"2023-01-01T22:01:40+00:00","dateModified":"2023-12-06T13:11:17+00:00","author":{"@id":"https:\/\/cafecampeiro.com.br\/#\/schema\/person\/477462e6610d5050256658c3670001ef"},"description":"Voc\u00ea sabia que o cafeeiro foi descoberto pelos povos origin\u00e1rios da Eti\u00f3pia? Conhe\u00e7a a incr\u00edvel hist\u00f3ria do caf\u00e9 na Eti\u00f3pia!","breadcrumb":{"@id":"https:\/\/cafecampeiro.com.br\/etiopia-o-berco-do-cafe\/#breadcrumb"},"inLanguage":"en-US","potentialAction":[{"@type":"ReadAction","target":["https:\/\/cafecampeiro.com.br\/etiopia-o-berco-do-cafe\/"]}]},{"@type":"ImageObject","inLanguage":"en-US","@id":"https:\/\/cafecampeiro.com.br\/etiopia-o-berco-do-cafe\/#primaryimage","url":"https:\/\/cafecampeiro.com.br\/wp-content\/uploads\/2022\/08\/etiopia_o_berco_do_cafe.jpg","contentUrl":"https:\/\/cafecampeiro.com.br\/wp-content\/uploads\/2022\/08\/etiopia_o_berco_do_cafe.jpg","width":1000,"height":461,"caption":"Eti\u00f3pia - O ber\u00e7o do Caf\u00e9"},{"@type":"BreadcrumbList","@id":"https:\/\/cafecampeiro.com.br\/etiopia-o-berco-do-cafe\/#breadcrumb","itemListElement":[{"@type":"ListItem","position":1,"name":"In\u00edcio","item":"https:\/\/cafecampeiro.com.br\/"},{"@type":"ListItem","position":2,"name":"Eti\u00f3pia &#8211; O ber\u00e7o do caf\u00e9"}]},{"@type":"WebSite","@id":"https:\/\/cafecampeiro.com.br\/#website","url":"https:\/\/cafecampeiro.com.br\/","name":"Caf\u00e9 Campeiro","description":"Caf\u00e9 Campeiro","potentialAction":[{"@type":"SearchAction","target":{"@type":"EntryPoint","urlTemplate":"https:\/\/cafecampeiro.com.br\/?s={search_term_string}"},"query-input":{"@type":"PropertyValueSpecification","valueRequired":true,"valueName":"search_term_string"}}],"inLanguage":"en-US"},{"@type":"Person","@id":"https:\/\/cafecampeiro.com.br\/#\/schema\/person\/477462e6610d5050256658c3670001ef","name":"admin","image":{"@type":"ImageObject","inLanguage":"en-US","@id":"https:\/\/secure.gravatar.com\/avatar\/3e86018f5fbaae87cd3ec3e2d6e8323ebed11214a5a8a28824e3f5442932319f?s=96&d=mm&r=g","url":"https:\/\/secure.gravatar.com\/avatar\/3e86018f5fbaae87cd3ec3e2d6e8323ebed11214a5a8a28824e3f5442932319f?s=96&d=mm&r=g","contentUrl":"https:\/\/secure.gravatar.com\/avatar\/3e86018f5fbaae87cd3ec3e2d6e8323ebed11214a5a8a28824e3f5442932319f?s=96&d=mm&r=g","caption":"admin"},"sameAs":["https:\/\/cafecampeiro.com.br"],"url":"https:\/\/cafecampeiro.com.br\/en\/author\/admin\/"}]}},"jetpack_featured_media_url":"https:\/\/cafecampeiro.com.br\/wp-content\/uploads\/2022\/08\/etiopia_o_berco_do_cafe.jpg","jetpack_sharing_enabled":true,"_links":{"self":[{"href":"https:\/\/cafecampeiro.com.br\/en\/wp-json\/wp\/v2\/posts\/1609","targetHints":{"allow":["GET"]}}],"collection":[{"href":"https:\/\/cafecampeiro.com.br\/en\/wp-json\/wp\/v2\/posts"}],"about":[{"href":"https:\/\/cafecampeiro.com.br\/en\/wp-json\/wp\/v2\/types\/post"}],"author":[{"embeddable":true,"href":"https:\/\/cafecampeiro.com.br\/en\/wp-json\/wp\/v2\/users\/1"}],"replies":[{"embeddable":true,"href":"https:\/\/cafecampeiro.com.br\/en\/wp-json\/wp\/v2\/comments?post=1609"}],"version-history":[{"count":0,"href":"https:\/\/cafecampeiro.com.br\/en\/wp-json\/wp\/v2\/posts\/1609\/revisions"}],"wp:featuredmedia":[{"embeddable":true,"href":"https:\/\/cafecampeiro.com.br\/en\/wp-json\/wp\/v2\/media\/3608"}],"wp:attachment":[{"href":"https:\/\/cafecampeiro.com.br\/en\/wp-json\/wp\/v2\/media?parent=1609"}],"wp:term":[{"taxonomy":"category","embeddable":true,"href":"https:\/\/cafecampeiro.com.br\/en\/wp-json\/wp\/v2\/categories?post=1609"},{"taxonomy":"post_tag","embeddable":true,"href":"https:\/\/cafecampeiro.com.br\/en\/wp-json\/wp\/v2\/tags?post=1609"}],"curies":[{"name":"wp","href":"https:\/\/api.w.org\/{rel}","templated":true}]}}