{"id":166,"date":"2023-01-01T19:04:24","date_gmt":"2023-01-01T22:04:24","guid":{"rendered":"http:\/\/sw-themes.com\/porto_dummy\/?p=166"},"modified":"2023-12-06T10:12:23","modified_gmt":"2023-12-06T13:12:23","slug":"servia-kafana-a-primeira-cafeteria-na-europa","status":"publish","type":"post","link":"https:\/\/cafecampeiro.com.br\/en\/servia-kafana-a-primeira-cafeteria-na-europa\/","title":{"rendered":"S\u00e9rvia: Kafana, a primeira cafeteria na Europa"},"content":{"rendered":"<p><span style=\"font-weight: 400;\">Nem a Fran\u00e7a, nem a It\u00e1lia! Voc\u00ea sabia que Belgrado, na S\u00e9rvia, construiu a primeira cafeteria na Europa? Pois \u00e9, a cidade, que o sult\u00e3o Suleiman, o Magn\u00edfico, rendeu em 28 de agosto de 1521, conquistou um lugar importante na hist\u00f3ria mundial. No ano seguinte \u00e0 invas\u00e3o, abriram a primeira kafana registrada na S\u00e9rvia, em algum lugar em Dor\u0107ol, Belgrado. Serviam apenas <a href=\"https:\/\/pt.wikipedia.org\/wiki\/Caf%C3%A9_turco\"><strong>caf\u00e9 turco<\/strong><\/a> puro l\u00e1.<\/span><\/p>\n<p><span style=\"font-weight: 400;\">Apesar de n\u00e3o haver dados escritos sobre onde exatamente essa primeira kafana estava localizada, como era ou quem era o propriet\u00e1rio, com base nas suposi\u00e7\u00f5es e interiores de caf\u00e9s turcos posteriores, sup\u00f5e-se que havia <\/span><i><span style=\"font-weight: 400;\">maneirluk<\/span><\/i><span style=\"font-weight: 400;\">s (uma esp\u00e9cie de sof\u00e1 turco) cobertos com tapetes turcos coloridos, e <strong>o caf\u00e9 era servido em ibriks (cezve)<\/strong>. Junto com o caf\u00e9, os clientes podiam fumar <\/span><i><span style=\"font-weight: 400;\">narguil\u00e9 e chibouks<\/span><\/i><span style=\"font-weight: 400;\">.<\/span><\/p>\n<p><span style=\"font-weight: 400;\">De tal forma que naquela \u00e9poca, em <strong>1522<\/strong>, o primeiro caf\u00e9 da S\u00e9rvia ganhou seu significado hist\u00f3rico. Era o <strong>caf\u00e9 mais antigo da Europa<\/strong>, ao passo que que os primeiros caf\u00e9s em Veneza, Londres, Marselha e Viena abriram mais de um s\u00e9culo depois.<\/span><\/p>\n<p>&nbsp;<\/p>\n<h2>Kafana, a primeira cafeteria na Europa criou uma tradi\u00e7\u00e3o<\/h2>\n<p><span style=\"font-weight: 400;\">At\u00e9 hoje <strong>os s\u00e9rvios mant\u00eam a tradi\u00e7\u00e3o secular de beber caf\u00e9 preto<\/strong>, herdada da \u00e9poca do reinado otomano nesta regi\u00e3o. Durante s\u00e9culos, o conceito de kafana (caf\u00e9) mudou o estilo de vida na cidade, tornando-se o centro de v\u00e1rios eventos significativos no pa\u00eds.<\/span><\/p>\n<p><span style=\"font-weight: 400;\"><strong>Nas kafanas,<\/strong> as pessoas espalhavam not\u00edcias, fechavam neg\u00f3cios, realizavam acordos de casamento, derrubavam governos e at\u00e9 <strong>criavam novos pa\u00edses.<\/strong>\u00a0At\u00e9 Milo\u0161 Obrenovi\u0107 (pr\u00edncipe s\u00e9rvio) voltou ao poder pela segunda vez em uma kafana.<\/span><\/p>\n<p><span style=\"font-weight: 400;\">Inegavelmente, os dados hist\u00f3ricos testemunham a <strong>import\u00e2ncia da kafana na S\u00e9rvia.<\/strong> Estes foram os lugares onde o p\u00fablico viu o primeiro filme, as primeiras pe\u00e7as de teatro, e a primeira feira do livro.<\/span><\/p>\n<p><span style=\"font-weight: 400;\">Enquanto lanternas iluminavam as ruas, acenderam a primeira luz de rua el\u00e9trica em 1880 na esquina da rua Kolar\u010deva com a rua Makedonska, em frente \u00e0 kafana \u201cProle\u0107e\u201d (Primavera), mais tarde chamada de \u201cHamburg\u201d. <strong>O primeiro telefone s\u00e9rvio tamb\u00e9m tocou em uma kafana<\/strong>: \u201cTri lista duvana\u201d (Tr\u00eas folhas de tabaco).<\/span><\/p>\n<p><span style=\"font-weight: 400;\">E agora que voc\u00ea sabe um pouco mais sobre o primeiro caf\u00e9 da Europa, compartilhe essa hist\u00f3ria com aquele amigo ou familiar que adora um <a href=\"https:\/\/cafecampeiro.com.br\/en\/product\/drip-coffee\/\"><strong>caf\u00e9zinho<\/strong><\/a><strong>!<\/strong> Aproveite tamb\u00e9m para conhecer mais sobre o percurso do caf\u00e9 no mundo: <a href=\"https:\/\/cafecampeiro.com.br\/en\/italia-o-cafe-chega-na-terra-do-espresso\/\"><strong>acesse<\/strong> <strong>aqui<\/strong><\/a> o sexto post da s\u00e9rie <\/span><a href=\"https:\/\/cafecampeiro.com.br\/en\/category\/cafe-no-mundo\/\"><b>Caf\u00e9 no Mundo<\/b><\/a><span style=\"font-weight: 400;\"> e descubra como o caf\u00e9 chegou na terra do espresso!<\/span><\/p>","protected":false},"excerpt":{"rendered":"<p>Nem a Fran\u00e7a, nem a It\u00e1lia! Voc\u00ea sabia que Belgrado, na S\u00e9rvia, construiu a primeira cafeteria na Europa? Pois \u00e9, a cidade, que o sult\u00e3o Suleiman, o Magn\u00edfico, rendeu em 28 de agosto de 1521, conquistou um lugar importante na hist\u00f3ria mundial. No ano seguinte \u00e0 invas\u00e3o, abriram a primeira kafana registrada na S\u00e9rvia, em [&hellip;]<\/p>","protected":false},"author":1,"featured_media":6255,"comment_status":"open","ping_status":"open","sticky":false,"template":"","format":"standard","meta":{"_jetpack_memberships_contains_paid_content":false,"footnotes":""},"categories":[68],"tags":[76,106,93,95,99,94,107,108],"class_list":["post-166","post","type-post","status-publish","format-standard","has-post-thumbnail","hentry","category-cafe-no-mundo","tag-cafe-especial","tag-cafe-na-servia","tag-historia-do-cafe","tag-o-cafe-no-mundo","tag-o-comeco-do-cafe","tag-origem-do-cafe","tag-primeira-cafeteria-europa","tag-primeiro-cafe-europa"],"featured_image_src":{"landsacpe":["https:\/\/cafecampeiro.com.br\/wp-content\/uploads\/2022\/11\/servia_kafana-1140x445.jpg",1140,445,true],"list":["https:\/\/cafecampeiro.com.br\/wp-content\/uploads\/2022\/11\/servia_kafana-463x348.jpg",463,348,true],"medium":["https:\/\/cafecampeiro.com.br\/wp-content\/uploads\/2022\/11\/servia_kafana-300x138.jpg",300,138,true],"full":["https:\/\/cafecampeiro.com.br\/wp-content\/uploads\/2022\/11\/servia_kafana.jpg",2000,922,false]},"yoast_head":"<!-- This site is optimized with the Yoast SEO plugin v27.3 - https:\/\/yoast.com\/product\/yoast-seo-wordpress\/ -->\n<title>S\u00e9rvia: Kafana, a primeira cafeteria na Europa - Caf\u00e9 Campeiro<\/title>\n<meta name=\"description\" content=\"Nem Fran\u00e7a, nem It\u00e1lia! Voc\u00ea sabia que a primeira cafeteria na Europa foi constru\u00edda em Belgrado, na S\u00e9rvia e era chamada de Kafana? Confira!\" \/>\n<meta name=\"robots\" content=\"index, follow, max-snippet:-1, max-image-preview:large, max-video-preview:-1\" \/>\n<link rel=\"canonical\" href=\"https:\/\/cafecampeiro.com.br\/en\/servia-kafana-a-primeira-cafeteria-na-europa\/\" \/>\n<meta property=\"og:locale\" content=\"en_US\" \/>\n<meta property=\"og:type\" content=\"article\" \/>\n<meta property=\"og:title\" content=\"S\u00e9rvia: Kafana, a primeira cafeteria na Europa - Caf\u00e9 Campeiro\" \/>\n<meta property=\"og:description\" content=\"Nem Fran\u00e7a, nem It\u00e1lia! Voc\u00ea sabia que a primeira cafeteria na Europa foi constru\u00edda em Belgrado, na S\u00e9rvia e era chamada de Kafana? Confira!\" \/>\n<meta property=\"og:url\" content=\"https:\/\/cafecampeiro.com.br\/en\/servia-kafana-a-primeira-cafeteria-na-europa\/\" \/>\n<meta property=\"og:site_name\" content=\"Caf\u00e9 Campeiro\" \/>\n<meta property=\"article:published_time\" content=\"2023-01-01T22:04:24+00:00\" \/>\n<meta property=\"article:modified_time\" content=\"2023-12-06T13:12:23+00:00\" \/>\n<meta property=\"og:image\" content=\"https:\/\/cafecampeiro.com.br\/wp-content\/uploads\/2022\/11\/servia_kafana.jpg\" \/>\n\t<meta property=\"og:image:width\" content=\"2000\" \/>\n\t<meta property=\"og:image:height\" content=\"922\" \/>\n\t<meta property=\"og:image:type\" content=\"image\/jpeg\" \/>\n<meta name=\"author\" content=\"admin\" \/>\n<meta name=\"twitter:card\" content=\"summary_large_image\" \/>\n<meta name=\"twitter:label1\" content=\"Written by\" \/>\n\t<meta name=\"twitter:data1\" content=\"admin\" \/>\n\t<meta name=\"twitter:label2\" content=\"Est. reading time\" \/>\n\t<meta name=\"twitter:data2\" content=\"3 minutes\" \/>\n<script type=\"application\/ld+json\" class=\"yoast-schema-graph\">{\"@context\":\"https:\\\/\\\/schema.org\",\"@graph\":[{\"@type\":\"Article\",\"@id\":\"https:\\\/\\\/cafecampeiro.com.br\\\/servia-kafana-a-primeira-cafeteria-na-europa\\\/#article\",\"isPartOf\":{\"@id\":\"https:\\\/\\\/cafecampeiro.com.br\\\/servia-kafana-a-primeira-cafeteria-na-europa\\\/\"},\"author\":{\"name\":\"admin\",\"@id\":\"https:\\\/\\\/cafecampeiro.com.br\\\/#\\\/schema\\\/person\\\/477462e6610d5050256658c3670001ef\"},\"headline\":\"S\u00e9rvia: Kafana, a primeira cafeteria na Europa\",\"datePublished\":\"2023-01-01T22:04:24+00:00\",\"dateModified\":\"2023-12-06T13:12:23+00:00\",\"mainEntityOfPage\":{\"@id\":\"https:\\\/\\\/cafecampeiro.com.br\\\/servia-kafana-a-primeira-cafeteria-na-europa\\\/\"},\"wordCount\":449,\"commentCount\":0,\"image\":{\"@id\":\"https:\\\/\\\/cafecampeiro.com.br\\\/servia-kafana-a-primeira-cafeteria-na-europa\\\/#primaryimage\"},\"thumbnailUrl\":\"https:\\\/\\\/cafecampeiro.com.br\\\/wp-content\\\/uploads\\\/2022\\\/11\\\/servia_kafana.jpg\",\"keywords\":[\"caf\u00e9 especial\",\"caf\u00e9 na s\u00e9rvia\",\"hist\u00f3ria do caf\u00e9\",\"o caf\u00e9 no mundo\",\"o come\u00e7o do caf\u00e9\",\"origem do caf\u00e9\",\"primeira cafeteria europa\",\"primeiro caf\u00e9 europa\"],\"articleSection\":[\"Caf\u00e9 no Mundo\"],\"inLanguage\":\"en-US\",\"potentialAction\":[{\"@type\":\"CommentAction\",\"name\":\"Comment\",\"target\":[\"https:\\\/\\\/cafecampeiro.com.br\\\/servia-kafana-a-primeira-cafeteria-na-europa\\\/#respond\"]}]},{\"@type\":\"WebPage\",\"@id\":\"https:\\\/\\\/cafecampeiro.com.br\\\/servia-kafana-a-primeira-cafeteria-na-europa\\\/\",\"url\":\"https:\\\/\\\/cafecampeiro.com.br\\\/servia-kafana-a-primeira-cafeteria-na-europa\\\/\",\"name\":\"S\u00e9rvia: Kafana, a primeira cafeteria na Europa - Caf\u00e9 Campeiro\",\"isPartOf\":{\"@id\":\"https:\\\/\\\/cafecampeiro.com.br\\\/#website\"},\"primaryImageOfPage\":{\"@id\":\"https:\\\/\\\/cafecampeiro.com.br\\\/servia-kafana-a-primeira-cafeteria-na-europa\\\/#primaryimage\"},\"image\":{\"@id\":\"https:\\\/\\\/cafecampeiro.com.br\\\/servia-kafana-a-primeira-cafeteria-na-europa\\\/#primaryimage\"},\"thumbnailUrl\":\"https:\\\/\\\/cafecampeiro.com.br\\\/wp-content\\\/uploads\\\/2022\\\/11\\\/servia_kafana.jpg\",\"datePublished\":\"2023-01-01T22:04:24+00:00\",\"dateModified\":\"2023-12-06T13:12:23+00:00\",\"author\":{\"@id\":\"https:\\\/\\\/cafecampeiro.com.br\\\/#\\\/schema\\\/person\\\/477462e6610d5050256658c3670001ef\"},\"description\":\"Nem Fran\u00e7a, nem It\u00e1lia! Voc\u00ea sabia que a primeira cafeteria na Europa foi constru\u00edda em Belgrado, na S\u00e9rvia e era chamada de Kafana? Confira!\",\"breadcrumb\":{\"@id\":\"https:\\\/\\\/cafecampeiro.com.br\\\/servia-kafana-a-primeira-cafeteria-na-europa\\\/#breadcrumb\"},\"inLanguage\":\"en-US\",\"potentialAction\":[{\"@type\":\"ReadAction\",\"target\":[\"https:\\\/\\\/cafecampeiro.com.br\\\/servia-kafana-a-primeira-cafeteria-na-europa\\\/\"]}]},{\"@type\":\"ImageObject\",\"inLanguage\":\"en-US\",\"@id\":\"https:\\\/\\\/cafecampeiro.com.br\\\/servia-kafana-a-primeira-cafeteria-na-europa\\\/#primaryimage\",\"url\":\"https:\\\/\\\/cafecampeiro.com.br\\\/wp-content\\\/uploads\\\/2022\\\/11\\\/servia_kafana.jpg\",\"contentUrl\":\"https:\\\/\\\/cafecampeiro.com.br\\\/wp-content\\\/uploads\\\/2022\\\/11\\\/servia_kafana.jpg\",\"width\":2000,\"height\":922,\"caption\":\"S\u00e9rvia: Kafana, a primeira cafeteria da Europa\"},{\"@type\":\"BreadcrumbList\",\"@id\":\"https:\\\/\\\/cafecampeiro.com.br\\\/servia-kafana-a-primeira-cafeteria-na-europa\\\/#breadcrumb\",\"itemListElement\":[{\"@type\":\"ListItem\",\"position\":1,\"name\":\"In\u00edcio\",\"item\":\"https:\\\/\\\/cafecampeiro.com.br\\\/\"},{\"@type\":\"ListItem\",\"position\":2,\"name\":\"S\u00e9rvia: Kafana, a primeira cafeteria na Europa\"}]},{\"@type\":\"WebSite\",\"@id\":\"https:\\\/\\\/cafecampeiro.com.br\\\/#website\",\"url\":\"https:\\\/\\\/cafecampeiro.com.br\\\/\",\"name\":\"Caf\u00e9 Campeiro\",\"description\":\"Caf\u00e9 Campeiro\",\"potentialAction\":[{\"@type\":\"SearchAction\",\"target\":{\"@type\":\"EntryPoint\",\"urlTemplate\":\"https:\\\/\\\/cafecampeiro.com.br\\\/?s={search_term_string}\"},\"query-input\":{\"@type\":\"PropertyValueSpecification\",\"valueRequired\":true,\"valueName\":\"search_term_string\"}}],\"inLanguage\":\"en-US\"},{\"@type\":\"Person\",\"@id\":\"https:\\\/\\\/cafecampeiro.com.br\\\/#\\\/schema\\\/person\\\/477462e6610d5050256658c3670001ef\",\"name\":\"admin\",\"image\":{\"@type\":\"ImageObject\",\"inLanguage\":\"en-US\",\"@id\":\"https:\\\/\\\/secure.gravatar.com\\\/avatar\\\/3e86018f5fbaae87cd3ec3e2d6e8323ebed11214a5a8a28824e3f5442932319f?s=96&d=mm&r=g\",\"url\":\"https:\\\/\\\/secure.gravatar.com\\\/avatar\\\/3e86018f5fbaae87cd3ec3e2d6e8323ebed11214a5a8a28824e3f5442932319f?s=96&d=mm&r=g\",\"contentUrl\":\"https:\\\/\\\/secure.gravatar.com\\\/avatar\\\/3e86018f5fbaae87cd3ec3e2d6e8323ebed11214a5a8a28824e3f5442932319f?s=96&d=mm&r=g\",\"caption\":\"admin\"},\"sameAs\":[\"https:\\\/\\\/cafecampeiro.com.br\"],\"url\":\"https:\\\/\\\/cafecampeiro.com.br\\\/en\\\/author\\\/admin\\\/\"}]}<\/script>\n<!-- \/ Yoast SEO plugin. -->","yoast_head_json":{"title":"S\u00e9rvia: Kafana, a primeira cafeteria na Europa - Caf\u00e9 Campeiro","description":"Nem Fran\u00e7a, nem It\u00e1lia! Voc\u00ea sabia que a primeira cafeteria na Europa foi constru\u00edda em Belgrado, na S\u00e9rvia e era chamada de Kafana? Confira!","robots":{"index":"index","follow":"follow","max-snippet":"max-snippet:-1","max-image-preview":"max-image-preview:large","max-video-preview":"max-video-preview:-1"},"canonical":"https:\/\/cafecampeiro.com.br\/en\/servia-kafana-a-primeira-cafeteria-na-europa\/","og_locale":"en_US","og_type":"article","og_title":"S\u00e9rvia: Kafana, a primeira cafeteria na Europa - Caf\u00e9 Campeiro","og_description":"Nem Fran\u00e7a, nem It\u00e1lia! Voc\u00ea sabia que a primeira cafeteria na Europa foi constru\u00edda em Belgrado, na S\u00e9rvia e era chamada de Kafana? Confira!","og_url":"https:\/\/cafecampeiro.com.br\/en\/servia-kafana-a-primeira-cafeteria-na-europa\/","og_site_name":"Caf\u00e9 Campeiro","article_published_time":"2023-01-01T22:04:24+00:00","article_modified_time":"2023-12-06T13:12:23+00:00","og_image":[{"width":2000,"height":922,"url":"https:\/\/cafecampeiro.com.br\/wp-content\/uploads\/2022\/11\/servia_kafana.jpg","type":"image\/jpeg"}],"author":"admin","twitter_card":"summary_large_image","twitter_misc":{"Written by":"admin","Est. reading time":"3 minutes"},"schema":{"@context":"https:\/\/schema.org","@graph":[{"@type":"Article","@id":"https:\/\/cafecampeiro.com.br\/servia-kafana-a-primeira-cafeteria-na-europa\/#article","isPartOf":{"@id":"https:\/\/cafecampeiro.com.br\/servia-kafana-a-primeira-cafeteria-na-europa\/"},"author":{"name":"admin","@id":"https:\/\/cafecampeiro.com.br\/#\/schema\/person\/477462e6610d5050256658c3670001ef"},"headline":"S\u00e9rvia: Kafana, a primeira cafeteria na Europa","datePublished":"2023-01-01T22:04:24+00:00","dateModified":"2023-12-06T13:12:23+00:00","mainEntityOfPage":{"@id":"https:\/\/cafecampeiro.com.br\/servia-kafana-a-primeira-cafeteria-na-europa\/"},"wordCount":449,"commentCount":0,"image":{"@id":"https:\/\/cafecampeiro.com.br\/servia-kafana-a-primeira-cafeteria-na-europa\/#primaryimage"},"thumbnailUrl":"https:\/\/cafecampeiro.com.br\/wp-content\/uploads\/2022\/11\/servia_kafana.jpg","keywords":["caf\u00e9 especial","caf\u00e9 na s\u00e9rvia","hist\u00f3ria do caf\u00e9","o caf\u00e9 no mundo","o come\u00e7o do caf\u00e9","origem do caf\u00e9","primeira cafeteria europa","primeiro caf\u00e9 europa"],"articleSection":["Caf\u00e9 no Mundo"],"inLanguage":"en-US","potentialAction":[{"@type":"CommentAction","name":"Comment","target":["https:\/\/cafecampeiro.com.br\/servia-kafana-a-primeira-cafeteria-na-europa\/#respond"]}]},{"@type":"WebPage","@id":"https:\/\/cafecampeiro.com.br\/servia-kafana-a-primeira-cafeteria-na-europa\/","url":"https:\/\/cafecampeiro.com.br\/servia-kafana-a-primeira-cafeteria-na-europa\/","name":"S\u00e9rvia: Kafana, a primeira cafeteria na Europa - Caf\u00e9 Campeiro","isPartOf":{"@id":"https:\/\/cafecampeiro.com.br\/#website"},"primaryImageOfPage":{"@id":"https:\/\/cafecampeiro.com.br\/servia-kafana-a-primeira-cafeteria-na-europa\/#primaryimage"},"image":{"@id":"https:\/\/cafecampeiro.com.br\/servia-kafana-a-primeira-cafeteria-na-europa\/#primaryimage"},"thumbnailUrl":"https:\/\/cafecampeiro.com.br\/wp-content\/uploads\/2022\/11\/servia_kafana.jpg","datePublished":"2023-01-01T22:04:24+00:00","dateModified":"2023-12-06T13:12:23+00:00","author":{"@id":"https:\/\/cafecampeiro.com.br\/#\/schema\/person\/477462e6610d5050256658c3670001ef"},"description":"Nem Fran\u00e7a, nem It\u00e1lia! Voc\u00ea sabia que a primeira cafeteria na Europa foi constru\u00edda em Belgrado, na S\u00e9rvia e era chamada de Kafana? Confira!","breadcrumb":{"@id":"https:\/\/cafecampeiro.com.br\/servia-kafana-a-primeira-cafeteria-na-europa\/#breadcrumb"},"inLanguage":"en-US","potentialAction":[{"@type":"ReadAction","target":["https:\/\/cafecampeiro.com.br\/servia-kafana-a-primeira-cafeteria-na-europa\/"]}]},{"@type":"ImageObject","inLanguage":"en-US","@id":"https:\/\/cafecampeiro.com.br\/servia-kafana-a-primeira-cafeteria-na-europa\/#primaryimage","url":"https:\/\/cafecampeiro.com.br\/wp-content\/uploads\/2022\/11\/servia_kafana.jpg","contentUrl":"https:\/\/cafecampeiro.com.br\/wp-content\/uploads\/2022\/11\/servia_kafana.jpg","width":2000,"height":922,"caption":"S\u00e9rvia: Kafana, a primeira cafeteria da Europa"},{"@type":"BreadcrumbList","@id":"https:\/\/cafecampeiro.com.br\/servia-kafana-a-primeira-cafeteria-na-europa\/#breadcrumb","itemListElement":[{"@type":"ListItem","position":1,"name":"In\u00edcio","item":"https:\/\/cafecampeiro.com.br\/"},{"@type":"ListItem","position":2,"name":"S\u00e9rvia: Kafana, a primeira cafeteria na Europa"}]},{"@type":"WebSite","@id":"https:\/\/cafecampeiro.com.br\/#website","url":"https:\/\/cafecampeiro.com.br\/","name":"Caf\u00e9 Campeiro","description":"Caf\u00e9 Campeiro","potentialAction":[{"@type":"SearchAction","target":{"@type":"EntryPoint","urlTemplate":"https:\/\/cafecampeiro.com.br\/?s={search_term_string}"},"query-input":{"@type":"PropertyValueSpecification","valueRequired":true,"valueName":"search_term_string"}}],"inLanguage":"en-US"},{"@type":"Person","@id":"https:\/\/cafecampeiro.com.br\/#\/schema\/person\/477462e6610d5050256658c3670001ef","name":"admin","image":{"@type":"ImageObject","inLanguage":"en-US","@id":"https:\/\/secure.gravatar.com\/avatar\/3e86018f5fbaae87cd3ec3e2d6e8323ebed11214a5a8a28824e3f5442932319f?s=96&d=mm&r=g","url":"https:\/\/secure.gravatar.com\/avatar\/3e86018f5fbaae87cd3ec3e2d6e8323ebed11214a5a8a28824e3f5442932319f?s=96&d=mm&r=g","contentUrl":"https:\/\/secure.gravatar.com\/avatar\/3e86018f5fbaae87cd3ec3e2d6e8323ebed11214a5a8a28824e3f5442932319f?s=96&d=mm&r=g","caption":"admin"},"sameAs":["https:\/\/cafecampeiro.com.br"],"url":"https:\/\/cafecampeiro.com.br\/en\/author\/admin\/"}]}},"jetpack_featured_media_url":"https:\/\/cafecampeiro.com.br\/wp-content\/uploads\/2022\/11\/servia_kafana.jpg","jetpack_sharing_enabled":true,"_links":{"self":[{"href":"https:\/\/cafecampeiro.com.br\/en\/wp-json\/wp\/v2\/posts\/166","targetHints":{"allow":["GET"]}}],"collection":[{"href":"https:\/\/cafecampeiro.com.br\/en\/wp-json\/wp\/v2\/posts"}],"about":[{"href":"https:\/\/cafecampeiro.com.br\/en\/wp-json\/wp\/v2\/types\/post"}],"author":[{"embeddable":true,"href":"https:\/\/cafecampeiro.com.br\/en\/wp-json\/wp\/v2\/users\/1"}],"replies":[{"embeddable":true,"href":"https:\/\/cafecampeiro.com.br\/en\/wp-json\/wp\/v2\/comments?post=166"}],"version-history":[{"count":0,"href":"https:\/\/cafecampeiro.com.br\/en\/wp-json\/wp\/v2\/posts\/166\/revisions"}],"wp:featuredmedia":[{"embeddable":true,"href":"https:\/\/cafecampeiro.com.br\/en\/wp-json\/wp\/v2\/media\/6255"}],"wp:attachment":[{"href":"https:\/\/cafecampeiro.com.br\/en\/wp-json\/wp\/v2\/media?parent=166"}],"wp:term":[{"taxonomy":"category","embeddable":true,"href":"https:\/\/cafecampeiro.com.br\/en\/wp-json\/wp\/v2\/categories?post=166"},{"taxonomy":"post_tag","embeddable":true,"href":"https:\/\/cafecampeiro.com.br\/en\/wp-json\/wp\/v2\/tags?post=166"}],"curies":[{"name":"wp","href":"https:\/\/api.w.org\/{rel}","templated":true}]}}