{"id":168,"date":"2023-01-01T19:03:17","date_gmt":"2023-01-01T22:03:17","guid":{"rendered":"http:\/\/sw-themes.com\/porto_dummy\/?p=168"},"modified":"2023-12-06T10:12:11","modified_gmt":"2023-12-06T13:12:11","slug":"cafe-do-imperio-otomano-para-europa-e-asia","status":"publish","type":"post","link":"https:\/\/cafecampeiro.com.br\/en\/cafe-do-imperio-otomano-para-europa-e-asia\/","title":{"rendered":"Do Imp\u00e9rio Otomano para a Europa e \u00c1sia"},"content":{"rendered":"<p><span style=\"font-weight: 400;\">Para sabermos a trajet\u00f3ria do caf\u00e9 do Imp\u00e9rio Otomano para a Europa e \u00c1sia, \u00e9 preciso ressaltar que as primeiras incurs\u00f5es do Imp\u00e9rio Otomano no I\u00eamen ocorreram em <strong>1517<\/strong> e sua ocupa\u00e7\u00e3o efetiva foi em <strong>1538<\/strong>, quando o gr\u00e3o de caf\u00e9 se tornou um importante item de exporta\u00e7\u00e3o em todo o Imp\u00e9rio Otomano.<\/span><\/p>\n<p><span style=\"font-weight: 400;\">Exportavam-se os gr\u00e3os do Porto iemenita de <a href=\"https:\/\/pt.wikipedia.org\/wiki\/Moca_(I%C3%AAmen)\"><strong>Moca<\/strong><\/a>, ent\u00e3o o caf\u00e9 daquela regi\u00e3o assumiu o nome do porto. Por outro lado, a rota de com\u00e9rcio envolvia o envio de caf\u00e9 para <strong>Suez<\/strong> e o transporte por camelo para armaz\u00e9ns de <strong>Alexandria<\/strong>, onde mercadores franceses e venezianos compravam o gr\u00e3o para revenda. <\/span><span style=\"font-weight: 400;\">Devido ao com\u00e9rcio de caf\u00e9 ter se tornado uma importante fonte de renda, os turcos guardavam zelosamente seu monop\u00f3lio sobre o cultivo de \u00e1rvores no I\u00eamen.<\/span><\/p>\n<p><span style=\"font-weight: 400;\">Nenhuma baga era autorizada a deixar o pa\u00eds a menos que primeiro fossem embebidas em \u00e1gua fervente ou parcialmente torradas <strong>para evitar a germina\u00e7\u00e3o.<\/strong> Entretanto em algum momento durante os anos 1600, um <strong>peregrino mu\u00e7ulmano<\/strong> chamado Baba Budan trasnportou sete sementes colando-as em sua barriga e cultivou-as com sucesso no sul da \u00cdndia, nas montanhas de Mysore.<\/span><\/p>\n<p>&nbsp;<\/p>\n<h2>Holandeses, os respons\u00e1veis por levar o caf\u00e9 do Imp\u00e9rio Otomano para a Europa<\/h2>\n<p><span style=\"font-weight: 400;\">Em <strong>1616<\/strong>, os holandeses, que dominavam o com\u00e9rcio mar\u00edtimo mundial, conseguiram contrabandear uma \u00e1rvore de \u00c1den para a Holanda. <\/span><span style=\"font-weight: 400;\">De seus frutos, os holandeses come\u00e7aram a cultivar caf\u00e9 no <strong>Ceil\u00e3o em 1658<\/strong>. Em 1699, outro holand\u00eas transplantou \u00e1rvores de Malabar para Java,<\/span><span style=\"font-weight: 400;\"> seguido de cultivo em Sumatra, Celebes, Timor, Bali e outras ilhas das \u00cdndias Orientais.<\/span><\/p>\n<p><span style=\"font-weight: 400;\">Por muitos anos, <strong>a produ\u00e7\u00e3o das \u00cdndias Orientais Holandesas determinou o pre\u00e7o do caf\u00e9 no mercado mundial.<\/strong> Durante os anos de 1700, Java e Mocha tornaram-se os caf\u00e9s mais famosos e procurados. Atualmente pouco caf\u00e9 de alta qualidade vem de Java. Al\u00e9m disso, Mocha deixou de operar como um porto vi\u00e1vel em 1869 com a conclus\u00e3o do Canal de Suez.<\/span><\/p>\n<p><span style=\"font-weight: 400;\">Se voc\u00ea ainda n\u00e3o experimentou um bom caf\u00e9, agora \u00e9 a hora! <a href=\"https:\/\/cafecampeiro.com.br\/en\/product-category\/cafe\/\"><strong>Acesse aqui<\/strong><\/a> o site do <strong>Caf\u00e9 Campeiro<\/strong> e aproveite o sabor inesquec\u00edvel de uma das bebidas mais populares do mundo.<\/span><\/p>\n<p><span style=\"font-weight: 400;\">E agora que voc\u00ea sabe um pouco mais sobre a origem do caf\u00e9, compartilhe essa hist\u00f3ria com aquele amigo ou familiar que <strong>adora<\/strong> um cafezinho! Aproveite tamb\u00e9m para conhecer mais sobre o percurso do caf\u00e9 no mundo: acesse nosso blog e veja o <a href=\"https:\/\/cafecampeiro.com.br\/en\/servia-kafana-a-primeira-cafeteria-na-europa\/\"><strong>quinto post<\/strong><\/a> da s\u00e9rie <\/span><a href=\"https:\/\/cafecampeiro.com.br\/en\/category\/cafe-no-mundo\/\"><b>Caf\u00e9 no Mundo<\/b><\/a><span style=\"font-weight: 400;\"> e descubra qual foi a primeira cafeteria da Europa!<\/span><\/p>","protected":false},"excerpt":{"rendered":"<p>Para sabermos a trajet\u00f3ria do caf\u00e9 do Imp\u00e9rio Otomano para a Europa e \u00c1sia, \u00e9 preciso ressaltar que as primeiras incurs\u00f5es do Imp\u00e9rio Otomano no I\u00eamen ocorreram em 1517 e sua ocupa\u00e7\u00e3o efetiva foi em 1538, quando o gr\u00e3o de caf\u00e9 se tornou um importante item de exporta\u00e7\u00e3o em todo o Imp\u00e9rio Otomano. Exportavam-se os [&hellip;]<\/p>","protected":false},"author":1,"featured_media":6254,"comment_status":"open","ping_status":"open","sticky":false,"template":"","format":"standard","meta":{"_jetpack_memberships_contains_paid_content":false,"footnotes":""},"categories":[68],"tags":[105,104,76,93,95,99,94],"class_list":["post-168","post","type-post","status-publish","format-standard","has-post-thumbnail","hentry","category-cafe-no-mundo","tag-cafe-da-india","tag-cafe-do-imperio-otomano","tag-cafe-especial","tag-historia-do-cafe","tag-o-cafe-no-mundo","tag-o-comeco-do-cafe","tag-origem-do-cafe"],"featured_image_src":{"landsacpe":["https:\/\/cafecampeiro.com.br\/wp-content\/uploads\/2022\/10\/holandeses_cafe-1140x445.jpg",1140,445,true],"list":["https:\/\/cafecampeiro.com.br\/wp-content\/uploads\/2022\/10\/holandeses_cafe-463x348.jpg",463,348,true],"medium":["https:\/\/cafecampeiro.com.br\/wp-content\/uploads\/2022\/10\/holandeses_cafe-300x138.jpg",300,138,true],"full":["https:\/\/cafecampeiro.com.br\/wp-content\/uploads\/2022\/10\/holandeses_cafe.jpg",2000,922,false]},"yoast_head":"<!-- This site is optimized with the Yoast SEO plugin v27.3 - https:\/\/yoast.com\/product\/yoast-seo-wordpress\/ -->\n<title>Do Imp\u00e9rio Otomano para a Europa e \u00c1sia - Caf\u00e9 Campeiro<\/title>\n<meta name=\"description\" content=\"A Companhia Holandesa das \u00cdndias Orientais foi a respons\u00e1vel pora levar o caf\u00e9 do Imp\u00e9rio Otomano para a Europa e \u00c1sia.\" \/>\n<meta name=\"robots\" content=\"index, follow, max-snippet:-1, max-image-preview:large, max-video-preview:-1\" \/>\n<link rel=\"canonical\" href=\"https:\/\/cafecampeiro.com.br\/en\/cafe-do-imperio-otomano-para-europa-e-asia\/\" \/>\n<meta property=\"og:locale\" content=\"en_US\" \/>\n<meta property=\"og:type\" content=\"article\" \/>\n<meta property=\"og:title\" content=\"Do Imp\u00e9rio Otomano para a Europa e \u00c1sia - Caf\u00e9 Campeiro\" \/>\n<meta property=\"og:description\" content=\"A Companhia Holandesa das \u00cdndias Orientais foi a respons\u00e1vel pora levar o caf\u00e9 do Imp\u00e9rio Otomano para a Europa e \u00c1sia.\" \/>\n<meta property=\"og:url\" content=\"https:\/\/cafecampeiro.com.br\/en\/cafe-do-imperio-otomano-para-europa-e-asia\/\" \/>\n<meta property=\"og:site_name\" content=\"Caf\u00e9 Campeiro\" \/>\n<meta property=\"article:published_time\" content=\"2023-01-01T22:03:17+00:00\" \/>\n<meta property=\"article:modified_time\" content=\"2023-12-06T13:12:11+00:00\" \/>\n<meta property=\"og:image\" content=\"https:\/\/cafecampeiro.com.br\/wp-content\/uploads\/2022\/10\/holandeses_cafe.jpg\" \/>\n\t<meta property=\"og:image:width\" content=\"2000\" \/>\n\t<meta property=\"og:image:height\" content=\"922\" \/>\n\t<meta property=\"og:image:type\" content=\"image\/jpeg\" \/>\n<meta name=\"author\" content=\"admin\" \/>\n<meta name=\"twitter:card\" content=\"summary_large_image\" \/>\n<meta name=\"twitter:label1\" content=\"Written by\" \/>\n\t<meta name=\"twitter:data1\" content=\"admin\" \/>\n\t<meta name=\"twitter:label2\" content=\"Est. reading time\" \/>\n\t<meta name=\"twitter:data2\" content=\"3 minutes\" \/>\n<script type=\"application\/ld+json\" class=\"yoast-schema-graph\">{\"@context\":\"https:\\\/\\\/schema.org\",\"@graph\":[{\"@type\":\"Article\",\"@id\":\"https:\\\/\\\/cafecampeiro.com.br\\\/cafe-do-imperio-otomano-para-europa-e-asia\\\/#article\",\"isPartOf\":{\"@id\":\"https:\\\/\\\/cafecampeiro.com.br\\\/cafe-do-imperio-otomano-para-europa-e-asia\\\/\"},\"author\":{\"name\":\"admin\",\"@id\":\"https:\\\/\\\/cafecampeiro.com.br\\\/#\\\/schema\\\/person\\\/477462e6610d5050256658c3670001ef\"},\"headline\":\"Do Imp\u00e9rio Otomano para a Europa e \u00c1sia\",\"datePublished\":\"2023-01-01T22:03:17+00:00\",\"dateModified\":\"2023-12-06T13:12:11+00:00\",\"mainEntityOfPage\":{\"@id\":\"https:\\\/\\\/cafecampeiro.com.br\\\/cafe-do-imperio-otomano-para-europa-e-asia\\\/\"},\"wordCount\":446,\"commentCount\":0,\"image\":{\"@id\":\"https:\\\/\\\/cafecampeiro.com.br\\\/cafe-do-imperio-otomano-para-europa-e-asia\\\/#primaryimage\"},\"thumbnailUrl\":\"https:\\\/\\\/cafecampeiro.com.br\\\/wp-content\\\/uploads\\\/2022\\\/10\\\/holandeses_cafe.jpg\",\"keywords\":[\"caf\u00e9 da \u00edndia\",\"caf\u00e9 do imp\u00e9rio otomano\",\"caf\u00e9 especial\",\"hist\u00f3ria do caf\u00e9\",\"o caf\u00e9 no mundo\",\"o come\u00e7o do caf\u00e9\",\"origem do caf\u00e9\"],\"articleSection\":[\"Caf\u00e9 no Mundo\"],\"inLanguage\":\"en-US\",\"potentialAction\":[{\"@type\":\"CommentAction\",\"name\":\"Comment\",\"target\":[\"https:\\\/\\\/cafecampeiro.com.br\\\/cafe-do-imperio-otomano-para-europa-e-asia\\\/#respond\"]}]},{\"@type\":\"WebPage\",\"@id\":\"https:\\\/\\\/cafecampeiro.com.br\\\/cafe-do-imperio-otomano-para-europa-e-asia\\\/\",\"url\":\"https:\\\/\\\/cafecampeiro.com.br\\\/cafe-do-imperio-otomano-para-europa-e-asia\\\/\",\"name\":\"Do Imp\u00e9rio Otomano para a Europa e \u00c1sia - Caf\u00e9 Campeiro\",\"isPartOf\":{\"@id\":\"https:\\\/\\\/cafecampeiro.com.br\\\/#website\"},\"primaryImageOfPage\":{\"@id\":\"https:\\\/\\\/cafecampeiro.com.br\\\/cafe-do-imperio-otomano-para-europa-e-asia\\\/#primaryimage\"},\"image\":{\"@id\":\"https:\\\/\\\/cafecampeiro.com.br\\\/cafe-do-imperio-otomano-para-europa-e-asia\\\/#primaryimage\"},\"thumbnailUrl\":\"https:\\\/\\\/cafecampeiro.com.br\\\/wp-content\\\/uploads\\\/2022\\\/10\\\/holandeses_cafe.jpg\",\"datePublished\":\"2023-01-01T22:03:17+00:00\",\"dateModified\":\"2023-12-06T13:12:11+00:00\",\"author\":{\"@id\":\"https:\\\/\\\/cafecampeiro.com.br\\\/#\\\/schema\\\/person\\\/477462e6610d5050256658c3670001ef\"},\"description\":\"A Companhia Holandesa das \u00cdndias Orientais foi a respons\u00e1vel pora levar o caf\u00e9 do Imp\u00e9rio Otomano para a Europa e \u00c1sia.\",\"breadcrumb\":{\"@id\":\"https:\\\/\\\/cafecampeiro.com.br\\\/cafe-do-imperio-otomano-para-europa-e-asia\\\/#breadcrumb\"},\"inLanguage\":\"en-US\",\"potentialAction\":[{\"@type\":\"ReadAction\",\"target\":[\"https:\\\/\\\/cafecampeiro.com.br\\\/cafe-do-imperio-otomano-para-europa-e-asia\\\/\"]}]},{\"@type\":\"ImageObject\",\"inLanguage\":\"en-US\",\"@id\":\"https:\\\/\\\/cafecampeiro.com.br\\\/cafe-do-imperio-otomano-para-europa-e-asia\\\/#primaryimage\",\"url\":\"https:\\\/\\\/cafecampeiro.com.br\\\/wp-content\\\/uploads\\\/2022\\\/10\\\/holandeses_cafe.jpg\",\"contentUrl\":\"https:\\\/\\\/cafecampeiro.com.br\\\/wp-content\\\/uploads\\\/2022\\\/10\\\/holandeses_cafe.jpg\",\"width\":2000,\"height\":922,\"caption\":\"Do Imp\u00e9rio Otomano para a Eruropa e \u00c1sia\"},{\"@type\":\"BreadcrumbList\",\"@id\":\"https:\\\/\\\/cafecampeiro.com.br\\\/cafe-do-imperio-otomano-para-europa-e-asia\\\/#breadcrumb\",\"itemListElement\":[{\"@type\":\"ListItem\",\"position\":1,\"name\":\"In\u00edcio\",\"item\":\"https:\\\/\\\/cafecampeiro.com.br\\\/\"},{\"@type\":\"ListItem\",\"position\":2,\"name\":\"Do Imp\u00e9rio Otomano para a Europa e \u00c1sia\"}]},{\"@type\":\"WebSite\",\"@id\":\"https:\\\/\\\/cafecampeiro.com.br\\\/#website\",\"url\":\"https:\\\/\\\/cafecampeiro.com.br\\\/\",\"name\":\"Caf\u00e9 Campeiro\",\"description\":\"Caf\u00e9 Campeiro\",\"potentialAction\":[{\"@type\":\"SearchAction\",\"target\":{\"@type\":\"EntryPoint\",\"urlTemplate\":\"https:\\\/\\\/cafecampeiro.com.br\\\/?s={search_term_string}\"},\"query-input\":{\"@type\":\"PropertyValueSpecification\",\"valueRequired\":true,\"valueName\":\"search_term_string\"}}],\"inLanguage\":\"en-US\"},{\"@type\":\"Person\",\"@id\":\"https:\\\/\\\/cafecampeiro.com.br\\\/#\\\/schema\\\/person\\\/477462e6610d5050256658c3670001ef\",\"name\":\"admin\",\"image\":{\"@type\":\"ImageObject\",\"inLanguage\":\"en-US\",\"@id\":\"https:\\\/\\\/secure.gravatar.com\\\/avatar\\\/3e86018f5fbaae87cd3ec3e2d6e8323ebed11214a5a8a28824e3f5442932319f?s=96&d=mm&r=g\",\"url\":\"https:\\\/\\\/secure.gravatar.com\\\/avatar\\\/3e86018f5fbaae87cd3ec3e2d6e8323ebed11214a5a8a28824e3f5442932319f?s=96&d=mm&r=g\",\"contentUrl\":\"https:\\\/\\\/secure.gravatar.com\\\/avatar\\\/3e86018f5fbaae87cd3ec3e2d6e8323ebed11214a5a8a28824e3f5442932319f?s=96&d=mm&r=g\",\"caption\":\"admin\"},\"sameAs\":[\"https:\\\/\\\/cafecampeiro.com.br\"],\"url\":\"https:\\\/\\\/cafecampeiro.com.br\\\/en\\\/author\\\/admin\\\/\"}]}<\/script>\n<!-- \/ Yoast SEO plugin. -->","yoast_head_json":{"title":"Do Imp\u00e9rio Otomano para a Europa e \u00c1sia - Caf\u00e9 Campeiro","description":"A Companhia Holandesa das \u00cdndias Orientais foi a respons\u00e1vel pora levar o caf\u00e9 do Imp\u00e9rio Otomano para a Europa e \u00c1sia.","robots":{"index":"index","follow":"follow","max-snippet":"max-snippet:-1","max-image-preview":"max-image-preview:large","max-video-preview":"max-video-preview:-1"},"canonical":"https:\/\/cafecampeiro.com.br\/en\/cafe-do-imperio-otomano-para-europa-e-asia\/","og_locale":"en_US","og_type":"article","og_title":"Do Imp\u00e9rio Otomano para a Europa e \u00c1sia - Caf\u00e9 Campeiro","og_description":"A Companhia Holandesa das \u00cdndias Orientais foi a respons\u00e1vel pora levar o caf\u00e9 do Imp\u00e9rio Otomano para a Europa e \u00c1sia.","og_url":"https:\/\/cafecampeiro.com.br\/en\/cafe-do-imperio-otomano-para-europa-e-asia\/","og_site_name":"Caf\u00e9 Campeiro","article_published_time":"2023-01-01T22:03:17+00:00","article_modified_time":"2023-12-06T13:12:11+00:00","og_image":[{"width":2000,"height":922,"url":"https:\/\/cafecampeiro.com.br\/wp-content\/uploads\/2022\/10\/holandeses_cafe.jpg","type":"image\/jpeg"}],"author":"admin","twitter_card":"summary_large_image","twitter_misc":{"Written by":"admin","Est. reading time":"3 minutes"},"schema":{"@context":"https:\/\/schema.org","@graph":[{"@type":"Article","@id":"https:\/\/cafecampeiro.com.br\/cafe-do-imperio-otomano-para-europa-e-asia\/#article","isPartOf":{"@id":"https:\/\/cafecampeiro.com.br\/cafe-do-imperio-otomano-para-europa-e-asia\/"},"author":{"name":"admin","@id":"https:\/\/cafecampeiro.com.br\/#\/schema\/person\/477462e6610d5050256658c3670001ef"},"headline":"Do Imp\u00e9rio Otomano para a Europa e \u00c1sia","datePublished":"2023-01-01T22:03:17+00:00","dateModified":"2023-12-06T13:12:11+00:00","mainEntityOfPage":{"@id":"https:\/\/cafecampeiro.com.br\/cafe-do-imperio-otomano-para-europa-e-asia\/"},"wordCount":446,"commentCount":0,"image":{"@id":"https:\/\/cafecampeiro.com.br\/cafe-do-imperio-otomano-para-europa-e-asia\/#primaryimage"},"thumbnailUrl":"https:\/\/cafecampeiro.com.br\/wp-content\/uploads\/2022\/10\/holandeses_cafe.jpg","keywords":["caf\u00e9 da \u00edndia","caf\u00e9 do imp\u00e9rio otomano","caf\u00e9 especial","hist\u00f3ria do caf\u00e9","o caf\u00e9 no mundo","o come\u00e7o do caf\u00e9","origem do caf\u00e9"],"articleSection":["Caf\u00e9 no Mundo"],"inLanguage":"en-US","potentialAction":[{"@type":"CommentAction","name":"Comment","target":["https:\/\/cafecampeiro.com.br\/cafe-do-imperio-otomano-para-europa-e-asia\/#respond"]}]},{"@type":"WebPage","@id":"https:\/\/cafecampeiro.com.br\/cafe-do-imperio-otomano-para-europa-e-asia\/","url":"https:\/\/cafecampeiro.com.br\/cafe-do-imperio-otomano-para-europa-e-asia\/","name":"Do Imp\u00e9rio Otomano para a Europa e \u00c1sia - Caf\u00e9 Campeiro","isPartOf":{"@id":"https:\/\/cafecampeiro.com.br\/#website"},"primaryImageOfPage":{"@id":"https:\/\/cafecampeiro.com.br\/cafe-do-imperio-otomano-para-europa-e-asia\/#primaryimage"},"image":{"@id":"https:\/\/cafecampeiro.com.br\/cafe-do-imperio-otomano-para-europa-e-asia\/#primaryimage"},"thumbnailUrl":"https:\/\/cafecampeiro.com.br\/wp-content\/uploads\/2022\/10\/holandeses_cafe.jpg","datePublished":"2023-01-01T22:03:17+00:00","dateModified":"2023-12-06T13:12:11+00:00","author":{"@id":"https:\/\/cafecampeiro.com.br\/#\/schema\/person\/477462e6610d5050256658c3670001ef"},"description":"A Companhia Holandesa das \u00cdndias Orientais foi a respons\u00e1vel pora levar o caf\u00e9 do Imp\u00e9rio Otomano para a Europa e \u00c1sia.","breadcrumb":{"@id":"https:\/\/cafecampeiro.com.br\/cafe-do-imperio-otomano-para-europa-e-asia\/#breadcrumb"},"inLanguage":"en-US","potentialAction":[{"@type":"ReadAction","target":["https:\/\/cafecampeiro.com.br\/cafe-do-imperio-otomano-para-europa-e-asia\/"]}]},{"@type":"ImageObject","inLanguage":"en-US","@id":"https:\/\/cafecampeiro.com.br\/cafe-do-imperio-otomano-para-europa-e-asia\/#primaryimage","url":"https:\/\/cafecampeiro.com.br\/wp-content\/uploads\/2022\/10\/holandeses_cafe.jpg","contentUrl":"https:\/\/cafecampeiro.com.br\/wp-content\/uploads\/2022\/10\/holandeses_cafe.jpg","width":2000,"height":922,"caption":"Do Imp\u00e9rio Otomano para a Eruropa e \u00c1sia"},{"@type":"BreadcrumbList","@id":"https:\/\/cafecampeiro.com.br\/cafe-do-imperio-otomano-para-europa-e-asia\/#breadcrumb","itemListElement":[{"@type":"ListItem","position":1,"name":"In\u00edcio","item":"https:\/\/cafecampeiro.com.br\/"},{"@type":"ListItem","position":2,"name":"Do Imp\u00e9rio Otomano para a Europa e \u00c1sia"}]},{"@type":"WebSite","@id":"https:\/\/cafecampeiro.com.br\/#website","url":"https:\/\/cafecampeiro.com.br\/","name":"Caf\u00e9 Campeiro","description":"Caf\u00e9 Campeiro","potentialAction":[{"@type":"SearchAction","target":{"@type":"EntryPoint","urlTemplate":"https:\/\/cafecampeiro.com.br\/?s={search_term_string}"},"query-input":{"@type":"PropertyValueSpecification","valueRequired":true,"valueName":"search_term_string"}}],"inLanguage":"en-US"},{"@type":"Person","@id":"https:\/\/cafecampeiro.com.br\/#\/schema\/person\/477462e6610d5050256658c3670001ef","name":"admin","image":{"@type":"ImageObject","inLanguage":"en-US","@id":"https:\/\/secure.gravatar.com\/avatar\/3e86018f5fbaae87cd3ec3e2d6e8323ebed11214a5a8a28824e3f5442932319f?s=96&d=mm&r=g","url":"https:\/\/secure.gravatar.com\/avatar\/3e86018f5fbaae87cd3ec3e2d6e8323ebed11214a5a8a28824e3f5442932319f?s=96&d=mm&r=g","contentUrl":"https:\/\/secure.gravatar.com\/avatar\/3e86018f5fbaae87cd3ec3e2d6e8323ebed11214a5a8a28824e3f5442932319f?s=96&d=mm&r=g","caption":"admin"},"sameAs":["https:\/\/cafecampeiro.com.br"],"url":"https:\/\/cafecampeiro.com.br\/en\/author\/admin\/"}]}},"jetpack_featured_media_url":"https:\/\/cafecampeiro.com.br\/wp-content\/uploads\/2022\/10\/holandeses_cafe.jpg","jetpack_sharing_enabled":true,"_links":{"self":[{"href":"https:\/\/cafecampeiro.com.br\/en\/wp-json\/wp\/v2\/posts\/168","targetHints":{"allow":["GET"]}}],"collection":[{"href":"https:\/\/cafecampeiro.com.br\/en\/wp-json\/wp\/v2\/posts"}],"about":[{"href":"https:\/\/cafecampeiro.com.br\/en\/wp-json\/wp\/v2\/types\/post"}],"author":[{"embeddable":true,"href":"https:\/\/cafecampeiro.com.br\/en\/wp-json\/wp\/v2\/users\/1"}],"replies":[{"embeddable":true,"href":"https:\/\/cafecampeiro.com.br\/en\/wp-json\/wp\/v2\/comments?post=168"}],"version-history":[{"count":0,"href":"https:\/\/cafecampeiro.com.br\/en\/wp-json\/wp\/v2\/posts\/168\/revisions"}],"wp:featuredmedia":[{"embeddable":true,"href":"https:\/\/cafecampeiro.com.br\/en\/wp-json\/wp\/v2\/media\/6254"}],"wp:attachment":[{"href":"https:\/\/cafecampeiro.com.br\/en\/wp-json\/wp\/v2\/media?parent=168"}],"wp:term":[{"taxonomy":"category","embeddable":true,"href":"https:\/\/cafecampeiro.com.br\/en\/wp-json\/wp\/v2\/categories?post=168"},{"taxonomy":"post_tag","embeddable":true,"href":"https:\/\/cafecampeiro.com.br\/en\/wp-json\/wp\/v2\/tags?post=168"}],"curies":[{"name":"wp","href":"https:\/\/api.w.org\/{rel}","templated":true}]}}