{"id":3106,"date":"2023-01-01T19:02:05","date_gmt":"2023-01-01T22:02:05","guid":{"rendered":"https:\/\/cafecampeiro.com.br\/?p=3106"},"modified":"2023-12-06T10:11:39","modified_gmt":"2023-12-06T13:11:39","slug":"do-iemen-para-o-mundo-arabe","status":"publish","type":"post","link":"https:\/\/cafecampeiro.com.br\/en\/do-iemen-para-o-mundo-arabe\/","title":{"rendered":"Caf\u00e9 do I\u00eamen para o mundo \u00e1rabe"},"content":{"rendered":"<p><span style=\"font-weight: 400;\">Ap\u00f3s os et\u00edopes descobrirem o caf\u00e9, a bebida logo se espalhou pelo com\u00e9rcio com os \u00e1rabes atrav\u00e9s da estreita faixa do Mar Vermelho. Quando os et\u00edopes invadiram e governaram o I\u00eamen por cerca de cinquenta anos no s\u00e9culo VI, eles estabeleceram muitas planta\u00e7\u00f5es de caf\u00e9.<\/span><\/p>\n<p><span style=\"font-weight: 400;\">Os \u00e1rabes aderiram \u00e0 bebida estimulante, come\u00e7ando a cultivar as \u00e1rvores com valas de irriga\u00e7\u00e3o nas montanhas ao redor, chamando-a de <em><strong>qahwa<\/strong><\/em>, de onde deriva o <strong>nome caf\u00e9, uma palavra \u00e1rabe para <\/strong><\/span><strong><i>vinho<\/i><\/strong><span style=\"font-weight: 400;\">. Outros acreditam que o nome \u201c<\/span><i><span style=\"font-weight: 400;\">caf\u00e9<\/span><\/i><span style=\"font-weight: 400;\">\u201d deriva de:<\/span><\/p>\n<p><strong>\u00a0&#8211; a regi\u00e3o de <i>Kaffa<\/i>, na Eti\u00f3pia;<\/strong><\/p>\n<p><strong>\u00a0&#8211; a palavra \u00e1rabe <i>quwwa <\/i>(poder);<\/strong><\/p>\n<p><strong><i>\u00a0&#8211; kafta<\/i>, a bebida feita da planta kha;<\/strong><\/p>\n<p><span style=\"font-weight: 400;\">Assim surgiu o caf\u00e9 no I\u00eamen, inicialmente, os monges \u00e1rabes sufis adotaram o caf\u00e9 como uma bebida que lhes permitia ficar acordados para as ora\u00e7\u00f5es da meia-noite com mais facilidade. Inicialmente considerado um rem\u00e9dio ou aux\u00edlio religioso, a o caf\u00e9 logo caiu no uso di\u00e1rio.<\/span><\/p>\n<p>&nbsp;<\/p>\n<h2>Caf\u00e9 do I\u00eamen e os primeiros boicotes do Imp\u00e9rio Otomano<\/h2>\n<p><span style=\"font-weight: 400;\">\u00c0 medida que a bebida ganhou popularidade ao longo do s\u00e9culo XVI, tamb\u00e9m ganhou reputa\u00e7\u00e3o como uma bebida problem\u00e1tica. <\/span><span style=\"font-weight: 400;\">V\u00e1rios governantes decidiram que as pessoas estavam tendo muita divers\u00e3o nos caf\u00e9s. Quando Khair-Beg, o jovem governador da Meca, descobriu que versos sat\u00edricos sobre ele vinham das cafeterias, ele determinou que o caf\u00e9, bem como o vinho, deveria ser <strong>proibido<\/strong> pelo Alcor\u00e3o.<\/span><\/p>\n<p><span style=\"font-weight: 400;\">Dessa maneira, <strong>em 1511, as cafeterias da Meca foram fechadas \u00e0 for\u00e7a.<\/strong> A proibi\u00e7\u00e3o durou apenas at\u00e9 que o sult\u00e3o do Cairo, um bebedor habitual de caf\u00e9, ouviu falar sobre a determina\u00e7\u00e3o e reverteu o edital. Outros governantes \u00e1rabes e l\u00edderes religiosos, no entanto, tamb\u00e9m denunciaram o caf\u00e9 ao longo dos anos 1500.<\/span><\/p>\n<p>&nbsp;<\/p>\n<h2>Resistindo \u00e0s persegui\u00e7\u00f5es<\/h2>\n<p><span style=\"font-weight: 400;\">Por que o consumo de caf\u00e9 persistiu diante da persegui\u00e7\u00e3o nessas primeiras sociedades \u00e1rabes? Pois a natureza viciante da cafe\u00edna fornece uma resposta, \u00e9 claro; ainda h\u00e1 mais do que isso. O caf\u00e9 fornecia um <strong>est\u00edmulo intelectual<\/strong>, uma maneira agrad\u00e1vel de sentir o aumento da energia sem quaisquer efeitos nocivos aparentes. <\/span><span style=\"font-weight: 400;\">Em suma, as cafeterias permitiam que as pessoas se reunissem para conversar, para <strong>entretenimento e neg\u00f3cios<\/strong>, acordos inspiradores, poesia e irrever\u00eancia em igual medida.<\/span><\/p>\n<p><span style=\"font-weight: 400;\">A bebida se tornou t\u00e3o importante na <a href=\"https:\/\/pt.wikipedia.org\/wiki\/Imp%C3%A9rio_Otomano\"><strong>Turquia<\/strong><\/a> que a falta de caf\u00e9 era suficiente para uma mulher pedir o <strong>div\u00f3rcio<\/strong>. Assim o caf\u00e9 se tornou um item comercial lucrativo e se introduziu em todo o mundo isl\u00e2mico na P\u00e9rsia, Egito, Turquia e Norte da \u00c1frica.<\/span><\/p>\n<p><span style=\"font-weight: 400;\">Agora que voc\u00ea conhece um pouco mais da hist\u00f3ria fascinante do caf\u00e9, n\u00e3o perca a chance de experimentar uma das bebidas mais apreciadas do mundo e conhecer a <strong>cultura por tr\u00e1s de cada x\u00edcara.<\/strong><\/span><\/p>\n<p><span style=\"font-weight: 400;\">Visite uma cafeteria local ou fa\u00e7a o seu pr\u00f3prio caf\u00e9 em casa usando o <a href=\"https:\/\/cafecampeiro.com.br\/en\/product-category\/cafe\/linha-campeiro\/\"><strong>Caf\u00e9 Campeiro<\/strong><\/a>, com essa bebida t\u00e3o <strong>valorizada por s\u00e9culos<\/strong> em todo o mundo \u00e1rabe e al\u00e9m.<\/span><\/p>\n<p><span style=\"font-weight: 400;\">Aproveite tamb\u00e9m para conhecer mais sobre o percurso do caf\u00e9 no mundo: <a href=\"https:\/\/cafecampeiro.com.br\/en\/cafe-do-imperio-otomano-para-europa-e-asia\/\"><strong>veja<\/strong> <strong>aqui<\/strong><\/a> o quarto post da s\u00e9rie <\/span><a href=\"https:\/\/cafecampeiro.com.br\/en\/category\/cafe-no-mundo\/\"><b>Caf\u00e9 no Mundo<\/b><\/a><span style=\"font-weight: 400;\"> e descubra como o caf\u00e9 saiu do Imp\u00e9rio Otomano e foi para a Europa e \u00c1sia!<\/span><\/p>","protected":false},"excerpt":{"rendered":"<p>Ap\u00f3s os et\u00edopes descobrirem o caf\u00e9, a bebida logo se espalhou pelo com\u00e9rcio com os \u00e1rabes atrav\u00e9s da estreita faixa do Mar Vermelho. Quando os et\u00edopes invadiram e governaram o I\u00eamen por cerca de cinquenta anos no s\u00e9culo VI, eles estabeleceram muitas planta\u00e7\u00f5es de caf\u00e9. Os \u00e1rabes aderiram \u00e0 bebida estimulante, come\u00e7ando a cultivar as [&hellip;]<\/p>","protected":false},"author":1,"featured_media":6253,"comment_status":"open","ping_status":"closed","sticky":false,"template":"","format":"standard","meta":{"_jetpack_memberships_contains_paid_content":false,"footnotes":""},"categories":[68],"tags":[103,76,93,95,99,94],"class_list":["post-3106","post","type-post","status-publish","format-standard","has-post-thumbnail","hentry","category-cafe-no-mundo","tag-cafe-do-iemen","tag-cafe-especial","tag-historia-do-cafe","tag-o-cafe-no-mundo","tag-o-comeco-do-cafe","tag-origem-do-cafe"],"featured_image_src":{"landsacpe":["https:\/\/cafecampeiro.com.br\/wp-content\/uploads\/2022\/08\/do_iemen_para_o_mundo-1140x445.jpg",1140,445,true],"list":["https:\/\/cafecampeiro.com.br\/wp-content\/uploads\/2022\/08\/do_iemen_para_o_mundo-463x348.jpg",463,348,true],"medium":["https:\/\/cafecampeiro.com.br\/wp-content\/uploads\/2022\/08\/do_iemen_para_o_mundo-300x138.jpg",300,138,true],"full":["https:\/\/cafecampeiro.com.br\/wp-content\/uploads\/2022\/08\/do_iemen_para_o_mundo.jpg",2000,922,false]},"yoast_head":"<!-- This site is optimized with the Yoast SEO plugin v27.3 - https:\/\/yoast.com\/product\/yoast-seo-wordpress\/ -->\n<title>Caf\u00e9 do I\u00eamen para o mundo \u00e1rabe - Caf\u00e9 Campeiro<\/title>\n<meta name=\"description\" content=\"Os et\u00edopes invadiram e governaram o I\u00eamen por cerca de cinquenta anos no s\u00e9culo VI, eles estabeleceram muitas planta\u00e7\u00f5es de caf\u00e9 pela regi\u00e3o!\" \/>\n<meta name=\"robots\" content=\"index, follow, max-snippet:-1, max-image-preview:large, max-video-preview:-1\" \/>\n<link rel=\"canonical\" href=\"https:\/\/cafecampeiro.com.br\/en\/do-iemen-para-o-mundo-arabe\/\" \/>\n<meta property=\"og:locale\" content=\"en_US\" \/>\n<meta property=\"og:type\" content=\"article\" \/>\n<meta property=\"og:title\" content=\"Caf\u00e9 do I\u00eamen para o mundo \u00e1rabe - Caf\u00e9 Campeiro\" \/>\n<meta property=\"og:description\" content=\"Os et\u00edopes invadiram e governaram o I\u00eamen por cerca de cinquenta anos no s\u00e9culo VI, eles estabeleceram muitas planta\u00e7\u00f5es de caf\u00e9 pela regi\u00e3o!\" \/>\n<meta property=\"og:url\" content=\"https:\/\/cafecampeiro.com.br\/en\/do-iemen-para-o-mundo-arabe\/\" \/>\n<meta property=\"og:site_name\" content=\"Caf\u00e9 Campeiro\" \/>\n<meta property=\"article:published_time\" content=\"2023-01-01T22:02:05+00:00\" \/>\n<meta property=\"article:modified_time\" content=\"2023-12-06T13:11:39+00:00\" \/>\n<meta property=\"og:image\" content=\"https:\/\/cafecampeiro.com.br\/wp-content\/uploads\/2022\/08\/do_iemen_para_o_mundo.jpg\" \/>\n\t<meta property=\"og:image:width\" content=\"2000\" \/>\n\t<meta property=\"og:image:height\" content=\"922\" \/>\n\t<meta property=\"og:image:type\" content=\"image\/jpeg\" \/>\n<meta name=\"author\" content=\"admin\" \/>\n<meta name=\"twitter:card\" content=\"summary_large_image\" \/>\n<meta name=\"twitter:label1\" content=\"Written by\" \/>\n\t<meta name=\"twitter:data1\" content=\"admin\" \/>\n\t<meta name=\"twitter:label2\" content=\"Est. reading time\" \/>\n\t<meta name=\"twitter:data2\" content=\"3 minutes\" \/>\n<script type=\"application\/ld+json\" class=\"yoast-schema-graph\">{\"@context\":\"https:\\\/\\\/schema.org\",\"@graph\":[{\"@type\":\"Article\",\"@id\":\"https:\\\/\\\/cafecampeiro.com.br\\\/do-iemen-para-o-mundo-arabe\\\/#article\",\"isPartOf\":{\"@id\":\"https:\\\/\\\/cafecampeiro.com.br\\\/do-iemen-para-o-mundo-arabe\\\/\"},\"author\":{\"name\":\"admin\",\"@id\":\"https:\\\/\\\/cafecampeiro.com.br\\\/#\\\/schema\\\/person\\\/477462e6610d5050256658c3670001ef\"},\"headline\":\"Caf\u00e9 do I\u00eamen para o mundo \u00e1rabe\",\"datePublished\":\"2023-01-01T22:02:05+00:00\",\"dateModified\":\"2023-12-06T13:11:39+00:00\",\"mainEntityOfPage\":{\"@id\":\"https:\\\/\\\/cafecampeiro.com.br\\\/do-iemen-para-o-mundo-arabe\\\/\"},\"wordCount\":563,\"commentCount\":11,\"image\":{\"@id\":\"https:\\\/\\\/cafecampeiro.com.br\\\/do-iemen-para-o-mundo-arabe\\\/#primaryimage\"},\"thumbnailUrl\":\"https:\\\/\\\/cafecampeiro.com.br\\\/wp-content\\\/uploads\\\/2022\\\/08\\\/do_iemen_para_o_mundo.jpg\",\"keywords\":[\"caf\u00e9 do iemen\",\"caf\u00e9 especial\",\"hist\u00f3ria do caf\u00e9\",\"o caf\u00e9 no mundo\",\"o come\u00e7o do caf\u00e9\",\"origem do caf\u00e9\"],\"articleSection\":[\"Caf\u00e9 no Mundo\"],\"inLanguage\":\"en-US\",\"potentialAction\":[{\"@type\":\"CommentAction\",\"name\":\"Comment\",\"target\":[\"https:\\\/\\\/cafecampeiro.com.br\\\/do-iemen-para-o-mundo-arabe\\\/#respond\"]}]},{\"@type\":\"WebPage\",\"@id\":\"https:\\\/\\\/cafecampeiro.com.br\\\/do-iemen-para-o-mundo-arabe\\\/\",\"url\":\"https:\\\/\\\/cafecampeiro.com.br\\\/do-iemen-para-o-mundo-arabe\\\/\",\"name\":\"Caf\u00e9 do I\u00eamen para o mundo \u00e1rabe - Caf\u00e9 Campeiro\",\"isPartOf\":{\"@id\":\"https:\\\/\\\/cafecampeiro.com.br\\\/#website\"},\"primaryImageOfPage\":{\"@id\":\"https:\\\/\\\/cafecampeiro.com.br\\\/do-iemen-para-o-mundo-arabe\\\/#primaryimage\"},\"image\":{\"@id\":\"https:\\\/\\\/cafecampeiro.com.br\\\/do-iemen-para-o-mundo-arabe\\\/#primaryimage\"},\"thumbnailUrl\":\"https:\\\/\\\/cafecampeiro.com.br\\\/wp-content\\\/uploads\\\/2022\\\/08\\\/do_iemen_para_o_mundo.jpg\",\"datePublished\":\"2023-01-01T22:02:05+00:00\",\"dateModified\":\"2023-12-06T13:11:39+00:00\",\"author\":{\"@id\":\"https:\\\/\\\/cafecampeiro.com.br\\\/#\\\/schema\\\/person\\\/477462e6610d5050256658c3670001ef\"},\"description\":\"Os et\u00edopes invadiram e governaram o I\u00eamen por cerca de cinquenta anos no s\u00e9culo VI, eles estabeleceram muitas planta\u00e7\u00f5es de caf\u00e9 pela regi\u00e3o!\",\"breadcrumb\":{\"@id\":\"https:\\\/\\\/cafecampeiro.com.br\\\/do-iemen-para-o-mundo-arabe\\\/#breadcrumb\"},\"inLanguage\":\"en-US\",\"potentialAction\":[{\"@type\":\"ReadAction\",\"target\":[\"https:\\\/\\\/cafecampeiro.com.br\\\/do-iemen-para-o-mundo-arabe\\\/\"]}]},{\"@type\":\"ImageObject\",\"inLanguage\":\"en-US\",\"@id\":\"https:\\\/\\\/cafecampeiro.com.br\\\/do-iemen-para-o-mundo-arabe\\\/#primaryimage\",\"url\":\"https:\\\/\\\/cafecampeiro.com.br\\\/wp-content\\\/uploads\\\/2022\\\/08\\\/do_iemen_para_o_mundo.jpg\",\"contentUrl\":\"https:\\\/\\\/cafecampeiro.com.br\\\/wp-content\\\/uploads\\\/2022\\\/08\\\/do_iemen_para_o_mundo.jpg\",\"width\":2000,\"height\":922,\"caption\":\"Caf\u00e9 do I\u00eamen para o mundo \u00e1rabe\"},{\"@type\":\"BreadcrumbList\",\"@id\":\"https:\\\/\\\/cafecampeiro.com.br\\\/do-iemen-para-o-mundo-arabe\\\/#breadcrumb\",\"itemListElement\":[{\"@type\":\"ListItem\",\"position\":1,\"name\":\"In\u00edcio\",\"item\":\"https:\\\/\\\/cafecampeiro.com.br\\\/\"},{\"@type\":\"ListItem\",\"position\":2,\"name\":\"Caf\u00e9 do I\u00eamen para o mundo \u00e1rabe\"}]},{\"@type\":\"WebSite\",\"@id\":\"https:\\\/\\\/cafecampeiro.com.br\\\/#website\",\"url\":\"https:\\\/\\\/cafecampeiro.com.br\\\/\",\"name\":\"Caf\u00e9 Campeiro\",\"description\":\"Caf\u00e9 Campeiro\",\"potentialAction\":[{\"@type\":\"SearchAction\",\"target\":{\"@type\":\"EntryPoint\",\"urlTemplate\":\"https:\\\/\\\/cafecampeiro.com.br\\\/?s={search_term_string}\"},\"query-input\":{\"@type\":\"PropertyValueSpecification\",\"valueRequired\":true,\"valueName\":\"search_term_string\"}}],\"inLanguage\":\"en-US\"},{\"@type\":\"Person\",\"@id\":\"https:\\\/\\\/cafecampeiro.com.br\\\/#\\\/schema\\\/person\\\/477462e6610d5050256658c3670001ef\",\"name\":\"admin\",\"image\":{\"@type\":\"ImageObject\",\"inLanguage\":\"en-US\",\"@id\":\"https:\\\/\\\/secure.gravatar.com\\\/avatar\\\/3e86018f5fbaae87cd3ec3e2d6e8323ebed11214a5a8a28824e3f5442932319f?s=96&d=mm&r=g\",\"url\":\"https:\\\/\\\/secure.gravatar.com\\\/avatar\\\/3e86018f5fbaae87cd3ec3e2d6e8323ebed11214a5a8a28824e3f5442932319f?s=96&d=mm&r=g\",\"contentUrl\":\"https:\\\/\\\/secure.gravatar.com\\\/avatar\\\/3e86018f5fbaae87cd3ec3e2d6e8323ebed11214a5a8a28824e3f5442932319f?s=96&d=mm&r=g\",\"caption\":\"admin\"},\"sameAs\":[\"https:\\\/\\\/cafecampeiro.com.br\"],\"url\":\"https:\\\/\\\/cafecampeiro.com.br\\\/en\\\/author\\\/admin\\\/\"}]}<\/script>\n<!-- \/ Yoast SEO plugin. -->","yoast_head_json":{"title":"Caf\u00e9 do I\u00eamen para o mundo \u00e1rabe - Caf\u00e9 Campeiro","description":"Os et\u00edopes invadiram e governaram o I\u00eamen por cerca de cinquenta anos no s\u00e9culo VI, eles estabeleceram muitas planta\u00e7\u00f5es de caf\u00e9 pela regi\u00e3o!","robots":{"index":"index","follow":"follow","max-snippet":"max-snippet:-1","max-image-preview":"max-image-preview:large","max-video-preview":"max-video-preview:-1"},"canonical":"https:\/\/cafecampeiro.com.br\/en\/do-iemen-para-o-mundo-arabe\/","og_locale":"en_US","og_type":"article","og_title":"Caf\u00e9 do I\u00eamen para o mundo \u00e1rabe - Caf\u00e9 Campeiro","og_description":"Os et\u00edopes invadiram e governaram o I\u00eamen por cerca de cinquenta anos no s\u00e9culo VI, eles estabeleceram muitas planta\u00e7\u00f5es de caf\u00e9 pela regi\u00e3o!","og_url":"https:\/\/cafecampeiro.com.br\/en\/do-iemen-para-o-mundo-arabe\/","og_site_name":"Caf\u00e9 Campeiro","article_published_time":"2023-01-01T22:02:05+00:00","article_modified_time":"2023-12-06T13:11:39+00:00","og_image":[{"width":2000,"height":922,"url":"https:\/\/cafecampeiro.com.br\/wp-content\/uploads\/2022\/08\/do_iemen_para_o_mundo.jpg","type":"image\/jpeg"}],"author":"admin","twitter_card":"summary_large_image","twitter_misc":{"Written by":"admin","Est. reading time":"3 minutes"},"schema":{"@context":"https:\/\/schema.org","@graph":[{"@type":"Article","@id":"https:\/\/cafecampeiro.com.br\/do-iemen-para-o-mundo-arabe\/#article","isPartOf":{"@id":"https:\/\/cafecampeiro.com.br\/do-iemen-para-o-mundo-arabe\/"},"author":{"name":"admin","@id":"https:\/\/cafecampeiro.com.br\/#\/schema\/person\/477462e6610d5050256658c3670001ef"},"headline":"Caf\u00e9 do I\u00eamen para o mundo \u00e1rabe","datePublished":"2023-01-01T22:02:05+00:00","dateModified":"2023-12-06T13:11:39+00:00","mainEntityOfPage":{"@id":"https:\/\/cafecampeiro.com.br\/do-iemen-para-o-mundo-arabe\/"},"wordCount":563,"commentCount":11,"image":{"@id":"https:\/\/cafecampeiro.com.br\/do-iemen-para-o-mundo-arabe\/#primaryimage"},"thumbnailUrl":"https:\/\/cafecampeiro.com.br\/wp-content\/uploads\/2022\/08\/do_iemen_para_o_mundo.jpg","keywords":["caf\u00e9 do iemen","caf\u00e9 especial","hist\u00f3ria do caf\u00e9","o caf\u00e9 no mundo","o come\u00e7o do caf\u00e9","origem do caf\u00e9"],"articleSection":["Caf\u00e9 no Mundo"],"inLanguage":"en-US","potentialAction":[{"@type":"CommentAction","name":"Comment","target":["https:\/\/cafecampeiro.com.br\/do-iemen-para-o-mundo-arabe\/#respond"]}]},{"@type":"WebPage","@id":"https:\/\/cafecampeiro.com.br\/do-iemen-para-o-mundo-arabe\/","url":"https:\/\/cafecampeiro.com.br\/do-iemen-para-o-mundo-arabe\/","name":"Caf\u00e9 do I\u00eamen para o mundo \u00e1rabe - Caf\u00e9 Campeiro","isPartOf":{"@id":"https:\/\/cafecampeiro.com.br\/#website"},"primaryImageOfPage":{"@id":"https:\/\/cafecampeiro.com.br\/do-iemen-para-o-mundo-arabe\/#primaryimage"},"image":{"@id":"https:\/\/cafecampeiro.com.br\/do-iemen-para-o-mundo-arabe\/#primaryimage"},"thumbnailUrl":"https:\/\/cafecampeiro.com.br\/wp-content\/uploads\/2022\/08\/do_iemen_para_o_mundo.jpg","datePublished":"2023-01-01T22:02:05+00:00","dateModified":"2023-12-06T13:11:39+00:00","author":{"@id":"https:\/\/cafecampeiro.com.br\/#\/schema\/person\/477462e6610d5050256658c3670001ef"},"description":"Os et\u00edopes invadiram e governaram o I\u00eamen por cerca de cinquenta anos no s\u00e9culo VI, eles estabeleceram muitas planta\u00e7\u00f5es de caf\u00e9 pela regi\u00e3o!","breadcrumb":{"@id":"https:\/\/cafecampeiro.com.br\/do-iemen-para-o-mundo-arabe\/#breadcrumb"},"inLanguage":"en-US","potentialAction":[{"@type":"ReadAction","target":["https:\/\/cafecampeiro.com.br\/do-iemen-para-o-mundo-arabe\/"]}]},{"@type":"ImageObject","inLanguage":"en-US","@id":"https:\/\/cafecampeiro.com.br\/do-iemen-para-o-mundo-arabe\/#primaryimage","url":"https:\/\/cafecampeiro.com.br\/wp-content\/uploads\/2022\/08\/do_iemen_para_o_mundo.jpg","contentUrl":"https:\/\/cafecampeiro.com.br\/wp-content\/uploads\/2022\/08\/do_iemen_para_o_mundo.jpg","width":2000,"height":922,"caption":"Caf\u00e9 do I\u00eamen para o mundo \u00e1rabe"},{"@type":"BreadcrumbList","@id":"https:\/\/cafecampeiro.com.br\/do-iemen-para-o-mundo-arabe\/#breadcrumb","itemListElement":[{"@type":"ListItem","position":1,"name":"In\u00edcio","item":"https:\/\/cafecampeiro.com.br\/"},{"@type":"ListItem","position":2,"name":"Caf\u00e9 do I\u00eamen para o mundo \u00e1rabe"}]},{"@type":"WebSite","@id":"https:\/\/cafecampeiro.com.br\/#website","url":"https:\/\/cafecampeiro.com.br\/","name":"Caf\u00e9 Campeiro","description":"Caf\u00e9 Campeiro","potentialAction":[{"@type":"SearchAction","target":{"@type":"EntryPoint","urlTemplate":"https:\/\/cafecampeiro.com.br\/?s={search_term_string}"},"query-input":{"@type":"PropertyValueSpecification","valueRequired":true,"valueName":"search_term_string"}}],"inLanguage":"en-US"},{"@type":"Person","@id":"https:\/\/cafecampeiro.com.br\/#\/schema\/person\/477462e6610d5050256658c3670001ef","name":"admin","image":{"@type":"ImageObject","inLanguage":"en-US","@id":"https:\/\/secure.gravatar.com\/avatar\/3e86018f5fbaae87cd3ec3e2d6e8323ebed11214a5a8a28824e3f5442932319f?s=96&d=mm&r=g","url":"https:\/\/secure.gravatar.com\/avatar\/3e86018f5fbaae87cd3ec3e2d6e8323ebed11214a5a8a28824e3f5442932319f?s=96&d=mm&r=g","contentUrl":"https:\/\/secure.gravatar.com\/avatar\/3e86018f5fbaae87cd3ec3e2d6e8323ebed11214a5a8a28824e3f5442932319f?s=96&d=mm&r=g","caption":"admin"},"sameAs":["https:\/\/cafecampeiro.com.br"],"url":"https:\/\/cafecampeiro.com.br\/en\/author\/admin\/"}]}},"jetpack_featured_media_url":"https:\/\/cafecampeiro.com.br\/wp-content\/uploads\/2022\/08\/do_iemen_para_o_mundo.jpg","jetpack_sharing_enabled":true,"_links":{"self":[{"href":"https:\/\/cafecampeiro.com.br\/en\/wp-json\/wp\/v2\/posts\/3106","targetHints":{"allow":["GET"]}}],"collection":[{"href":"https:\/\/cafecampeiro.com.br\/en\/wp-json\/wp\/v2\/posts"}],"about":[{"href":"https:\/\/cafecampeiro.com.br\/en\/wp-json\/wp\/v2\/types\/post"}],"author":[{"embeddable":true,"href":"https:\/\/cafecampeiro.com.br\/en\/wp-json\/wp\/v2\/users\/1"}],"replies":[{"embeddable":true,"href":"https:\/\/cafecampeiro.com.br\/en\/wp-json\/wp\/v2\/comments?post=3106"}],"version-history":[{"count":0,"href":"https:\/\/cafecampeiro.com.br\/en\/wp-json\/wp\/v2\/posts\/3106\/revisions"}],"wp:featuredmedia":[{"embeddable":true,"href":"https:\/\/cafecampeiro.com.br\/en\/wp-json\/wp\/v2\/media\/6253"}],"wp:attachment":[{"href":"https:\/\/cafecampeiro.com.br\/en\/wp-json\/wp\/v2\/media?parent=3106"}],"wp:term":[{"taxonomy":"category","embeddable":true,"href":"https:\/\/cafecampeiro.com.br\/en\/wp-json\/wp\/v2\/categories?post=3106"},{"taxonomy":"post_tag","embeddable":true,"href":"https:\/\/cafecampeiro.com.br\/en\/wp-json\/wp\/v2\/tags?post=3106"}],"curies":[{"name":"wp","href":"https:\/\/api.w.org\/{rel}","templated":true}]}}