{"id":3569,"date":"2023-12-06T10:00:23","date_gmt":"2023-12-06T13:00:23","guid":{"rendered":"https:\/\/cafecampeiro.com.br\/?p=3569"},"modified":"2023-12-08T09:41:28","modified_gmt":"2023-12-08T12:41:28","slug":"cafe-especial-vs-gourmet-qual-a-diferenca","status":"publish","type":"post","link":"https:\/\/cafecampeiro.com.br\/en\/cafe-especial-vs-gourmet-qual-a-diferenca\/","title":{"rendered":"Caf\u00e9 Especial vs. Gourmet: Qual a Diferen\u00e7a?"},"content":{"rendered":"<p><span style=\"font-weight: 400;\">Se voc\u00ea \u00e9 um amante de caf\u00e9, provavelmente j\u00e1 ouviu falar sobre os termos &#8220;<strong>caf\u00e9 especial<\/strong>&#8221; e &#8220;<strong>caf\u00e9 gourmet<\/strong>&#8220;. Mas qual \u00e9 a real diferen\u00e7a entre eles?<\/span><\/p>\n<p><span style=\"font-weight: 400;\">O objetivo deste artigo \u00e9 apresentar as <strong>diferen\u00e7as entre caf\u00e9 especial e caf\u00e9 gourmet<\/strong>, auxiliando o consumidor na escolha de qual tipo de caf\u00e9 melhor atende \u00e0s suas prefer\u00eancias. Al\u00e9m disso, discutiremos o valor de mercado desses tipos de caf\u00e9, a fim de compreender o porqu\u00ea do seu crescente sucesso.<\/span><\/p>\n<p><span style=\"font-weight: 400;\">Com o aumento da demanda por caf\u00e9s de qualidade, entender as caracter\u00edsticas do caf\u00e9 especial e do caf\u00e9 gourmet pode ser uma forma de <strong>apreciar ainda mais essa bebida<\/strong> t\u00e3o presente em nosso cotidiano.<\/span><\/p>\n<p>&nbsp;<\/p>\n<h2><strong>O que \u00e9 caf\u00e9 especial?<\/strong><\/h2>\n<p><a href=\"https:\/\/cafecampeiro.com.br\/wp-content\/uploads\/2023\/03\/cafe-especial-graos-in-natura.jpg\"><img loading=\"lazy\" decoding=\"async\" class=\"alignnone size-full wp-image-3575\" src=\"https:\/\/cafecampeiro.com.br\/wp-content\/uploads\/2023\/03\/cafe-especial-graos-in-natura.jpg\" alt=\"Caf\u00e9 especial ou gourmet? Gr\u00e3os in natura.\" width=\"1920\" height=\"640\" srcset=\"https:\/\/cafecampeiro.com.br\/wp-content\/uploads\/2023\/03\/cafe-especial-graos-in-natura.jpg 1920w, https:\/\/cafecampeiro.com.br\/wp-content\/uploads\/2023\/03\/cafe-especial-graos-in-natura-1024x341.jpg 1024w, https:\/\/cafecampeiro.com.br\/wp-content\/uploads\/2023\/03\/cafe-especial-graos-in-natura-768x256.jpg 768w, https:\/\/cafecampeiro.com.br\/wp-content\/uploads\/2023\/03\/cafe-especial-graos-in-natura-1536x512.jpg 1536w, https:\/\/cafecampeiro.com.br\/wp-content\/uploads\/2023\/03\/cafe-especial-graos-in-natura-320x107.jpg 320w, https:\/\/cafecampeiro.com.br\/wp-content\/uploads\/2023\/03\/cafe-especial-graos-in-natura-480x160.jpg 480w, https:\/\/cafecampeiro.com.br\/wp-content\/uploads\/2023\/03\/cafe-especial-graos-in-natura-800x267.jpg 800w, https:\/\/cafecampeiro.com.br\/wp-content\/uploads\/2023\/03\/cafe-especial-graos-in-natura-640x213.jpg 640w, https:\/\/cafecampeiro.com.br\/wp-content\/uploads\/2023\/03\/cafe-especial-graos-in-natura-400x133.jpg 400w, https:\/\/cafecampeiro.com.br\/wp-content\/uploads\/2023\/03\/cafe-especial-graos-in-natura-1320x440.jpg 1320w, https:\/\/cafecampeiro.com.br\/wp-content\/uploads\/2023\/03\/cafe-especial-graos-in-natura-630x210.jpg 630w\" sizes=\"auto, (max-width: 1920px) 100vw, 1920px\" \/><\/a><\/p>\n<p><span style=\"font-weight: 400;\">Caf\u00e9 especial \u00e9 uma <strong>defini\u00e7\u00e3o t\u00e9cnica<\/strong> que representa uma categoria acima dos caf\u00e9s gourmets e se diferencia dos demais pelo seu <\/span><b>alto padr\u00e3o de qualidade<\/b><span style=\"font-weight: 400;\">. Ele \u00e9 produzido a partir de <\/span><b>gr\u00e3os selecionados<\/b><span style=\"font-weight: 400;\">, que passam por um <\/span><b>processo rigoroso de cultivo<\/b><span style=\"font-weight: 400;\">, <\/span><b>colheita<\/b><span style=\"font-weight: 400;\">, <\/span><b>processamento<\/b><span style=\"font-weight: 400;\"> e <\/span><b>torra<\/b><span style=\"font-weight: 400;\">.<\/span><\/p>\n<p><span style=\"font-weight: 400;\">De forma objetiva, classificamos o caf\u00e9 especial como tal quando ele atinge uma pontua\u00e7\u00e3o de 80 pontos ou mais em uma escala de 0 a 100 pontos, na avalia\u00e7\u00e3o da <strong>BSCA<\/strong>. Essa avalia\u00e7\u00e3o leva em conta crit\u00e9rios como <strong>sabor, aroma, acidez e corpo.<\/strong> Al\u00e9m disso, \u00e9 um caf\u00e9 produzido em pequenas quantidades quando comparado ao Gourmet. Origin\u00e1rio de uma \u00fanica fazenda ou regi\u00e3o espec\u00edfica, \u00e9 poss\u00edvel colher esse produto \u00e0 m\u00e3o.<\/span><\/p>\n<p><span style=\"font-weight: 400;\">Uma das caracter\u00edsticas mais marcantes do caf\u00e9 especial \u00e9 o seu <\/span><b>sabor e aroma \u00fanicos<\/b><span style=\"font-weight: 400;\">, que proporcionam uma experi\u00eancia sensorial diferenciada ao consumidor. A saber, para produzir caf\u00e9 especial, os produtores utilizam t\u00e9cnicas de cultivo mais cuidadosas e sustent\u00e1veis. Por isso n\u00f3s do <strong>Caf\u00e9 Campeiro<\/strong> s\u00f3 trabalhamos com <a href=\"https:\/\/cafecampeiro.com.br\/en\/product-category\/cafe\/\"><strong>caf\u00e9s especiais!<\/strong><\/a><\/span><\/p>\n<p>&nbsp;<\/p>\n<h2><strong>O que \u00e9 caf\u00e9 gourmet?<\/strong><\/h2>\n<p><a href=\"https:\/\/cafecampeiro.com.br\/wp-content\/uploads\/2023\/03\/cafe-gourmet.jpg\"><img loading=\"lazy\" decoding=\"async\" class=\"alignnone size-full wp-image-3577\" src=\"https:\/\/cafecampeiro.com.br\/wp-content\/uploads\/2023\/03\/cafe-gourmet.jpg\" alt=\"Caf\u00e9 gourmet\" width=\"1920\" height=\"640\" srcset=\"https:\/\/cafecampeiro.com.br\/wp-content\/uploads\/2023\/03\/cafe-gourmet.jpg 1920w, https:\/\/cafecampeiro.com.br\/wp-content\/uploads\/2023\/03\/cafe-gourmet-1024x341.jpg 1024w, https:\/\/cafecampeiro.com.br\/wp-content\/uploads\/2023\/03\/cafe-gourmet-768x256.jpg 768w, https:\/\/cafecampeiro.com.br\/wp-content\/uploads\/2023\/03\/cafe-gourmet-1536x512.jpg 1536w, https:\/\/cafecampeiro.com.br\/wp-content\/uploads\/2023\/03\/cafe-gourmet-320x107.jpg 320w, https:\/\/cafecampeiro.com.br\/wp-content\/uploads\/2023\/03\/cafe-gourmet-480x160.jpg 480w, https:\/\/cafecampeiro.com.br\/wp-content\/uploads\/2023\/03\/cafe-gourmet-800x267.jpg 800w, https:\/\/cafecampeiro.com.br\/wp-content\/uploads\/2023\/03\/cafe-gourmet-640x213.jpg 640w, https:\/\/cafecampeiro.com.br\/wp-content\/uploads\/2023\/03\/cafe-gourmet-400x133.jpg 400w, https:\/\/cafecampeiro.com.br\/wp-content\/uploads\/2023\/03\/cafe-gourmet-1320x440.jpg 1320w, https:\/\/cafecampeiro.com.br\/wp-content\/uploads\/2023\/03\/cafe-gourmet-630x210.jpg 630w\" sizes=\"auto, (max-width: 1920px) 100vw, 1920px\" \/><\/a><\/p>\n<p><span style=\"font-weight: 400;\">O termo &#8220;gourmet&#8221; \u00e9 frequentemente usado para descrever alimentos de alta qualidade e sabor sofisticado, mas o caf\u00e9 <\/span><b>Gourmet<\/b><strong> n\u00e3o \u00e9 a melhor categoria de caf\u00e9 poss\u00edvel. <\/strong>\u00c9 uma categoria que apenas est\u00e1 acima da tradicional e da extra-forte.<\/p>\n<p><span style=\"font-weight: 400;\">Produtores de caf\u00e9 Gourmet produzem em grande escala e selecionam os gr\u00e3os com <strong>menos cuidado<\/strong>, dessa maneira, incluem uma quantidade de gr\u00e3os n\u00e3o maduros, o que gera inconsist\u00eancias de sabor e qualidade.<\/span><\/p>\n<p><span style=\"font-weight: 400;\">A <strong>falta de cuidado na torra<\/strong> tamb\u00e9m prejudica a qualidade dos caf\u00e9s gourmet, pois as torrefa\u00e7\u00f5es realizam o processo em lotes enormes e com anteced\u00eancia consider\u00e1vel antes de disponibiliz\u00e1-los nas prateleiras dos mercados.<\/span><\/p>\n<p>&nbsp;<\/p>\n<h2><strong>Caf\u00e9 especial vs. Caf\u00e9 gourmet<\/strong><\/h2>\n<p><span style=\"font-weight: 400;\">A <strong>principal diferen\u00e7a<\/strong> t\u00e9cnica entre o caf\u00e9 especial e o caf\u00e9 gourmet reside na maneira como cultivam, colhem, processam e torram o gr\u00e3o. Como mencionado anteriormente, no caf\u00e9 especial, os produtores cultivam em condi\u00e7\u00f5es ideais e selecionam cuidadosamente, enquanto no caf\u00e9 gourmet, os produtores produzem em em condi\u00e7\u00f5es ruins e de qualidade variada.<\/span><\/p>\n<p><span style=\"font-weight: 400;\">Ademais, torrefa\u00e7\u00f5es torram o <strong>caf\u00e9 especial<\/strong> de forma precisa e <strong>fresco<\/strong>. Enquanto no caf\u00e9 gourmet \u00e9 torram em grandes lotes e armazenam por per\u00edodos mais longos.<\/span><\/p>\n<p>&nbsp;<\/p>\n<h2><strong>Especial \u00e9 melhor?<\/strong><\/h2>\n<p><span style=\"font-weight: 400;\"><strong>Exatamente!<\/strong> Agora que entendemos as diferen\u00e7as t\u00e9cnicas entre o caf\u00e9 especial e o caf\u00e9 gourmet, \u00e9 f\u00e1cil entender por que o caf\u00e9 especial \u00e9 melhor. O caf\u00e9 especial \u00e9 <\/span><b>cuidadosamente cultivado e processado<\/b><span style=\"font-weight: 400;\"> para garantir a melhor qualidade poss\u00edvel, e \u00e9 <\/span><b>torrado de maneira precisa<\/b><span style=\"font-weight: 400;\"> para real\u00e7ar suas caracter\u00edsticas \u00fanicas. Al\u00e9m disso, o caf\u00e9 especial mant\u00e9m seu sabor e aroma por mais tempo do que o caf\u00e9 gourmet.<\/span><\/p>\n<p><span style=\"font-weight: 400;\">Em rela\u00e7\u00e3o ao pre\u00e7o, \u00e9 importante lembrar que o caf\u00e9 especial costuma ser mais caro do que o caf\u00e9 gourmet, devido ao seu <strong>processo de produ\u00e7\u00e3o mais restrito e cuidadoso.<\/strong> No entanto, o caf\u00e9 gourmet tamb\u00e9m apresenta um valor elevado se comparado com as categorias tradicionais.<\/span><\/p>\n<p>&nbsp;<\/p>\n<h2><strong>Conclus\u00e3o<\/strong><\/h2>\n<p><span style=\"font-weight: 400;\">Neste artigo, discutimos sobre as <\/span><b>diferen\u00e7as entre caf\u00e9 especial e caf\u00e9 gourmet<\/b><span style=\"font-weight: 400;\">, suas caracter\u00edsticas e processos de produ\u00e7\u00e3o, al\u00e9m de fatores a serem considerados na hora de escolher entre os dois tipos de caf\u00e9.<\/span><\/p>\n<p><span style=\"font-weight: 400;\">Em resumo, o caf\u00e9 especial \u00e9 uma categoria de caf\u00e9 que se concentra na <strong>qualidade da bebida<\/strong>, desde o cultivo at\u00e9 o processamento e torra. Por outro lado, no caf\u00e9 gourmet, os produtores produzemem grande escala e com menos cuidado na sele\u00e7\u00e3o dos gr\u00e3os, resultando em inconsist\u00eancias de qualidade.<\/span><\/p>\n<p><span style=\"font-weight: 400;\">\u00c9 importante ressaltar a import\u00e2ncia da escolha de um caf\u00e9 de qualidade, tanto para o sabor e a experi\u00eancia do consumidor, quanto para a <\/span><b>sustentabilidade<\/b><span style=\"font-weight: 400;\"> do mercado de caf\u00e9.<\/span><\/p>\n<p><span style=\"font-weight: 400;\">Com o aumento do interesse dos consumidores por caf\u00e9 de alta qualidade e sustent\u00e1vel, h\u00e1 <strong>perspectivas positivas<\/strong> para o futuro do mercado de caf\u00e9 especial.<\/span><\/p>\n<p>E voc\u00ea, j\u00e1 garantiu sua <a href=\"https:\/\/cafecampeiro.com.br\/en\/product\/plano-campeiro-assinatura-mensal\/\"><strong>assinatura de caf\u00e9s especiais no clube do Caf\u00e9 Campeiro?<\/strong><\/a> Escolha o gr\u00e3o que <strong>mais te agrada!<\/strong><\/p>\n<p>&nbsp;<\/p>\n<p><strong>Refer\u00eancias:<\/strong><\/p>\n<p><strong><a href=\"https:\/\/sca.coffee\/research\/what-is-specialty-coffee\">Specialty Coffee Association. (2021). What is Specialty Coffee?<\/a><\/strong><\/p>","protected":false},"excerpt":{"rendered":"<p>Se voc\u00ea \u00e9 um amante de caf\u00e9, provavelmente j\u00e1 ouviu falar sobre os termos &#8220;caf\u00e9 especial&#8221; e &#8220;caf\u00e9 gourmet&#8220;. Mas qual \u00e9 a real diferen\u00e7a entre eles? O objetivo deste artigo \u00e9 apresentar as diferen\u00e7as entre caf\u00e9 especial e caf\u00e9 gourmet, auxiliando o consumidor na escolha de qual tipo de caf\u00e9 melhor atende \u00e0s suas [&hellip;]<\/p>","protected":false},"author":10,"featured_media":6543,"comment_status":"open","ping_status":"open","sticky":false,"template":"","format":"standard","meta":{"_jetpack_memberships_contains_paid_content":false,"footnotes":""},"categories":[82],"tags":[89,76,84,90,86,91,85,87,88,92],"class_list":["post-3569","post","type-post","status-publish","format-standard","has-post-thumbnail","hentry","category-educacao","tag-aroma-do-cafe","tag-cafe-especial","tag-cafe-gourmet","tag-certificacoes-de-qualidade-do-cafe","tag-escolha-de-cafe","tag-mercado-de-cafe","tag-processos-de-producao","tag-qualidade-do-cafe","tag-sabor-do-cafe","tag-sustentabilidade-do-mercado-de-cafe"],"featured_image_src":{"landsacpe":["https:\/\/cafecampeiro.com.br\/wp-content\/uploads\/2023\/12\/gourmet_especial2-1140x445.jpg",1140,445,true],"list":["https:\/\/cafecampeiro.com.br\/wp-content\/uploads\/2023\/12\/gourmet_especial2-463x348.jpg",463,348,true],"medium":["https:\/\/cafecampeiro.com.br\/wp-content\/uploads\/2023\/12\/gourmet_especial2-300x138.jpg",300,138,true],"full":["https:\/\/cafecampeiro.com.br\/wp-content\/uploads\/2023\/12\/gourmet_especial2.jpg",2000,922,false]},"yoast_head":"<!-- This site is optimized with the Yoast SEO plugin v27.3 - https:\/\/yoast.com\/product\/yoast-seo-wordpress\/ -->\n<title>Caf\u00e9 Especial vs. Gourmet: Qual a Diferen\u00e7a? - Caf\u00e9 Campeiro<\/title>\n<meta name=\"description\" content=\"Descubra as diferen\u00e7as entre caf\u00e9 especial e gourmet, suas caracter\u00edsticas e processos de produ\u00e7\u00e3o e aprenda a escolher um caf\u00e9 de qualidade.\" \/>\n<meta name=\"robots\" content=\"index, follow, max-snippet:-1, max-image-preview:large, max-video-preview:-1\" \/>\n<link rel=\"canonical\" href=\"https:\/\/cafecampeiro.com.br\/en\/cafe-especial-vs-gourmet-qual-a-diferenca\/\" \/>\n<meta property=\"og:locale\" content=\"en_US\" \/>\n<meta property=\"og:type\" content=\"article\" \/>\n<meta property=\"og:title\" content=\"Caf\u00e9 Especial vs. Gourmet: Qual a Diferen\u00e7a? - Caf\u00e9 Campeiro\" \/>\n<meta property=\"og:description\" content=\"Descubra as diferen\u00e7as entre caf\u00e9 especial e gourmet, suas caracter\u00edsticas e processos de produ\u00e7\u00e3o e aprenda a escolher um caf\u00e9 de qualidade.\" \/>\n<meta property=\"og:url\" content=\"https:\/\/cafecampeiro.com.br\/en\/cafe-especial-vs-gourmet-qual-a-diferenca\/\" \/>\n<meta property=\"og:site_name\" content=\"Caf\u00e9 Campeiro\" \/>\n<meta property=\"article:published_time\" content=\"2023-12-06T13:00:23+00:00\" \/>\n<meta property=\"article:modified_time\" content=\"2023-12-08T12:41:28+00:00\" \/>\n<meta property=\"og:image\" content=\"https:\/\/cafecampeiro.com.br\/wp-content\/uploads\/2023\/12\/gourmet_especial2.jpg\" \/>\n\t<meta property=\"og:image:width\" content=\"2000\" \/>\n\t<meta property=\"og:image:height\" content=\"922\" \/>\n\t<meta property=\"og:image:type\" content=\"image\/jpeg\" \/>\n<meta name=\"author\" content=\"Rafael wp\" \/>\n<meta name=\"twitter:card\" content=\"summary_large_image\" \/>\n<meta name=\"twitter:label1\" content=\"Written by\" \/>\n\t<meta name=\"twitter:data1\" content=\"Rafael wp\" \/>\n\t<meta name=\"twitter:label2\" content=\"Est. reading time\" \/>\n\t<meta name=\"twitter:data2\" content=\"5 minutes\" \/>\n<script type=\"application\/ld+json\" class=\"yoast-schema-graph\">{\"@context\":\"https:\\\/\\\/schema.org\",\"@graph\":[{\"@type\":\"Article\",\"@id\":\"https:\\\/\\\/cafecampeiro.com.br\\\/cafe-especial-vs-gourmet-qual-a-diferenca\\\/#article\",\"isPartOf\":{\"@id\":\"https:\\\/\\\/cafecampeiro.com.br\\\/cafe-especial-vs-gourmet-qual-a-diferenca\\\/\"},\"author\":{\"name\":\"Rafael wp\",\"@id\":\"https:\\\/\\\/cafecampeiro.com.br\\\/#\\\/schema\\\/person\\\/074bd2af64c306927c4c83b4fd371665\"},\"headline\":\"Caf\u00e9 Especial vs. Gourmet: Qual a Diferen\u00e7a?\",\"datePublished\":\"2023-12-06T13:00:23+00:00\",\"dateModified\":\"2023-12-08T12:41:28+00:00\",\"mainEntityOfPage\":{\"@id\":\"https:\\\/\\\/cafecampeiro.com.br\\\/cafe-especial-vs-gourmet-qual-a-diferenca\\\/\"},\"wordCount\":820,\"commentCount\":35,\"image\":{\"@id\":\"https:\\\/\\\/cafecampeiro.com.br\\\/cafe-especial-vs-gourmet-qual-a-diferenca\\\/#primaryimage\"},\"thumbnailUrl\":\"https:\\\/\\\/cafecampeiro.com.br\\\/wp-content\\\/uploads\\\/2023\\\/12\\\/gourmet_especial2.jpg\",\"keywords\":[\"aroma do caf\u00e9\",\"caf\u00e9 especial\",\"caf\u00e9 gourmet\",\"certifica\u00e7\u00f5es de qualidade do caf\u00e9\",\"escolha de caf\u00e9\",\"mercado de caf\u00e9\",\"processos de produ\u00e7\u00e3o\",\"qualidade do caf\u00e9\",\"sabor do caf\u00e9\",\"sustentabilidade do mercado de caf\u00e9\"],\"articleSection\":[\"Educa\u00e7\u00e3o\"],\"inLanguage\":\"en-US\",\"potentialAction\":[{\"@type\":\"CommentAction\",\"name\":\"Comment\",\"target\":[\"https:\\\/\\\/cafecampeiro.com.br\\\/cafe-especial-vs-gourmet-qual-a-diferenca\\\/#respond\"]}]},{\"@type\":\"WebPage\",\"@id\":\"https:\\\/\\\/cafecampeiro.com.br\\\/cafe-especial-vs-gourmet-qual-a-diferenca\\\/\",\"url\":\"https:\\\/\\\/cafecampeiro.com.br\\\/cafe-especial-vs-gourmet-qual-a-diferenca\\\/\",\"name\":\"Caf\u00e9 Especial vs. Gourmet: Qual a Diferen\u00e7a? - Caf\u00e9 Campeiro\",\"isPartOf\":{\"@id\":\"https:\\\/\\\/cafecampeiro.com.br\\\/#website\"},\"primaryImageOfPage\":{\"@id\":\"https:\\\/\\\/cafecampeiro.com.br\\\/cafe-especial-vs-gourmet-qual-a-diferenca\\\/#primaryimage\"},\"image\":{\"@id\":\"https:\\\/\\\/cafecampeiro.com.br\\\/cafe-especial-vs-gourmet-qual-a-diferenca\\\/#primaryimage\"},\"thumbnailUrl\":\"https:\\\/\\\/cafecampeiro.com.br\\\/wp-content\\\/uploads\\\/2023\\\/12\\\/gourmet_especial2.jpg\",\"datePublished\":\"2023-12-06T13:00:23+00:00\",\"dateModified\":\"2023-12-08T12:41:28+00:00\",\"author\":{\"@id\":\"https:\\\/\\\/cafecampeiro.com.br\\\/#\\\/schema\\\/person\\\/074bd2af64c306927c4c83b4fd371665\"},\"description\":\"Descubra as diferen\u00e7as entre caf\u00e9 especial e gourmet, suas caracter\u00edsticas e processos de produ\u00e7\u00e3o e aprenda a escolher um caf\u00e9 de qualidade.\",\"breadcrumb\":{\"@id\":\"https:\\\/\\\/cafecampeiro.com.br\\\/cafe-especial-vs-gourmet-qual-a-diferenca\\\/#breadcrumb\"},\"inLanguage\":\"en-US\",\"potentialAction\":[{\"@type\":\"ReadAction\",\"target\":[\"https:\\\/\\\/cafecampeiro.com.br\\\/cafe-especial-vs-gourmet-qual-a-diferenca\\\/\"]}]},{\"@type\":\"ImageObject\",\"inLanguage\":\"en-US\",\"@id\":\"https:\\\/\\\/cafecampeiro.com.br\\\/cafe-especial-vs-gourmet-qual-a-diferenca\\\/#primaryimage\",\"url\":\"https:\\\/\\\/cafecampeiro.com.br\\\/wp-content\\\/uploads\\\/2023\\\/12\\\/gourmet_especial2.jpg\",\"contentUrl\":\"https:\\\/\\\/cafecampeiro.com.br\\\/wp-content\\\/uploads\\\/2023\\\/12\\\/gourmet_especial2.jpg\",\"width\":2000,\"height\":922,\"caption\":\"Qual a diferen\u00e7a entre caf\u00e9 gourmet e especial?\"},{\"@type\":\"BreadcrumbList\",\"@id\":\"https:\\\/\\\/cafecampeiro.com.br\\\/cafe-especial-vs-gourmet-qual-a-diferenca\\\/#breadcrumb\",\"itemListElement\":[{\"@type\":\"ListItem\",\"position\":1,\"name\":\"In\u00edcio\",\"item\":\"https:\\\/\\\/cafecampeiro.com.br\\\/\"},{\"@type\":\"ListItem\",\"position\":2,\"name\":\"Caf\u00e9 Especial vs. Gourmet: Qual a Diferen\u00e7a?\"}]},{\"@type\":\"WebSite\",\"@id\":\"https:\\\/\\\/cafecampeiro.com.br\\\/#website\",\"url\":\"https:\\\/\\\/cafecampeiro.com.br\\\/\",\"name\":\"Caf\u00e9 Campeiro\",\"description\":\"Caf\u00e9 Campeiro\",\"potentialAction\":[{\"@type\":\"SearchAction\",\"target\":{\"@type\":\"EntryPoint\",\"urlTemplate\":\"https:\\\/\\\/cafecampeiro.com.br\\\/?s={search_term_string}\"},\"query-input\":{\"@type\":\"PropertyValueSpecification\",\"valueRequired\":true,\"valueName\":\"search_term_string\"}}],\"inLanguage\":\"en-US\"},{\"@type\":\"Person\",\"@id\":\"https:\\\/\\\/cafecampeiro.com.br\\\/#\\\/schema\\\/person\\\/074bd2af64c306927c4c83b4fd371665\",\"name\":\"Rafael wp\",\"image\":{\"@type\":\"ImageObject\",\"inLanguage\":\"en-US\",\"@id\":\"https:\\\/\\\/secure.gravatar.com\\\/avatar\\\/5f8cc718ba997435a947fc7e53e9aa5808a4bfd36af5270e99478253940cf552?s=96&d=mm&r=g\",\"url\":\"https:\\\/\\\/secure.gravatar.com\\\/avatar\\\/5f8cc718ba997435a947fc7e53e9aa5808a4bfd36af5270e99478253940cf552?s=96&d=mm&r=g\",\"contentUrl\":\"https:\\\/\\\/secure.gravatar.com\\\/avatar\\\/5f8cc718ba997435a947fc7e53e9aa5808a4bfd36af5270e99478253940cf552?s=96&d=mm&r=g\",\"caption\":\"Rafael wp\"},\"sameAs\":[\"https:\\\/\\\/cafecampeiro.com.br\\\/\"],\"url\":\"https:\\\/\\\/cafecampeiro.com.br\\\/en\\\/author\\\/rafael\\\/\"}]}<\/script>\n<!-- \/ Yoast SEO plugin. -->","yoast_head_json":{"title":"Caf\u00e9 Especial vs. Gourmet: Qual a Diferen\u00e7a? - Caf\u00e9 Campeiro","description":"Descubra as diferen\u00e7as entre caf\u00e9 especial e gourmet, suas caracter\u00edsticas e processos de produ\u00e7\u00e3o e aprenda a escolher um caf\u00e9 de qualidade.","robots":{"index":"index","follow":"follow","max-snippet":"max-snippet:-1","max-image-preview":"max-image-preview:large","max-video-preview":"max-video-preview:-1"},"canonical":"https:\/\/cafecampeiro.com.br\/en\/cafe-especial-vs-gourmet-qual-a-diferenca\/","og_locale":"en_US","og_type":"article","og_title":"Caf\u00e9 Especial vs. Gourmet: Qual a Diferen\u00e7a? - Caf\u00e9 Campeiro","og_description":"Descubra as diferen\u00e7as entre caf\u00e9 especial e gourmet, suas caracter\u00edsticas e processos de produ\u00e7\u00e3o e aprenda a escolher um caf\u00e9 de qualidade.","og_url":"https:\/\/cafecampeiro.com.br\/en\/cafe-especial-vs-gourmet-qual-a-diferenca\/","og_site_name":"Caf\u00e9 Campeiro","article_published_time":"2023-12-06T13:00:23+00:00","article_modified_time":"2023-12-08T12:41:28+00:00","og_image":[{"width":2000,"height":922,"url":"https:\/\/cafecampeiro.com.br\/wp-content\/uploads\/2023\/12\/gourmet_especial2.jpg","type":"image\/jpeg"}],"author":"Rafael wp","twitter_card":"summary_large_image","twitter_misc":{"Written by":"Rafael wp","Est. reading time":"5 minutes"},"schema":{"@context":"https:\/\/schema.org","@graph":[{"@type":"Article","@id":"https:\/\/cafecampeiro.com.br\/cafe-especial-vs-gourmet-qual-a-diferenca\/#article","isPartOf":{"@id":"https:\/\/cafecampeiro.com.br\/cafe-especial-vs-gourmet-qual-a-diferenca\/"},"author":{"name":"Rafael wp","@id":"https:\/\/cafecampeiro.com.br\/#\/schema\/person\/074bd2af64c306927c4c83b4fd371665"},"headline":"Caf\u00e9 Especial vs. Gourmet: Qual a Diferen\u00e7a?","datePublished":"2023-12-06T13:00:23+00:00","dateModified":"2023-12-08T12:41:28+00:00","mainEntityOfPage":{"@id":"https:\/\/cafecampeiro.com.br\/cafe-especial-vs-gourmet-qual-a-diferenca\/"},"wordCount":820,"commentCount":35,"image":{"@id":"https:\/\/cafecampeiro.com.br\/cafe-especial-vs-gourmet-qual-a-diferenca\/#primaryimage"},"thumbnailUrl":"https:\/\/cafecampeiro.com.br\/wp-content\/uploads\/2023\/12\/gourmet_especial2.jpg","keywords":["aroma do caf\u00e9","caf\u00e9 especial","caf\u00e9 gourmet","certifica\u00e7\u00f5es de qualidade do caf\u00e9","escolha de caf\u00e9","mercado de caf\u00e9","processos de produ\u00e7\u00e3o","qualidade do caf\u00e9","sabor do caf\u00e9","sustentabilidade do mercado de caf\u00e9"],"articleSection":["Educa\u00e7\u00e3o"],"inLanguage":"en-US","potentialAction":[{"@type":"CommentAction","name":"Comment","target":["https:\/\/cafecampeiro.com.br\/cafe-especial-vs-gourmet-qual-a-diferenca\/#respond"]}]},{"@type":"WebPage","@id":"https:\/\/cafecampeiro.com.br\/cafe-especial-vs-gourmet-qual-a-diferenca\/","url":"https:\/\/cafecampeiro.com.br\/cafe-especial-vs-gourmet-qual-a-diferenca\/","name":"Caf\u00e9 Especial vs. Gourmet: Qual a Diferen\u00e7a? - Caf\u00e9 Campeiro","isPartOf":{"@id":"https:\/\/cafecampeiro.com.br\/#website"},"primaryImageOfPage":{"@id":"https:\/\/cafecampeiro.com.br\/cafe-especial-vs-gourmet-qual-a-diferenca\/#primaryimage"},"image":{"@id":"https:\/\/cafecampeiro.com.br\/cafe-especial-vs-gourmet-qual-a-diferenca\/#primaryimage"},"thumbnailUrl":"https:\/\/cafecampeiro.com.br\/wp-content\/uploads\/2023\/12\/gourmet_especial2.jpg","datePublished":"2023-12-06T13:00:23+00:00","dateModified":"2023-12-08T12:41:28+00:00","author":{"@id":"https:\/\/cafecampeiro.com.br\/#\/schema\/person\/074bd2af64c306927c4c83b4fd371665"},"description":"Descubra as diferen\u00e7as entre caf\u00e9 especial e gourmet, suas caracter\u00edsticas e processos de produ\u00e7\u00e3o e aprenda a escolher um caf\u00e9 de qualidade.","breadcrumb":{"@id":"https:\/\/cafecampeiro.com.br\/cafe-especial-vs-gourmet-qual-a-diferenca\/#breadcrumb"},"inLanguage":"en-US","potentialAction":[{"@type":"ReadAction","target":["https:\/\/cafecampeiro.com.br\/cafe-especial-vs-gourmet-qual-a-diferenca\/"]}]},{"@type":"ImageObject","inLanguage":"en-US","@id":"https:\/\/cafecampeiro.com.br\/cafe-especial-vs-gourmet-qual-a-diferenca\/#primaryimage","url":"https:\/\/cafecampeiro.com.br\/wp-content\/uploads\/2023\/12\/gourmet_especial2.jpg","contentUrl":"https:\/\/cafecampeiro.com.br\/wp-content\/uploads\/2023\/12\/gourmet_especial2.jpg","width":2000,"height":922,"caption":"Qual a diferen\u00e7a entre caf\u00e9 gourmet e especial?"},{"@type":"BreadcrumbList","@id":"https:\/\/cafecampeiro.com.br\/cafe-especial-vs-gourmet-qual-a-diferenca\/#breadcrumb","itemListElement":[{"@type":"ListItem","position":1,"name":"In\u00edcio","item":"https:\/\/cafecampeiro.com.br\/"},{"@type":"ListItem","position":2,"name":"Caf\u00e9 Especial vs. Gourmet: Qual a Diferen\u00e7a?"}]},{"@type":"WebSite","@id":"https:\/\/cafecampeiro.com.br\/#website","url":"https:\/\/cafecampeiro.com.br\/","name":"Caf\u00e9 Campeiro","description":"Caf\u00e9 Campeiro","potentialAction":[{"@type":"SearchAction","target":{"@type":"EntryPoint","urlTemplate":"https:\/\/cafecampeiro.com.br\/?s={search_term_string}"},"query-input":{"@type":"PropertyValueSpecification","valueRequired":true,"valueName":"search_term_string"}}],"inLanguage":"en-US"},{"@type":"Person","@id":"https:\/\/cafecampeiro.com.br\/#\/schema\/person\/074bd2af64c306927c4c83b4fd371665","name":"Rafael wp","image":{"@type":"ImageObject","inLanguage":"en-US","@id":"https:\/\/secure.gravatar.com\/avatar\/5f8cc718ba997435a947fc7e53e9aa5808a4bfd36af5270e99478253940cf552?s=96&d=mm&r=g","url":"https:\/\/secure.gravatar.com\/avatar\/5f8cc718ba997435a947fc7e53e9aa5808a4bfd36af5270e99478253940cf552?s=96&d=mm&r=g","contentUrl":"https:\/\/secure.gravatar.com\/avatar\/5f8cc718ba997435a947fc7e53e9aa5808a4bfd36af5270e99478253940cf552?s=96&d=mm&r=g","caption":"Rafael wp"},"sameAs":["https:\/\/cafecampeiro.com.br\/"],"url":"https:\/\/cafecampeiro.com.br\/en\/author\/rafael\/"}]}},"jetpack_featured_media_url":"https:\/\/cafecampeiro.com.br\/wp-content\/uploads\/2023\/12\/gourmet_especial2.jpg","jetpack_sharing_enabled":true,"_links":{"self":[{"href":"https:\/\/cafecampeiro.com.br\/en\/wp-json\/wp\/v2\/posts\/3569","targetHints":{"allow":["GET"]}}],"collection":[{"href":"https:\/\/cafecampeiro.com.br\/en\/wp-json\/wp\/v2\/posts"}],"about":[{"href":"https:\/\/cafecampeiro.com.br\/en\/wp-json\/wp\/v2\/types\/post"}],"author":[{"embeddable":true,"href":"https:\/\/cafecampeiro.com.br\/en\/wp-json\/wp\/v2\/users\/10"}],"replies":[{"embeddable":true,"href":"https:\/\/cafecampeiro.com.br\/en\/wp-json\/wp\/v2\/comments?post=3569"}],"version-history":[{"count":0,"href":"https:\/\/cafecampeiro.com.br\/en\/wp-json\/wp\/v2\/posts\/3569\/revisions"}],"wp:featuredmedia":[{"embeddable":true,"href":"https:\/\/cafecampeiro.com.br\/en\/wp-json\/wp\/v2\/media\/6543"}],"wp:attachment":[{"href":"https:\/\/cafecampeiro.com.br\/en\/wp-json\/wp\/v2\/media?parent=3569"}],"wp:term":[{"taxonomy":"category","embeddable":true,"href":"https:\/\/cafecampeiro.com.br\/en\/wp-json\/wp\/v2\/categories?post=3569"},{"taxonomy":"post_tag","embeddable":true,"href":"https:\/\/cafecampeiro.com.br\/en\/wp-json\/wp\/v2\/tags?post=3569"}],"curies":[{"name":"wp","href":"https:\/\/api.w.org\/{rel}","templated":true}]}}