{"id":3617,"date":"2023-01-01T12:00:49","date_gmt":"2023-01-01T15:00:49","guid":{"rendered":"https:\/\/cafecampeiro.com.br\/?p=3617"},"modified":"2023-12-06T10:13:29","modified_gmt":"2023-12-06T13:13:29","slug":"cafe-hoje-cotacao-cafe-arabica-robusta","status":"publish","type":"post","link":"https:\/\/cafecampeiro.com.br\/en\/cafe-hoje-cotacao-cafe-arabica-robusta\/","title":{"rendered":"Cota\u00e7\u00e3o do caf\u00e9 hoje: Indicador Caf\u00e9 Ar\u00e1bica \/ Robusta na Bolsa"},"content":{"rendered":"<p><span style=\"font-weight: 400;\">Se voc\u00ea est\u00e1 curioso sobre a cota\u00e7\u00e3o do caf\u00e9 hoje, voc\u00ea veio ao lugar certo! Aqui voc\u00ea pode conferir as cota\u00e7\u00f5es atualizadas do <strong>caf\u00e9 ar\u00e1bica<\/strong> e do <strong>caf\u00e9 robusta (conilon)<\/strong>, direto da fonte confi\u00e1vel do <strong>Cepea.<\/strong> Al\u00e9m disso, abaixo te explicamos <strong>como o caf\u00e9 opera na bolsa!<\/strong><\/span><\/p>\n<h2><strong>Confira a cota\u00e7\u00e3o atual do caf\u00e9 (\u00faltimo fechamento)<\/strong><\/h2>\n<p><!-- Widgets Produtos Cepea - www.cepea.esalq.com.br\/br\/widget.aspx --><script type=\"text\/javascript\" src=\"https:\/\/www.cepea.esalq.usp.br\/br\/widgetproduto.js.php?fonte=arial&#038;tamanho=14&#038;largura=320px&#038;corfundo=efd8b2&#038;cortexto=264a34&#038;corlinha=f9edc1&#038;id_indicador%5B%5D=23&#038;id_indicador%5B%5D=24\"><\/script><\/p>\n<h2><\/h2>\n<h2>Por que devo saber a cota\u00e7\u00e3o caf\u00e9 hoje?<\/h2>\n<p><span style=\"font-weight: 400;\">Saber o valor desses caf\u00e9s \u00e9 <strong>fundamental para produtores, comerciantes e consumidores<\/strong>, pois o mercado de caf\u00e9 \u00e9 influenciado por fatores como a oferta e a demanda, condi\u00e7\u00f5es clim\u00e1ticas, entre outros. Portanto, se voc\u00ea deseja acompanhar de perto a oscila\u00e7\u00e3o do pre\u00e7o dessas duas variedades de caf\u00e9, <strong>salve essa p\u00e1gina<\/strong> e confira as cota\u00e7\u00f5es mais recentes.<\/span><\/p>\n<p>&nbsp;<\/p>\n<h2>Por que o caf\u00e9 est\u00e1 na bolsa?<\/h2>\n<p><span style=\"font-weight: 400;\">Desde sua chegada ao Brasil em 1727, o caf\u00e9 tornou-se uma <strong>valiosa commodity<\/strong>, deixando sua marca n\u00e3o apenas nas x\u00edcaras dos consumidores, mas tamb\u00e9m no cen\u00e1rio global de com\u00e9rcio. Visto que tem impacto significativo no PIB brasileiro, essa preciosidade passou de uma simples bebida a um ativo de destaque nos <strong>contratos futuros da Bolsa de Valores.<\/strong><\/span><\/p>\n<p>&nbsp;<\/p>\n<h2><strong>O que \u00e9 um contrato futuro?<\/strong><\/h2>\n<p><span style=\"font-weight: 400;\">De maneira simplificada, o contrato futuro de caf\u00e9 representa acordos de compra e venda. Seu prop\u00f3sito \u00e9 facilitar a negocia\u00e7\u00e3o atual do valor de uma saca de caf\u00e9, na data presente, com a <strong>quita\u00e7\u00e3o programada para o futuro.<\/strong> Essa pr\u00e1tica possibilita aos participantes do mercado tomar decis\u00f5es estrat\u00e9gicas, considerando as flutua\u00e7\u00f5es nos pre\u00e7os do caf\u00e9 ao longo do tempo.<\/span><\/p>\n<p><span style=\"font-weight: 400;\">Para exemplificar, as transa\u00e7\u00f5es envolvendo caf\u00e9 ar\u00e1bica t\u00eam lugar na <strong>Bolsa de Mercadorias e Futuros (BM&amp;F) da B3.<\/strong> Cada contrato, representa 100 sacas de 60 quilos de gr\u00e3os de caf\u00e9 cru, em gr\u00e3o, de produ\u00e7\u00e3o brasileira, variedade <em>coffea arabica<\/em>, tipo 4-25 (4\/5) ou melhor, bebida dura ou melhor, para entrega no Munic\u00edpio de S\u00e3o Paulo, SP, Brasil.<\/span><\/p>\n<p>&nbsp;<\/p>\n<h2>Como \u00e9 definida a cota\u00e7\u00e3o atual do caf\u00e9?<\/h2>\n<p><span style=\"font-weight: 400;\">A forma\u00e7\u00e3o do pre\u00e7o do caf\u00e9 \u00e9 um <strong>processo complexo<\/strong>, influenciado por diversos fatores desde a produ\u00e7\u00e3o at\u00e9 o consumo. Destacamos aqui alguns pontos cruciais:<\/span><\/p>\n<p><span style=\"font-weight: 400;\"><strong>1. Custos de Produ\u00e7\u00e3o:<\/strong> Desde a aquisi\u00e7\u00e3o de sementes at\u00e9 m\u00e3o de obra, todos os <strong>custos de produ\u00e7\u00e3o<\/strong> t\u00eam impacto direto no pre\u00e7o do caf\u00e9.<\/span><\/p>\n<p><span style=\"font-weight: 400;\"><strong>2. Clima:<\/strong> Fatores clim\u00e1ticos como <strong>geadas, secas ou ventos fortes<\/strong> podem afetar a qualidade e rendimento do caf\u00e9, certamente impactando o pre\u00e7o.<\/span><\/p>\n<p><span style=\"font-weight: 400;\"><strong>3. Oferta e Demanda:<\/strong> A rela\u00e7\u00e3o entre oferta e demanda desempenha um papel fundamental. Se a demanda superar a oferta, os pre\u00e7os tendem a subir e vice-versa. A <strong>produtividade<\/strong> das lavouras, influenciade pelos dois itens acima, certamente tem papel fundamental aqui.<\/span><\/p>\n<p><span style=\"font-weight: 400;\"><strong>4. Pol\u00edtica Cambial:<\/strong> O caf\u00e9 \u00e9 uma commodity <strong>negociada em d\u00f3lares americanos<\/strong>, assim as varia\u00e7\u00f5es na taxa de c\u00e2mbio entre o d\u00f3lar e outras moedas t\u00eam impacto direto nos pre\u00e7os.<\/span><\/p>\n<p><span style=\"font-weight: 400;\"><strong>5. Pol\u00edtica de Com\u00e9rcio Internacional:<\/strong> Pol\u00edticas comerciais e tarif\u00e1rias adotadas pelos <strong>pa\u00edses produtores e importadores<\/strong> tamb\u00e9m podem influenciar o pre\u00e7o do caf\u00e9. Medidas protecionistas, por exemplo, afetam o fluxo de com\u00e9rcio internacional, impactando oferta e demanda.<\/span><\/p>\n<p>&nbsp;<\/p>\n<h2>O Caf\u00e9 Campeiro compra caf\u00e9s na bolsa?<\/h2>\n<p><span style=\"font-weight: 400;\"><strong>N\u00e3o<\/strong>, n\u00f3s do <a href=\"https:\/\/cafecampeiro.com.br\/en\/\"><strong>Caf\u00e9 Campeiro<\/strong><\/a> s\u00f3 trabalhamos com caf\u00e9s da categoria Especial.\u00a0 Em contraste com a bolsa, esses caf\u00e9s s\u00e3o negociados <strong>diretamente com o produtor<\/strong>, no formato conhecido como <strong><a href=\"https:\/\/sebrae.com.br\/sites\/PortalSebrae\/artigos\/o-que-e-fair-trade-comercio-justo,82d8d1eb00ad2410VgnVCM100000b272010aRCRD\">fair trade (com\u00e9rcio justo).<\/a><\/strong><\/span><\/p>\n<p><span style=\"font-weight: 400;\">Entretanto, o caf\u00e9 comercializado na Bolsa, <strong>afeta diretamente<\/strong> o valor dessa negocia\u00e7\u00e3o!<\/span><\/p>\n<p>&nbsp;<\/p>\n<h2><strong>Conclus\u00e3o<\/strong><\/h2>\n<p><span style=\"font-weight: 400;\">Entender esses fatores \u00e9 essencial, uma vez que ajudam a <strong>compreender o valor final do caf\u00e9<\/strong> e os pre\u00e7os que encontramos nas <strong>prateleiras de mercados nas cafeterias.<\/strong><\/span><\/p>\n<p><span style=\"font-weight: 400;\">Depois de explorar conosco os <strong>bastidores desse universo<\/strong>, onde a jornada do caf\u00e9 se entrela\u00e7a com os nuances do mercado global, que tal conhecer nossa <a href=\"https:\/\/cafecampeiro.com.br\/en\/product-category\/cafe\/\"><strong>linha de caf\u00e9s especiais<\/strong><\/a><strong>?<\/strong><\/span><\/p>","protected":false},"excerpt":{"rendered":"<p>Se voc\u00ea est\u00e1 curioso sobre a cota\u00e7\u00e3o do caf\u00e9 hoje, voc\u00ea veio ao lugar certo! Aqui voc\u00ea pode conferir as cota\u00e7\u00f5es atualizadas do caf\u00e9 ar\u00e1bica e do caf\u00e9 robusta (conilon), direto da fonte confi\u00e1vel do Cepea. Al\u00e9m disso, abaixo te explicamos como o caf\u00e9 opera na bolsa! Confira a cota\u00e7\u00e3o atual do caf\u00e9 (\u00faltimo fechamento) [&hellip;]<\/p>","protected":false},"author":10,"featured_media":6493,"comment_status":"open","ping_status":"open","sticky":false,"template":"","format":"standard","meta":{"_jetpack_memberships_contains_paid_content":false,"footnotes":""},"categories":[131],"tags":[132],"class_list":["post-3617","post","type-post","status-publish","format-standard","has-post-thumbnail","hentry","category-cotacao-do-cafe","tag-cotacao-do-cafe-hoje-indicadores-arabica-e-robusta"],"featured_image_src":{"landsacpe":["https:\/\/cafecampeiro.com.br\/wp-content\/uploads\/2023\/11\/Indicadores-1140x445.jpg",1140,445,true],"list":["https:\/\/cafecampeiro.com.br\/wp-content\/uploads\/2023\/11\/Indicadores-463x348.jpg",463,348,true],"medium":["https:\/\/cafecampeiro.com.br\/wp-content\/uploads\/2023\/11\/Indicadores-300x138.jpg",300,138,true],"full":["https:\/\/cafecampeiro.com.br\/wp-content\/uploads\/2023\/11\/Indicadores.jpg",2000,922,false]},"yoast_head":"<!-- This site is optimized with the Yoast SEO plugin v27.3 - https:\/\/yoast.com\/product\/yoast-seo-wordpress\/ -->\n<title>Cota\u00e7\u00e3o do caf\u00e9 hoje: Indicador Caf\u00e9 Ar\u00e1bica \/ Robusta na Bolsa - Caf\u00e9 Campeiro<\/title>\n<meta name=\"description\" content=\"Quer saber o pre\u00e7o do caf\u00e9 hoje? Veio ao lugar certo! Confira a cota\u00e7\u00e3o atual do caf\u00e9 Ar\u00e1bica e do Robusta (Conilon), direto do Cepea\/Esalq.\" \/>\n<meta name=\"robots\" content=\"index, follow, max-snippet:-1, max-image-preview:large, max-video-preview:-1\" \/>\n<link rel=\"canonical\" href=\"https:\/\/cafecampeiro.com.br\/en\/cafe-hoje-cotacao-cafe-arabica-robusta\/\" \/>\n<meta property=\"og:locale\" content=\"en_US\" \/>\n<meta property=\"og:type\" content=\"article\" \/>\n<meta property=\"og:title\" content=\"Cota\u00e7\u00e3o do caf\u00e9 hoje: Indicador Caf\u00e9 Ar\u00e1bica \/ Robusta na Bolsa - Caf\u00e9 Campeiro\" \/>\n<meta property=\"og:description\" content=\"Quer saber o pre\u00e7o do caf\u00e9 hoje? Veio ao lugar certo! Confira a cota\u00e7\u00e3o atual do caf\u00e9 Ar\u00e1bica e do Robusta (Conilon), direto do Cepea\/Esalq.\" \/>\n<meta property=\"og:url\" content=\"https:\/\/cafecampeiro.com.br\/en\/cafe-hoje-cotacao-cafe-arabica-robusta\/\" \/>\n<meta property=\"og:site_name\" content=\"Caf\u00e9 Campeiro\" \/>\n<meta property=\"article:published_time\" content=\"2023-01-01T15:00:49+00:00\" \/>\n<meta property=\"article:modified_time\" content=\"2023-12-06T13:13:29+00:00\" \/>\n<meta property=\"og:image\" content=\"https:\/\/cafecampeiro.com.br\/wp-content\/uploads\/2023\/11\/Indicadores.jpg\" \/>\n\t<meta property=\"og:image:width\" content=\"2000\" \/>\n\t<meta property=\"og:image:height\" content=\"922\" \/>\n\t<meta property=\"og:image:type\" content=\"image\/jpeg\" \/>\n<meta name=\"author\" content=\"Rafael wp\" \/>\n<meta name=\"twitter:card\" content=\"summary_large_image\" \/>\n<meta name=\"twitter:label1\" content=\"Written by\" \/>\n\t<meta name=\"twitter:data1\" content=\"Rafael wp\" \/>\n\t<meta name=\"twitter:label2\" content=\"Est. reading time\" \/>\n\t<meta name=\"twitter:data2\" content=\"4 minutes\" \/>\n<script type=\"application\/ld+json\" class=\"yoast-schema-graph\">{\"@context\":\"https:\\\/\\\/schema.org\",\"@graph\":[{\"@type\":\"Article\",\"@id\":\"https:\\\/\\\/cafecampeiro.com.br\\\/cafe-hoje-cotacao-cafe-arabica-robusta\\\/#article\",\"isPartOf\":{\"@id\":\"https:\\\/\\\/cafecampeiro.com.br\\\/cafe-hoje-cotacao-cafe-arabica-robusta\\\/\"},\"author\":{\"name\":\"Rafael wp\",\"@id\":\"https:\\\/\\\/cafecampeiro.com.br\\\/#\\\/schema\\\/person\\\/074bd2af64c306927c4c83b4fd371665\"},\"headline\":\"Cota\u00e7\u00e3o do caf\u00e9 hoje: Indicador Caf\u00e9 Ar\u00e1bica \\\/ Robusta na Bolsa\",\"datePublished\":\"2023-01-01T15:00:49+00:00\",\"dateModified\":\"2023-12-06T13:13:29+00:00\",\"mainEntityOfPage\":{\"@id\":\"https:\\\/\\\/cafecampeiro.com.br\\\/cafe-hoje-cotacao-cafe-arabica-robusta\\\/\"},\"wordCount\":678,\"commentCount\":2,\"image\":{\"@id\":\"https:\\\/\\\/cafecampeiro.com.br\\\/cafe-hoje-cotacao-cafe-arabica-robusta\\\/#primaryimage\"},\"thumbnailUrl\":\"https:\\\/\\\/cafecampeiro.com.br\\\/wp-content\\\/uploads\\\/2023\\\/11\\\/Indicadores.jpg\",\"keywords\":[\"Cota\u00e7\u00e3o do caf\u00e9 hoje: Indicadores Ar\u00e1bica e Robusta\"],\"articleSection\":[\"Cota\u00e7\u00e3o do Caf\u00e9\"],\"inLanguage\":\"en-US\",\"potentialAction\":[{\"@type\":\"CommentAction\",\"name\":\"Comment\",\"target\":[\"https:\\\/\\\/cafecampeiro.com.br\\\/cafe-hoje-cotacao-cafe-arabica-robusta\\\/#respond\"]}]},{\"@type\":\"WebPage\",\"@id\":\"https:\\\/\\\/cafecampeiro.com.br\\\/cafe-hoje-cotacao-cafe-arabica-robusta\\\/\",\"url\":\"https:\\\/\\\/cafecampeiro.com.br\\\/cafe-hoje-cotacao-cafe-arabica-robusta\\\/\",\"name\":\"Cota\u00e7\u00e3o do caf\u00e9 hoje: Indicador Caf\u00e9 Ar\u00e1bica \\\/ Robusta na Bolsa - Caf\u00e9 Campeiro\",\"isPartOf\":{\"@id\":\"https:\\\/\\\/cafecampeiro.com.br\\\/#website\"},\"primaryImageOfPage\":{\"@id\":\"https:\\\/\\\/cafecampeiro.com.br\\\/cafe-hoje-cotacao-cafe-arabica-robusta\\\/#primaryimage\"},\"image\":{\"@id\":\"https:\\\/\\\/cafecampeiro.com.br\\\/cafe-hoje-cotacao-cafe-arabica-robusta\\\/#primaryimage\"},\"thumbnailUrl\":\"https:\\\/\\\/cafecampeiro.com.br\\\/wp-content\\\/uploads\\\/2023\\\/11\\\/Indicadores.jpg\",\"datePublished\":\"2023-01-01T15:00:49+00:00\",\"dateModified\":\"2023-12-06T13:13:29+00:00\",\"author\":{\"@id\":\"https:\\\/\\\/cafecampeiro.com.br\\\/#\\\/schema\\\/person\\\/074bd2af64c306927c4c83b4fd371665\"},\"description\":\"Quer saber o pre\u00e7o do caf\u00e9 hoje? Veio ao lugar certo! Confira a cota\u00e7\u00e3o atual do caf\u00e9 Ar\u00e1bica e do Robusta (Conilon), direto do Cepea\\\/Esalq.\",\"breadcrumb\":{\"@id\":\"https:\\\/\\\/cafecampeiro.com.br\\\/cafe-hoje-cotacao-cafe-arabica-robusta\\\/#breadcrumb\"},\"inLanguage\":\"en-US\",\"potentialAction\":[{\"@type\":\"ReadAction\",\"target\":[\"https:\\\/\\\/cafecampeiro.com.br\\\/cafe-hoje-cotacao-cafe-arabica-robusta\\\/\"]}]},{\"@type\":\"ImageObject\",\"inLanguage\":\"en-US\",\"@id\":\"https:\\\/\\\/cafecampeiro.com.br\\\/cafe-hoje-cotacao-cafe-arabica-robusta\\\/#primaryimage\",\"url\":\"https:\\\/\\\/cafecampeiro.com.br\\\/wp-content\\\/uploads\\\/2023\\\/11\\\/Indicadores.jpg\",\"contentUrl\":\"https:\\\/\\\/cafecampeiro.com.br\\\/wp-content\\\/uploads\\\/2023\\\/11\\\/Indicadores.jpg\",\"width\":2000,\"height\":922,\"caption\":\"Cota\u00e7\u00e3o Caf\u00e9 Indicadores\"},{\"@type\":\"BreadcrumbList\",\"@id\":\"https:\\\/\\\/cafecampeiro.com.br\\\/cafe-hoje-cotacao-cafe-arabica-robusta\\\/#breadcrumb\",\"itemListElement\":[{\"@type\":\"ListItem\",\"position\":1,\"name\":\"In\u00edcio\",\"item\":\"https:\\\/\\\/cafecampeiro.com.br\\\/\"},{\"@type\":\"ListItem\",\"position\":2,\"name\":\"Cota\u00e7\u00e3o do caf\u00e9 hoje: Indicador Caf\u00e9 Ar\u00e1bica \\\/ Robusta na Bolsa\"}]},{\"@type\":\"WebSite\",\"@id\":\"https:\\\/\\\/cafecampeiro.com.br\\\/#website\",\"url\":\"https:\\\/\\\/cafecampeiro.com.br\\\/\",\"name\":\"Caf\u00e9 Campeiro\",\"description\":\"Caf\u00e9 Campeiro\",\"potentialAction\":[{\"@type\":\"SearchAction\",\"target\":{\"@type\":\"EntryPoint\",\"urlTemplate\":\"https:\\\/\\\/cafecampeiro.com.br\\\/?s={search_term_string}\"},\"query-input\":{\"@type\":\"PropertyValueSpecification\",\"valueRequired\":true,\"valueName\":\"search_term_string\"}}],\"inLanguage\":\"en-US\"},{\"@type\":\"Person\",\"@id\":\"https:\\\/\\\/cafecampeiro.com.br\\\/#\\\/schema\\\/person\\\/074bd2af64c306927c4c83b4fd371665\",\"name\":\"Rafael wp\",\"image\":{\"@type\":\"ImageObject\",\"inLanguage\":\"en-US\",\"@id\":\"https:\\\/\\\/secure.gravatar.com\\\/avatar\\\/5f8cc718ba997435a947fc7e53e9aa5808a4bfd36af5270e99478253940cf552?s=96&d=mm&r=g\",\"url\":\"https:\\\/\\\/secure.gravatar.com\\\/avatar\\\/5f8cc718ba997435a947fc7e53e9aa5808a4bfd36af5270e99478253940cf552?s=96&d=mm&r=g\",\"contentUrl\":\"https:\\\/\\\/secure.gravatar.com\\\/avatar\\\/5f8cc718ba997435a947fc7e53e9aa5808a4bfd36af5270e99478253940cf552?s=96&d=mm&r=g\",\"caption\":\"Rafael wp\"},\"sameAs\":[\"https:\\\/\\\/cafecampeiro.com.br\\\/\"],\"url\":\"https:\\\/\\\/cafecampeiro.com.br\\\/en\\\/author\\\/rafael\\\/\"}]}<\/script>\n<!-- \/ Yoast SEO plugin. -->","yoast_head_json":{"title":"Cota\u00e7\u00e3o do caf\u00e9 hoje: Indicador Caf\u00e9 Ar\u00e1bica \/ Robusta na Bolsa - Caf\u00e9 Campeiro","description":"Quer saber o pre\u00e7o do caf\u00e9 hoje? Veio ao lugar certo! Confira a cota\u00e7\u00e3o atual do caf\u00e9 Ar\u00e1bica e do Robusta (Conilon), direto do Cepea\/Esalq.","robots":{"index":"index","follow":"follow","max-snippet":"max-snippet:-1","max-image-preview":"max-image-preview:large","max-video-preview":"max-video-preview:-1"},"canonical":"https:\/\/cafecampeiro.com.br\/en\/cafe-hoje-cotacao-cafe-arabica-robusta\/","og_locale":"en_US","og_type":"article","og_title":"Cota\u00e7\u00e3o do caf\u00e9 hoje: Indicador Caf\u00e9 Ar\u00e1bica \/ Robusta na Bolsa - Caf\u00e9 Campeiro","og_description":"Quer saber o pre\u00e7o do caf\u00e9 hoje? Veio ao lugar certo! Confira a cota\u00e7\u00e3o atual do caf\u00e9 Ar\u00e1bica e do Robusta (Conilon), direto do Cepea\/Esalq.","og_url":"https:\/\/cafecampeiro.com.br\/en\/cafe-hoje-cotacao-cafe-arabica-robusta\/","og_site_name":"Caf\u00e9 Campeiro","article_published_time":"2023-01-01T15:00:49+00:00","article_modified_time":"2023-12-06T13:13:29+00:00","og_image":[{"width":2000,"height":922,"url":"https:\/\/cafecampeiro.com.br\/wp-content\/uploads\/2023\/11\/Indicadores.jpg","type":"image\/jpeg"}],"author":"Rafael wp","twitter_card":"summary_large_image","twitter_misc":{"Written by":"Rafael wp","Est. reading time":"4 minutes"},"schema":{"@context":"https:\/\/schema.org","@graph":[{"@type":"Article","@id":"https:\/\/cafecampeiro.com.br\/cafe-hoje-cotacao-cafe-arabica-robusta\/#article","isPartOf":{"@id":"https:\/\/cafecampeiro.com.br\/cafe-hoje-cotacao-cafe-arabica-robusta\/"},"author":{"name":"Rafael wp","@id":"https:\/\/cafecampeiro.com.br\/#\/schema\/person\/074bd2af64c306927c4c83b4fd371665"},"headline":"Cota\u00e7\u00e3o do caf\u00e9 hoje: Indicador Caf\u00e9 Ar\u00e1bica \/ Robusta na Bolsa","datePublished":"2023-01-01T15:00:49+00:00","dateModified":"2023-12-06T13:13:29+00:00","mainEntityOfPage":{"@id":"https:\/\/cafecampeiro.com.br\/cafe-hoje-cotacao-cafe-arabica-robusta\/"},"wordCount":678,"commentCount":2,"image":{"@id":"https:\/\/cafecampeiro.com.br\/cafe-hoje-cotacao-cafe-arabica-robusta\/#primaryimage"},"thumbnailUrl":"https:\/\/cafecampeiro.com.br\/wp-content\/uploads\/2023\/11\/Indicadores.jpg","keywords":["Cota\u00e7\u00e3o do caf\u00e9 hoje: Indicadores Ar\u00e1bica e Robusta"],"articleSection":["Cota\u00e7\u00e3o do Caf\u00e9"],"inLanguage":"en-US","potentialAction":[{"@type":"CommentAction","name":"Comment","target":["https:\/\/cafecampeiro.com.br\/cafe-hoje-cotacao-cafe-arabica-robusta\/#respond"]}]},{"@type":"WebPage","@id":"https:\/\/cafecampeiro.com.br\/cafe-hoje-cotacao-cafe-arabica-robusta\/","url":"https:\/\/cafecampeiro.com.br\/cafe-hoje-cotacao-cafe-arabica-robusta\/","name":"Cota\u00e7\u00e3o do caf\u00e9 hoje: Indicador Caf\u00e9 Ar\u00e1bica \/ Robusta na Bolsa - Caf\u00e9 Campeiro","isPartOf":{"@id":"https:\/\/cafecampeiro.com.br\/#website"},"primaryImageOfPage":{"@id":"https:\/\/cafecampeiro.com.br\/cafe-hoje-cotacao-cafe-arabica-robusta\/#primaryimage"},"image":{"@id":"https:\/\/cafecampeiro.com.br\/cafe-hoje-cotacao-cafe-arabica-robusta\/#primaryimage"},"thumbnailUrl":"https:\/\/cafecampeiro.com.br\/wp-content\/uploads\/2023\/11\/Indicadores.jpg","datePublished":"2023-01-01T15:00:49+00:00","dateModified":"2023-12-06T13:13:29+00:00","author":{"@id":"https:\/\/cafecampeiro.com.br\/#\/schema\/person\/074bd2af64c306927c4c83b4fd371665"},"description":"Quer saber o pre\u00e7o do caf\u00e9 hoje? Veio ao lugar certo! Confira a cota\u00e7\u00e3o atual do caf\u00e9 Ar\u00e1bica e do Robusta (Conilon), direto do Cepea\/Esalq.","breadcrumb":{"@id":"https:\/\/cafecampeiro.com.br\/cafe-hoje-cotacao-cafe-arabica-robusta\/#breadcrumb"},"inLanguage":"en-US","potentialAction":[{"@type":"ReadAction","target":["https:\/\/cafecampeiro.com.br\/cafe-hoje-cotacao-cafe-arabica-robusta\/"]}]},{"@type":"ImageObject","inLanguage":"en-US","@id":"https:\/\/cafecampeiro.com.br\/cafe-hoje-cotacao-cafe-arabica-robusta\/#primaryimage","url":"https:\/\/cafecampeiro.com.br\/wp-content\/uploads\/2023\/11\/Indicadores.jpg","contentUrl":"https:\/\/cafecampeiro.com.br\/wp-content\/uploads\/2023\/11\/Indicadores.jpg","width":2000,"height":922,"caption":"Cota\u00e7\u00e3o Caf\u00e9 Indicadores"},{"@type":"BreadcrumbList","@id":"https:\/\/cafecampeiro.com.br\/cafe-hoje-cotacao-cafe-arabica-robusta\/#breadcrumb","itemListElement":[{"@type":"ListItem","position":1,"name":"In\u00edcio","item":"https:\/\/cafecampeiro.com.br\/"},{"@type":"ListItem","position":2,"name":"Cota\u00e7\u00e3o do caf\u00e9 hoje: Indicador Caf\u00e9 Ar\u00e1bica \/ Robusta na Bolsa"}]},{"@type":"WebSite","@id":"https:\/\/cafecampeiro.com.br\/#website","url":"https:\/\/cafecampeiro.com.br\/","name":"Caf\u00e9 Campeiro","description":"Caf\u00e9 Campeiro","potentialAction":[{"@type":"SearchAction","target":{"@type":"EntryPoint","urlTemplate":"https:\/\/cafecampeiro.com.br\/?s={search_term_string}"},"query-input":{"@type":"PropertyValueSpecification","valueRequired":true,"valueName":"search_term_string"}}],"inLanguage":"en-US"},{"@type":"Person","@id":"https:\/\/cafecampeiro.com.br\/#\/schema\/person\/074bd2af64c306927c4c83b4fd371665","name":"Rafael wp","image":{"@type":"ImageObject","inLanguage":"en-US","@id":"https:\/\/secure.gravatar.com\/avatar\/5f8cc718ba997435a947fc7e53e9aa5808a4bfd36af5270e99478253940cf552?s=96&d=mm&r=g","url":"https:\/\/secure.gravatar.com\/avatar\/5f8cc718ba997435a947fc7e53e9aa5808a4bfd36af5270e99478253940cf552?s=96&d=mm&r=g","contentUrl":"https:\/\/secure.gravatar.com\/avatar\/5f8cc718ba997435a947fc7e53e9aa5808a4bfd36af5270e99478253940cf552?s=96&d=mm&r=g","caption":"Rafael wp"},"sameAs":["https:\/\/cafecampeiro.com.br\/"],"url":"https:\/\/cafecampeiro.com.br\/en\/author\/rafael\/"}]}},"jetpack_featured_media_url":"https:\/\/cafecampeiro.com.br\/wp-content\/uploads\/2023\/11\/Indicadores.jpg","jetpack_sharing_enabled":true,"_links":{"self":[{"href":"https:\/\/cafecampeiro.com.br\/en\/wp-json\/wp\/v2\/posts\/3617","targetHints":{"allow":["GET"]}}],"collection":[{"href":"https:\/\/cafecampeiro.com.br\/en\/wp-json\/wp\/v2\/posts"}],"about":[{"href":"https:\/\/cafecampeiro.com.br\/en\/wp-json\/wp\/v2\/types\/post"}],"author":[{"embeddable":true,"href":"https:\/\/cafecampeiro.com.br\/en\/wp-json\/wp\/v2\/users\/10"}],"replies":[{"embeddable":true,"href":"https:\/\/cafecampeiro.com.br\/en\/wp-json\/wp\/v2\/comments?post=3617"}],"version-history":[{"count":0,"href":"https:\/\/cafecampeiro.com.br\/en\/wp-json\/wp\/v2\/posts\/3617\/revisions"}],"wp:featuredmedia":[{"embeddable":true,"href":"https:\/\/cafecampeiro.com.br\/en\/wp-json\/wp\/v2\/media\/6493"}],"wp:attachment":[{"href":"https:\/\/cafecampeiro.com.br\/en\/wp-json\/wp\/v2\/media?parent=3617"}],"wp:term":[{"taxonomy":"category","embeddable":true,"href":"https:\/\/cafecampeiro.com.br\/en\/wp-json\/wp\/v2\/categories?post=3617"},{"taxonomy":"post_tag","embeddable":true,"href":"https:\/\/cafecampeiro.com.br\/en\/wp-json\/wp\/v2\/tags?post=3617"}],"curies":[{"name":"wp","href":"https:\/\/api.w.org\/{rel}","templated":true}]}}