{"id":6283,"date":"2023-01-01T15:01:04","date_gmt":"2023-01-01T18:01:04","guid":{"rendered":"https:\/\/cafecampeiro.com.br\/?p=6283"},"modified":"2023-12-06T10:08:57","modified_gmt":"2023-12-06T13:08:57","slug":"coado","status":"publish","type":"post","link":"https:\/\/cafecampeiro.com.br\/en\/coado\/","title":{"rendered":"Caf\u00e9 Coado"},"content":{"rendered":"<p><span style=\"font-weight: 400;\">Aqui voc\u00ea encontra tudo que precisa para fazer um \u00f3timo <strong>Caf\u00e9 Coado!<\/strong><\/span><\/p>\n<p><span style=\"font-weight: 400;\">Indo direto ao assunto, o que \u00e9 necess\u00e1rio? De maneira simples: caf\u00e9 de boa qualidade, \u00e1gua quente, tempo e um pouco de paci\u00eancia! Al\u00e9m disso, nunca \u00e9 demais ressaltar alguns pontos b\u00e1sicos:<\/span><\/p>\n<p><span style=\"font-weight: 400;\">&#8211; Opte por <strong>caf\u00e9 em gr\u00e3os<\/strong> quando poss\u00edvel e moa o caf\u00e9 somente antes de iniciar o preparo, com o prop\u00f3sito de manter o m\u00e1ximo do sabor;<\/span><\/p>\n<p><span style=\"font-weight: 400;\">&#8211; Caso voc\u00ea n\u00e3o tenha um moinho e use caf\u00e9 j\u00e1 mo\u00eddo, procure armazen\u00e1-lo corretamente ap\u00f3s o uso. Nesse sentido, d\u00ea prefer\u00eancia a <strong>lugares secos e que n\u00e3o recebam luz solar direta<\/strong>. Nunca guarde o caf\u00e9 na geladeira. Quer saber porqu\u00ea? <a href=\"https:\/\/www.instagram.com\/p\/CmES_vEtDBz\/\">Leia nosso post clicando aqui<\/a>;<\/span><\/p>\n<p><span style=\"font-weight: 400;\">&#8211; O caf\u00e9 em x\u00edcara \u00e9 composto quase em sua totalidade de \u00e1gua! Por isso, opte por <strong>\u00e1gua de boa qualidade<\/strong>. Como esse \u00e9 um tema complexo, podemos simplificar da seguinte maneira: Utilize \u00e1gua sem odores (como cloro) e de aspecto l\u00edmpido. Quando poss\u00edvel, use \u00e1gua filtrada ou mineral. Caso opte por \u00e1gua mineral, evite usar <a href=\"https:\/\/pt.wikipedia.org\/wiki\/Dureza_da_%C3%A1gua\">\u00e1gua dura<\/a>;<\/span><\/p>\n<p><span style=\"font-weight: 400;\">&#8211; Quando poss\u00edvel, <strong>pese o caf\u00e9 e a \u00e1gua (1 ml = 1 g)<\/strong>. Recomendamos uma balan\u00e7a com temporizador para que tenha total controle sobre o preparo do seu caf\u00e9 e possa sempre repetir uma receita do seu agrado.<\/span><\/p>\n<p>&nbsp;<\/p>\n<h2><strong>Entendendo o Coado<\/strong><\/h2>\n<p><span style=\"font-weight: 400;\">O caf\u00e9 coado \u00e9 muito querido pelos brasileiros, talvez pela grande diversidade que oferece. Frequentemente tido como <strong>&#8220;padr\u00e3o ouro&#8221; do preparo manual<\/strong>, \u00e9 apreciado pela forma como permite que as caracter\u00edsticas delicadas de origem e o perfil de sabor dos caf\u00e9s sejam destacados. O caf\u00e9 feito com esses m\u00e9todos costuma resultar em uma <strong>bebida complexa e com muita clareza.<\/strong> Apesar de n\u00e3o ser necess\u00e1rio para uso dom\u00e9stico, voc\u00ea obter\u00e1 melhores resultados ao usar uma <a href=\"https:\/\/cafecampeiro.com.br\/en\/product\/chaleira\/\"><strong>chaleira pesco\u00e7o de ganso<\/strong><\/a> com esses m\u00e9todos devido ao melhor controle de fluxo da \u00e1gua.\u00a0<\/span><\/p>\n<p><span style=\"font-weight: 400;\">Os coadores podem ser feitos dos mais diversos materiais, como: cer\u00e2mica, acr\u00edlico e at\u00e9 metal. Os Baristas do Caf\u00e9 Campeiro optam pela <a href=\"https:\/\/cafecampeiro.com.br\/en\/product\/v60\/\"><strong>Hario V60<\/strong><\/a> como padr\u00e3o, dessa maneira, vamos usar a Hario como base para nosso guia, mas <strong>voc\u00ea pode aplicar os conceitos apresentados aqui em praticamente qualquer m\u00e9todo coado<\/strong>, como a Melitta, por exemplo.<\/span><\/p>\n<p>&nbsp;<\/p>\n<h2><strong>Propor\u00e7\u00e3o recomendada para o Caf\u00e9 Coado<\/strong><\/h2>\n<p><span style=\"font-weight: 400;\"><strong>A propor\u00e7\u00e3o que recomendamos \u00e9 1:15 (ou seja, para cada grama de caf\u00e9, adicionamos 15 partes de \u00e1gua).<\/strong><\/span><\/p>\n<p><span style=\"font-weight: 400;\">Caso voc\u00ea tenha adquirido uma <a href=\"https:\/\/cafecampeiro.com.br\/en\/product\/v60\/\"><strong>Hario V60<\/strong><\/a>\u00a0no site do Caf\u00e9 Campeiro, use no m\u00ednimo 12 gramas de caf\u00e9 e 180 ml de \u00e1gua (12 g x 15 = 180 ml) e no m\u00e1ximo 35 gramas de caf\u00e9 e 525 ml de \u00e1gua (35 g x 15 = 525 ml) .<\/strong> Desse modo, voc\u00ea deve escolher sua dose com base no tamanho do seu coador e de quantas pessoas deseja servir &#8211; <strong>basta lembrar de manter a propor\u00e7\u00e3o.<\/strong><\/span><\/p>\n<p><span style=\"font-weight: 400;\">\u00c9 importante notar que, principalmente em m\u00e9todos coados, <strong>essa propor\u00e7\u00e3o pode ser amplamente alterada<\/strong> (podendo ser menor ou maior) de acordo com sua prefer\u00eancia. Recomendamos que voc\u00ea fa\u00e7a testes at\u00e9 encontrar sua propor\u00e7\u00e3o favorita. Por exemplo, se achar que o caf\u00e9 est\u00e1 muito dilu\u00eddo, tente diminuir um pouco a propor\u00e7\u00e3o <strong>(1:14 ou at\u00e9 1:13)<\/strong>. Se acha que est\u00e1 muito concentrado, aumente a propor\u00e7\u00e3o <strong>(1:16 ou at\u00e9 1:17)<\/strong>.<\/span><\/p>\n<p><span style=\"font-weight: 400;\">Tenha em mente tamb\u00e9m a escolha do caf\u00e9 que voc\u00ea est\u00e1 preparando. Caf\u00e9s com torras mais claras e delicados, por exemplo, normalmente se destacam com propor\u00e7\u00f5es mais altas <strong>(1:16 ou at\u00e9 1:17)<\/strong>.<\/span><\/p>\n<p>&nbsp;<\/p>\n<h2><strong>Passo a passo para o preparo do Caf\u00e9 Coado:<\/strong><\/h2>\n<p><span style=\"font-weight: 400;\"><strong>1 &#8211;<\/strong> Comece <strong>aquecendo a \u00e1gua at\u00e9 96 \u00baC.<\/strong> Caso voc\u00ea n\u00e3o tenha term\u00f4metro, deixe a \u00e1gua chegar ao ponto de fervura e ent\u00e3o desligue o fogo e espere a \u00e1gua parar de borbulhar;<\/span><\/p>\n<p><span style=\"font-weight: 400;\"><strong>2 &#8211;<\/strong> Coloque o filtro no coador e use a \u00e1gua quente para <strong>escaldar o filtro.<\/strong> Isso n\u00e3o s\u00f3 ajuda a remover o sabor de celulose do filtro, mas promove a manuten\u00e7\u00e3o da temperatura para o preparo do caf\u00e9. Em torno de 150 ml j\u00e1 \u00e9 suficiente para escaldar o filtro. Descarte essa \u00e1gua ap\u00f3s escaldar;<\/span><\/p>\n<p><span style=\"font-weight: 400;\"><strong>3 &#8211;<\/strong> Adicione o caf\u00e9 mo\u00eddo no filtro. Se voc\u00ea moer seu pr\u00f3prio caf\u00e9, lembre-se de usar <strong>moagem m\u00e9dia ou m\u00e9dia-fina. <\/strong>Procure espalhar o caf\u00e9\u00a0 gentilmente e de maneira uniforme;<\/span><\/p>\n<p><span style=\"font-weight: 400;\"><strong>4 &#8211;<\/strong> Inicie o preparo do caf\u00e9 com o <em><strong>b<\/strong><strong>looming.<\/strong><\/em> O <em>blooming<\/em> nada mais \u00e9 do que uma <strong>pr\u00e9-infus\u00e3o<\/strong> feita com uma pequena quantia de \u00e1gua, com o fim de homogeneizar a extra\u00e7\u00e3o e liberar os gases gerados durante a torra. Recomendamos <strong>umedecer todo o caf\u00e9 com a menor quantia de \u00e1gua poss\u00edvel.<\/strong> Espere pelo menos 30 segundos;<\/span><\/p>\n<p><span style=\"font-weight: 400;\"><strong>5 &#8211;<\/strong> Passado esse tempo, podemos adicionar o restante da \u00e1gua. Entretanto, aqui fica a seu crit\u00e9rio como prosseguir: <strong>pode adicionar toda a \u00e1gua de uma vez s\u00f3<\/strong>, em um fluxo leve e cont\u00ednuo at\u00e9 atingir a medida certa de \u00e1gua. <strong>Mas os nossos Baristas recomendam fazer isso em dois est\u00e1gios em partes iguais<\/strong>, ou seja: passados os 30 segundos do <em>blooming<\/em>, adicionamos metade da \u00e1gua total (lembre-se de somar com a \u00e1gua do blooming, que deve ser mantida). Deixe o caf\u00e9 baixar e em seguida despeje o restante da \u00e1gua;<\/span><\/p>\n<p><span style=\"font-weight: 400;\"><strong>6 &#8211;<\/strong> Deixe o caf\u00e9 passar por completo e sirva. <strong>O tempo total varia de acordo com a densidade do caf\u00e9 utilizado, a quantidade, a moagem, a torra e a t\u00e9cnica de preparo.<\/strong> <strong>O ideal \u00e9 algo entre 3 e 6 minutos.<\/strong><\/span><\/p>\n<p>&nbsp;<\/p>\n<h2><strong>Considera\u00e7\u00f5es finais sobre o Caf\u00e9 Coado<\/strong><\/h2>\n<p><span style=\"font-weight: 400;\">Mantenha movimentos circulares (partindo do centro do filtro) e controlados quando estiver adicionando \u00e1gua, visando uma completa satura\u00e7\u00e3o do p\u00f3 de caf\u00e9, e procure n\u00e3o levantar e abaixar a chaleira durante esses momentos, pois isso pode afetar negativamente a extra\u00e7\u00e3o. <strong>O controle do fluxo da \u00e1gua \u00e9 crucial para um bom caf\u00e9 coado!<\/strong><\/span><\/p>\n<p><span style=\"font-weight: 400;\">Inegavelmente, os m\u00e9todos coados s\u00e3o realmente incr\u00edveis para desfrutar a ess\u00eancia de um bom caf\u00e9, seja ele complexo ou de perfil sensorial mais tradicional. Se voc\u00ea quer ter uma experi\u00eancia incompar\u00e1vel e \u00fanica com caf\u00e9s especiais, recomendamos as seguintes escolhas da nossa <strong>Linha Edi\u00e7\u00f5es:<\/strong><\/span><\/p>\n<p><strong><a href=\"https:\/\/cafecampeiro.com.br\/en\/product\/cafe-edicoes-sagu\/\">Sagu &#8211; Linha Edi\u00e7\u00f5es<\/a><\/strong><\/p>\n<p><strong><a href=\"https:\/\/cafecampeiro.com.br\/en\/product\/cafe-edicoes-amendoeira\/\">Amendoeira &#8211; Linha Edi\u00e7\u00f5es<\/a><\/strong><\/p>\n<p><strong><a href=\"https:\/\/cafecampeiro.com.br\/en\/product\/cafe-edicoes-organico\/\">Org\u00e2nico &#8211; Linha Edi\u00e7\u00f5es<\/a><\/strong><\/p>\n<p><a href=\"https:\/\/cafecampeiro.com.br\/en\/product\/cafe-edicoes-pacoca\/\"><strong>Pa\u00e7oca &#8211; Linha Edi\u00e7\u00f5es<\/strong><\/a><\/p>\n<p><span style=\"font-weight: 400;\">J\u00e1 se voc\u00ea prefere um caf\u00e9 com um perfil sensorial mais familiar, nossas recomenda\u00e7\u00f5es s\u00e3o caf\u00e9s da <strong>Linha Campeiro<\/strong>, a depender do seu n\u00edvel de intensidade desejado.<\/span><\/p>\n<p><strong><a href=\"https:\/\/cafecampeiro.com.br\/en\/product\/cafe-linha-classico\/\">Cl\u00e1ssico &#8211; Linha Campeiro<\/a><\/strong><\/p>\n<p><strong><a href=\"https:\/\/cafecampeiro.com.br\/en\/product\/cafe-linha-intenso\/\">Intenso &#8211; Linha Campeiro<\/a><\/strong><\/p>","protected":false},"excerpt":{"rendered":"<p>Aqui voc\u00ea encontra tudo que precisa para fazer um \u00f3timo Caf\u00e9 Coado! Indo direto ao assunto, o que \u00e9 necess\u00e1rio? De maneira simples: caf\u00e9 de boa qualidade, \u00e1gua quente, tempo e um pouco de paci\u00eancia! Al\u00e9m disso, nunca \u00e9 demais ressaltar alguns pontos b\u00e1sicos: &#8211; Opte por caf\u00e9 em gr\u00e3os quando poss\u00edvel e moa o [&hellip;]<\/p>","protected":false},"author":10,"featured_media":6284,"comment_status":"closed","ping_status":"open","sticky":false,"template":"","format":"standard","meta":{"_jetpack_memberships_contains_paid_content":false,"footnotes":""},"categories":[109],"tags":[123,119,126,76,121,124,84,120,125,122,128,130,127,129],"class_list":["post-6283","post","type-post","status-publish","format-standard","has-post-thumbnail","hentry","category-guias-de-preparo","tag-cafe-aguado","tag-cafe-coado","tag-cafe-demorando","tag-cafe-especial","tag-cafe-filtrado","tag-cafe-forte","tag-cafe-gourmet","tag-cafe-passado","tag-cafe-saindo-rapido","tag-como-fazer-cafe","tag-hario","tag-kalita","tag-melitta","tag-v60"],"featured_image_src":{"landsacpe":["https:\/\/cafecampeiro.com.br\/wp-content\/uploads\/2023\/11\/Coado-1140x445.jpg",1140,445,true],"list":["https:\/\/cafecampeiro.com.br\/wp-content\/uploads\/2023\/11\/Coado-463x348.jpg",463,348,true],"medium":["https:\/\/cafecampeiro.com.br\/wp-content\/uploads\/2023\/11\/Coado-300x138.jpg",300,138,true],"full":["https:\/\/cafecampeiro.com.br\/wp-content\/uploads\/2023\/11\/Coado.jpg",2000,922,false]},"yoast_head":"<!-- This site is optimized with the Yoast SEO plugin v27.3 - https:\/\/yoast.com\/product\/yoast-seo-wordpress\/ -->\n<title>Caf\u00e9 Coado - Caf\u00e9 Campeiro<\/title>\n<meta name=\"description\" content=\"Nesse guia voc\u00ea vai aprender alguns passos importantes para preparar um delicioso caf\u00e9 coado no conforto de sua casa agora mesmo!\" \/>\n<meta name=\"robots\" content=\"index, follow, max-snippet:-1, max-image-preview:large, max-video-preview:-1\" \/>\n<link rel=\"canonical\" href=\"https:\/\/cafecampeiro.com.br\/en\/coado\/\" \/>\n<meta property=\"og:locale\" content=\"en_US\" \/>\n<meta property=\"og:type\" content=\"article\" \/>\n<meta property=\"og:title\" content=\"Caf\u00e9 Coado - Caf\u00e9 Campeiro\" \/>\n<meta property=\"og:description\" content=\"Nesse guia voc\u00ea vai aprender alguns passos importantes para preparar um delicioso caf\u00e9 coado no conforto de sua casa agora mesmo!\" \/>\n<meta property=\"og:url\" content=\"https:\/\/cafecampeiro.com.br\/en\/coado\/\" \/>\n<meta property=\"og:site_name\" content=\"Caf\u00e9 Campeiro\" \/>\n<meta property=\"article:published_time\" content=\"2023-01-01T18:01:04+00:00\" \/>\n<meta property=\"article:modified_time\" content=\"2023-12-06T13:08:57+00:00\" \/>\n<meta property=\"og:image\" content=\"https:\/\/cafecampeiro.com.br\/wp-content\/uploads\/2023\/11\/Coado.jpg\" \/>\n\t<meta property=\"og:image:width\" content=\"2000\" \/>\n\t<meta property=\"og:image:height\" content=\"922\" \/>\n\t<meta property=\"og:image:type\" content=\"image\/jpeg\" \/>\n<meta name=\"author\" content=\"Rafael wp\" \/>\n<meta name=\"twitter:card\" content=\"summary_large_image\" \/>\n<meta name=\"twitter:label1\" content=\"Written by\" \/>\n\t<meta name=\"twitter:data1\" content=\"Rafael wp\" \/>\n\t<meta name=\"twitter:label2\" content=\"Est. reading time\" \/>\n\t<meta name=\"twitter:data2\" content=\"6 minutes\" \/>\n<script type=\"application\/ld+json\" class=\"yoast-schema-graph\">{\"@context\":\"https:\\\/\\\/schema.org\",\"@graph\":[{\"@type\":\"Article\",\"@id\":\"https:\\\/\\\/cafecampeiro.com.br\\\/coado\\\/#article\",\"isPartOf\":{\"@id\":\"https:\\\/\\\/cafecampeiro.com.br\\\/coado\\\/\"},\"author\":{\"name\":\"Rafael wp\",\"@id\":\"https:\\\/\\\/cafecampeiro.com.br\\\/#\\\/schema\\\/person\\\/074bd2af64c306927c4c83b4fd371665\"},\"headline\":\"Caf\u00e9 Coado\",\"datePublished\":\"2023-01-01T18:01:04+00:00\",\"dateModified\":\"2023-12-06T13:08:57+00:00\",\"mainEntityOfPage\":{\"@id\":\"https:\\\/\\\/cafecampeiro.com.br\\\/coado\\\/\"},\"wordCount\":1084,\"image\":{\"@id\":\"https:\\\/\\\/cafecampeiro.com.br\\\/coado\\\/#primaryimage\"},\"thumbnailUrl\":\"https:\\\/\\\/cafecampeiro.com.br\\\/wp-content\\\/uploads\\\/2023\\\/11\\\/Coado.jpg\",\"keywords\":[\"caf\u00e9 aguado\",\"caf\u00e9 coado\",\"caf\u00e9 demorando\",\"caf\u00e9 especial\",\"caf\u00e9 filtrado\",\"caf\u00e9 forte\",\"caf\u00e9 gourmet\",\"caf\u00e9 passado\",\"caf\u00e9 saindo r\u00e1pido\",\"como fazer caf\u00e9\",\"hario\",\"kalita\",\"melitta\",\"v60\"],\"articleSection\":[\"Guias de preparo\"],\"inLanguage\":\"en-US\"},{\"@type\":\"WebPage\",\"@id\":\"https:\\\/\\\/cafecampeiro.com.br\\\/coado\\\/\",\"url\":\"https:\\\/\\\/cafecampeiro.com.br\\\/coado\\\/\",\"name\":\"Caf\u00e9 Coado - Caf\u00e9 Campeiro\",\"isPartOf\":{\"@id\":\"https:\\\/\\\/cafecampeiro.com.br\\\/#website\"},\"primaryImageOfPage\":{\"@id\":\"https:\\\/\\\/cafecampeiro.com.br\\\/coado\\\/#primaryimage\"},\"image\":{\"@id\":\"https:\\\/\\\/cafecampeiro.com.br\\\/coado\\\/#primaryimage\"},\"thumbnailUrl\":\"https:\\\/\\\/cafecampeiro.com.br\\\/wp-content\\\/uploads\\\/2023\\\/11\\\/Coado.jpg\",\"datePublished\":\"2023-01-01T18:01:04+00:00\",\"dateModified\":\"2023-12-06T13:08:57+00:00\",\"author\":{\"@id\":\"https:\\\/\\\/cafecampeiro.com.br\\\/#\\\/schema\\\/person\\\/074bd2af64c306927c4c83b4fd371665\"},\"description\":\"Nesse guia voc\u00ea vai aprender alguns passos importantes para preparar um delicioso caf\u00e9 coado no conforto de sua casa agora mesmo!\",\"breadcrumb\":{\"@id\":\"https:\\\/\\\/cafecampeiro.com.br\\\/coado\\\/#breadcrumb\"},\"inLanguage\":\"en-US\",\"potentialAction\":[{\"@type\":\"ReadAction\",\"target\":[\"https:\\\/\\\/cafecampeiro.com.br\\\/coado\\\/\"]}]},{\"@type\":\"ImageObject\",\"inLanguage\":\"en-US\",\"@id\":\"https:\\\/\\\/cafecampeiro.com.br\\\/coado\\\/#primaryimage\",\"url\":\"https:\\\/\\\/cafecampeiro.com.br\\\/wp-content\\\/uploads\\\/2023\\\/11\\\/Coado.jpg\",\"contentUrl\":\"https:\\\/\\\/cafecampeiro.com.br\\\/wp-content\\\/uploads\\\/2023\\\/11\\\/Coado.jpg\",\"width\":2000,\"height\":922,\"caption\":\"Capa postagem blog guia de caf\u00e9 coado\"},{\"@type\":\"BreadcrumbList\",\"@id\":\"https:\\\/\\\/cafecampeiro.com.br\\\/coado\\\/#breadcrumb\",\"itemListElement\":[{\"@type\":\"ListItem\",\"position\":1,\"name\":\"In\u00edcio\",\"item\":\"https:\\\/\\\/cafecampeiro.com.br\\\/\"},{\"@type\":\"ListItem\",\"position\":2,\"name\":\"Caf\u00e9 Coado\"}]},{\"@type\":\"WebSite\",\"@id\":\"https:\\\/\\\/cafecampeiro.com.br\\\/#website\",\"url\":\"https:\\\/\\\/cafecampeiro.com.br\\\/\",\"name\":\"Caf\u00e9 Campeiro\",\"description\":\"Caf\u00e9 Campeiro\",\"potentialAction\":[{\"@type\":\"SearchAction\",\"target\":{\"@type\":\"EntryPoint\",\"urlTemplate\":\"https:\\\/\\\/cafecampeiro.com.br\\\/?s={search_term_string}\"},\"query-input\":{\"@type\":\"PropertyValueSpecification\",\"valueRequired\":true,\"valueName\":\"search_term_string\"}}],\"inLanguage\":\"en-US\"},{\"@type\":\"Person\",\"@id\":\"https:\\\/\\\/cafecampeiro.com.br\\\/#\\\/schema\\\/person\\\/074bd2af64c306927c4c83b4fd371665\",\"name\":\"Rafael wp\",\"image\":{\"@type\":\"ImageObject\",\"inLanguage\":\"en-US\",\"@id\":\"https:\\\/\\\/secure.gravatar.com\\\/avatar\\\/5f8cc718ba997435a947fc7e53e9aa5808a4bfd36af5270e99478253940cf552?s=96&d=mm&r=g\",\"url\":\"https:\\\/\\\/secure.gravatar.com\\\/avatar\\\/5f8cc718ba997435a947fc7e53e9aa5808a4bfd36af5270e99478253940cf552?s=96&d=mm&r=g\",\"contentUrl\":\"https:\\\/\\\/secure.gravatar.com\\\/avatar\\\/5f8cc718ba997435a947fc7e53e9aa5808a4bfd36af5270e99478253940cf552?s=96&d=mm&r=g\",\"caption\":\"Rafael wp\"},\"sameAs\":[\"https:\\\/\\\/cafecampeiro.com.br\\\/\"],\"url\":\"https:\\\/\\\/cafecampeiro.com.br\\\/en\\\/author\\\/rafael\\\/\"}]}<\/script>\n<!-- \/ Yoast SEO plugin. -->","yoast_head_json":{"title":"Caf\u00e9 Coado - Caf\u00e9 Campeiro","description":"Nesse guia voc\u00ea vai aprender alguns passos importantes para preparar um delicioso caf\u00e9 coado no conforto de sua casa agora mesmo!","robots":{"index":"index","follow":"follow","max-snippet":"max-snippet:-1","max-image-preview":"max-image-preview:large","max-video-preview":"max-video-preview:-1"},"canonical":"https:\/\/cafecampeiro.com.br\/en\/coado\/","og_locale":"en_US","og_type":"article","og_title":"Caf\u00e9 Coado - Caf\u00e9 Campeiro","og_description":"Nesse guia voc\u00ea vai aprender alguns passos importantes para preparar um delicioso caf\u00e9 coado no conforto de sua casa agora mesmo!","og_url":"https:\/\/cafecampeiro.com.br\/en\/coado\/","og_site_name":"Caf\u00e9 Campeiro","article_published_time":"2023-01-01T18:01:04+00:00","article_modified_time":"2023-12-06T13:08:57+00:00","og_image":[{"width":2000,"height":922,"url":"https:\/\/cafecampeiro.com.br\/wp-content\/uploads\/2023\/11\/Coado.jpg","type":"image\/jpeg"}],"author":"Rafael wp","twitter_card":"summary_large_image","twitter_misc":{"Written by":"Rafael wp","Est. reading time":"6 minutes"},"schema":{"@context":"https:\/\/schema.org","@graph":[{"@type":"Article","@id":"https:\/\/cafecampeiro.com.br\/coado\/#article","isPartOf":{"@id":"https:\/\/cafecampeiro.com.br\/coado\/"},"author":{"name":"Rafael wp","@id":"https:\/\/cafecampeiro.com.br\/#\/schema\/person\/074bd2af64c306927c4c83b4fd371665"},"headline":"Caf\u00e9 Coado","datePublished":"2023-01-01T18:01:04+00:00","dateModified":"2023-12-06T13:08:57+00:00","mainEntityOfPage":{"@id":"https:\/\/cafecampeiro.com.br\/coado\/"},"wordCount":1084,"image":{"@id":"https:\/\/cafecampeiro.com.br\/coado\/#primaryimage"},"thumbnailUrl":"https:\/\/cafecampeiro.com.br\/wp-content\/uploads\/2023\/11\/Coado.jpg","keywords":["caf\u00e9 aguado","caf\u00e9 coado","caf\u00e9 demorando","caf\u00e9 especial","caf\u00e9 filtrado","caf\u00e9 forte","caf\u00e9 gourmet","caf\u00e9 passado","caf\u00e9 saindo r\u00e1pido","como fazer caf\u00e9","hario","kalita","melitta","v60"],"articleSection":["Guias de preparo"],"inLanguage":"en-US"},{"@type":"WebPage","@id":"https:\/\/cafecampeiro.com.br\/coado\/","url":"https:\/\/cafecampeiro.com.br\/coado\/","name":"Caf\u00e9 Coado - Caf\u00e9 Campeiro","isPartOf":{"@id":"https:\/\/cafecampeiro.com.br\/#website"},"primaryImageOfPage":{"@id":"https:\/\/cafecampeiro.com.br\/coado\/#primaryimage"},"image":{"@id":"https:\/\/cafecampeiro.com.br\/coado\/#primaryimage"},"thumbnailUrl":"https:\/\/cafecampeiro.com.br\/wp-content\/uploads\/2023\/11\/Coado.jpg","datePublished":"2023-01-01T18:01:04+00:00","dateModified":"2023-12-06T13:08:57+00:00","author":{"@id":"https:\/\/cafecampeiro.com.br\/#\/schema\/person\/074bd2af64c306927c4c83b4fd371665"},"description":"Nesse guia voc\u00ea vai aprender alguns passos importantes para preparar um delicioso caf\u00e9 coado no conforto de sua casa agora mesmo!","breadcrumb":{"@id":"https:\/\/cafecampeiro.com.br\/coado\/#breadcrumb"},"inLanguage":"en-US","potentialAction":[{"@type":"ReadAction","target":["https:\/\/cafecampeiro.com.br\/coado\/"]}]},{"@type":"ImageObject","inLanguage":"en-US","@id":"https:\/\/cafecampeiro.com.br\/coado\/#primaryimage","url":"https:\/\/cafecampeiro.com.br\/wp-content\/uploads\/2023\/11\/Coado.jpg","contentUrl":"https:\/\/cafecampeiro.com.br\/wp-content\/uploads\/2023\/11\/Coado.jpg","width":2000,"height":922,"caption":"Capa postagem blog guia de caf\u00e9 coado"},{"@type":"BreadcrumbList","@id":"https:\/\/cafecampeiro.com.br\/coado\/#breadcrumb","itemListElement":[{"@type":"ListItem","position":1,"name":"In\u00edcio","item":"https:\/\/cafecampeiro.com.br\/"},{"@type":"ListItem","position":2,"name":"Caf\u00e9 Coado"}]},{"@type":"WebSite","@id":"https:\/\/cafecampeiro.com.br\/#website","url":"https:\/\/cafecampeiro.com.br\/","name":"Caf\u00e9 Campeiro","description":"Caf\u00e9 Campeiro","potentialAction":[{"@type":"SearchAction","target":{"@type":"EntryPoint","urlTemplate":"https:\/\/cafecampeiro.com.br\/?s={search_term_string}"},"query-input":{"@type":"PropertyValueSpecification","valueRequired":true,"valueName":"search_term_string"}}],"inLanguage":"en-US"},{"@type":"Person","@id":"https:\/\/cafecampeiro.com.br\/#\/schema\/person\/074bd2af64c306927c4c83b4fd371665","name":"Rafael wp","image":{"@type":"ImageObject","inLanguage":"en-US","@id":"https:\/\/secure.gravatar.com\/avatar\/5f8cc718ba997435a947fc7e53e9aa5808a4bfd36af5270e99478253940cf552?s=96&d=mm&r=g","url":"https:\/\/secure.gravatar.com\/avatar\/5f8cc718ba997435a947fc7e53e9aa5808a4bfd36af5270e99478253940cf552?s=96&d=mm&r=g","contentUrl":"https:\/\/secure.gravatar.com\/avatar\/5f8cc718ba997435a947fc7e53e9aa5808a4bfd36af5270e99478253940cf552?s=96&d=mm&r=g","caption":"Rafael wp"},"sameAs":["https:\/\/cafecampeiro.com.br\/"],"url":"https:\/\/cafecampeiro.com.br\/en\/author\/rafael\/"}]}},"jetpack_featured_media_url":"https:\/\/cafecampeiro.com.br\/wp-content\/uploads\/2023\/11\/Coado.jpg","jetpack_sharing_enabled":true,"_links":{"self":[{"href":"https:\/\/cafecampeiro.com.br\/en\/wp-json\/wp\/v2\/posts\/6283","targetHints":{"allow":["GET"]}}],"collection":[{"href":"https:\/\/cafecampeiro.com.br\/en\/wp-json\/wp\/v2\/posts"}],"about":[{"href":"https:\/\/cafecampeiro.com.br\/en\/wp-json\/wp\/v2\/types\/post"}],"author":[{"embeddable":true,"href":"https:\/\/cafecampeiro.com.br\/en\/wp-json\/wp\/v2\/users\/10"}],"replies":[{"embeddable":true,"href":"https:\/\/cafecampeiro.com.br\/en\/wp-json\/wp\/v2\/comments?post=6283"}],"version-history":[{"count":0,"href":"https:\/\/cafecampeiro.com.br\/en\/wp-json\/wp\/v2\/posts\/6283\/revisions"}],"wp:featuredmedia":[{"embeddable":true,"href":"https:\/\/cafecampeiro.com.br\/en\/wp-json\/wp\/v2\/media\/6284"}],"wp:attachment":[{"href":"https:\/\/cafecampeiro.com.br\/en\/wp-json\/wp\/v2\/media?parent=6283"}],"wp:term":[{"taxonomy":"category","embeddable":true,"href":"https:\/\/cafecampeiro.com.br\/en\/wp-json\/wp\/v2\/categories?post=6283"},{"taxonomy":"post_tag","embeddable":true,"href":"https:\/\/cafecampeiro.com.br\/en\/wp-json\/wp\/v2\/tags?post=6283"}],"curies":[{"name":"wp","href":"https:\/\/api.w.org\/{rel}","templated":true}]}}