{"id":6286,"date":"2023-01-01T15:02:46","date_gmt":"2023-01-01T18:02:46","guid":{"rendered":"https:\/\/cafecampeiro.com.br\/?p=6286"},"modified":"2023-12-06T10:09:17","modified_gmt":"2023-12-06T13:09:17","slug":"prensa","status":"publish","type":"post","link":"https:\/\/cafecampeiro.com.br\/en\/prensa\/","title":{"rendered":"Prensa Francesa"},"content":{"rendered":"<p><span style=\"font-weight: 400;\">Aqui voc\u00ea encontra tudo que precisa para fazer uma \u00f3tima <strong>Prensa Francesa!<\/strong><\/span><\/p>\n<p><span style=\"font-weight: 400;\">Indo direto ao assunto, o que \u00e9 necess\u00e1rio? De maneira simples: caf\u00e9 de boa qualidade, \u00e1gua quente, tempo e um pouco de paci\u00eancia! Al\u00e9m disso, nunca \u00e9 demais ressaltar alguns pontos b\u00e1sicos:<\/span><\/p>\n<p><span style=\"font-weight: 400;\">&#8211; Opte por <strong>caf\u00e9 em gr\u00e3os<\/strong> quando poss\u00edvel e moa o caf\u00e9 somente antes de iniciar o preparo, com o prop\u00f3sito de manter o m\u00e1ximo do sabor;<\/span><\/p>\n<p><span style=\"font-weight: 400;\">&#8211; Caso voc\u00ea n\u00e3o tenha um moinho e use caf\u00e9 j\u00e1 mo\u00eddo, procure armazen\u00e1-lo corretamente ap\u00f3s o uso. Nesse sentido, d\u00ea prefer\u00eancia a <strong>lugares secos e que n\u00e3o recebam luz solar direta<\/strong>. Nunca guarde o caf\u00e9 na geladeira. Quer saber porqu\u00ea? <a href=\"https:\/\/www.instagram.com\/p\/CmES_vEtDBz\/\">Leia nosso post clicando aqui<\/a>;<\/span><\/p>\n<p><span style=\"font-weight: 400;\">&#8211; O caf\u00e9 em x\u00edcara \u00e9 composto quase em sua totalidade de \u00e1gua! Por isso, opte por <strong>\u00e1gua de boa qualidade<\/strong>. Como esse \u00e9 um tema complexo, podemos simplificar da seguinte maneira: Utilize \u00e1gua sem odores (como cloro) e de aspecto l\u00edmpido. Quando poss\u00edvel, use \u00e1gua filtrada ou mineral. Caso opte por \u00e1gua mineral, evite usar <a href=\"https:\/\/pt.wikipedia.org\/wiki\/Dureza_da_%C3%A1gua\">\u00e1gua dura<\/a>;<\/span><\/p>\n<p><span style=\"font-weight: 400;\">&#8211; Quando poss\u00edvel, <strong>pese o caf\u00e9 e a \u00e1gua (1 ml = 1 g)<\/strong>. Recomendamos uma balan\u00e7a com temporizador para que tenha total controle sobre o preparo do seu caf\u00e9 e possa sempre repetir uma receita do seu agrado.<\/span><\/p>\n<p>&nbsp;<\/p>\n<h2><strong>Funcionamento da Prensa Francesa<\/strong><\/h2>\n<p><span style=\"font-weight: 400;\">A Prensa Francesa (tamb\u00e9m chamada de cafeti\u00e8re) \u00e9 um m\u00e9todo de preparo de caf\u00e9 que consiste em deixar caf\u00e9 mo\u00eddo imerso em \u00e1gua quente por um determinado per\u00edodo de tempo. Logo depois de passado esse tempo, <strong>o caf\u00e9 \u00e9 filtrado por meio de um \u00eambolo com uma malha (filtro) de metal.<\/strong> Como os \u00f3leos naturais do caf\u00e9 passam livremente pelo filtro de metal, o caf\u00e9 feito na prensa costuma ter um sabor mais rico e encorpado, em contraste com m\u00e9todos que utilizam filtro de papel.\u00a0<\/span><\/p>\n<p>&nbsp;<\/p>\n<h2><strong>Propor\u00e7\u00e3o recomendada para a <\/strong><strong>Prensa Francesa<\/strong><\/h2>\n<p><span style=\"font-weight: 400;\"><strong>A propor\u00e7\u00e3o que recomendamos \u00e9 1:15 <span style=\"font-weight: 400;\">(ou seja, para cada grama de caf\u00e9, adicionamos 15 partes de \u00e1gua).<\/span><\/strong><\/span><\/p>\n<p><span style=\"font-weight: 400;\">Caso voc\u00ea tenha adquirido uma <strong><a href=\"https:\/\/cafecampeiro.com.br\/en\/product\/prensa-francesa\/\">Prensa<\/a><\/strong> no site do Caf\u00e9 Campeiro, <strong>use 20 gramas de caf\u00e9 e 300 ml de \u00e1gua &#8211; 20 g x 15 = 300 ml <\/strong>(Prensa de 300 ml)<strong> ou 35 gramas de caf\u00e9 para 525 ml de \u00e1gua &#8211; 35 g x 15 &#8211; 525 ml<\/strong> (Prensa de 600 ml)<strong>.<\/strong><\/span><\/p>\n<p><span style=\"font-weight: 400;\">Fa\u00e7a testes para encontrar seu ponto preferido de extra\u00e7\u00e3o, <strong>\u00e9 muito f\u00e1cil e pr\u00e1tico fazer ajustes com a Prensa Francesa.<\/strong> S\u00f3 para exemplificar, voc\u00ea pode testar propor\u00e7\u00f5es menores <strong>(1:14)<\/strong>, maiores <strong>(1:16)<\/strong> ou simplesmente mudar o tempo de infus\u00e3o. Lembre-se que quanto mais tempo o caf\u00e9 estiver em infus\u00e3o, mais \u201cforte\u201d ser\u00e1 o resultado em x\u00edcara.<\/span><\/p>\n<p>&nbsp;<\/p>\n<h2><strong>Passo a passo para o preparo da Prensa Francesa:<\/strong><\/h2>\n<p><span style=\"font-weight: 400;\"><strong>1 &#8211;<\/strong> Comece <strong>aquecendo a \u00e1gua at\u00e9 96 \u00baC.<\/strong> Quando a \u00e1gua atingir a temperatura correta, \u00e9 hora de pr\u00e9-aquecer a Prensa Francesa. Despeje um pouco da \u00e1gua quente na Prensa (sem caf\u00e9) e agite levemente para aquecer o utens\u00edlio. Em resumo, esse passo ajuda a manter uma temperatura consistente e a proporcionar um caf\u00e9 com sabor bem equilibrado. Caso voc\u00ea n\u00e3o tenha como medir a temperatura da \u00e1gua, aque\u00e7a a \u00e1gua at\u00e9 ferver e imediatamente desligue o fogo. Espere a \u00e1gua parar de borbulhar para despejar na Prensa;<\/span><\/p>\n<p><span style=\"font-weight: 400;\"><strong>2 &#8211;<\/strong> Ap\u00f3s 15 segundos, descarte a \u00e1gua quente da Prensa e adicione o caf\u00e9 mo\u00eddo. Agite a Prensa ligeiramente para que o caf\u00e9 mo\u00eddo fique bem distribu\u00eddo. Se voc\u00ea moer seu pr\u00f3prio caf\u00e9, lembre-se de usar <strong>moagem grossa.<\/strong> As part\u00edculas de gr\u00e3os mo\u00eddos devem ter formas distintas e claramente vis\u00edveis, o aspecto \u00e9 parecido (mas ligeiramente mais fino) com sal marinho grosso;<\/span><\/p>\n<p><span style=\"font-weight: 400;\"><strong>3 &#8211;<\/strong> Agora fazemos a pr\u00e9-infus\u00e3o. Despeje uma pequena quantidade de \u00e1gua quente sobre o caf\u00e9, com a finalidade de <strong>umedecer e cobrir ligeiramente o caf\u00e9 mo\u00eddo por completo.<\/strong> Deixe a \u00e1gua agir por cerca de 30 segundos. Nesse meio tempo, voc\u00ea notar\u00e1 que uma crosta de caf\u00e9 vai se formar na superf\u00edcie. Utilizando uma colher, <strong>mexa gentilmente em movimentos circulares<\/strong>, isso vai ajudar a garantir que os gr\u00e3os sejam saturados uniformemente;<\/span><\/p>\n<p><span style=\"font-weight: 400;\"><strong>4 &#8211;<\/strong> Ap\u00f3s mexer o caf\u00e9, adicione o restante da \u00e1gua. Tendo adicionado a \u00e1gua por completo, encaixe o \u00eambolo (sem abaixa-lo por completo, apenas para submergir os caf\u00e9s que insistem em ficar na superf\u00edcie) e <strong>deixe o caf\u00e9 imerso<\/strong> por pelo menos 3 minutos. Este tempo pode variar de acordo com o gosto pessoal, alguns preferem uma infus\u00e3o mais longa, \u00e9 o caso daqueles que desejam uma bebida mais forte;<\/span><\/p>\n<p><span style=\"font-weight: 400;\"><strong>5 &#8211;<\/strong> Decorrido o tempo de preparo, <strong>pressione o \u00eambolo de forma lenta e firme<\/strong>, mantendo um movimento uniforme e controlado, at\u00e9 chegar pr\u00f3ximo do fundo (<strong>jamais esmague o caf\u00e9 do fundo!<\/strong>);<\/span><\/p>\n<p><span style=\"font-weight: 400;\"><strong>6 &#8211;<\/strong> N\u00e3o deixe caf\u00e9 na Prensa Francesa, <strong>sirva imediatamente<\/strong> com o prop\u00f3sito de evitar o desenvolvimento de amargor excessivo.<\/span><\/p>\n<p>&nbsp;<\/p>\n<h2><strong>Considera\u00e7\u00f5es finais sobre a Prensa<\/strong><\/h2>\n<p><span style=\"font-weight: 400;\">A base de um bom caf\u00e9 preparado com uma Prensa Francesa \u00e9 a moagem adequada. De tal forma que <strong>faz-se imprescind\u00edvel o uso de uma moagem mais grossa<\/strong>, o que vai garantir uma extra\u00e7\u00e3o consistente sem excesso de amargor e evitar que part\u00edculas indesejadas de caf\u00e9 passem pelo filtro met\u00e1lico.<\/span><\/p>\n<p><span style=\"font-weight: 400;\">Lembramos que se voc\u00ea deseja que seu caf\u00e9 tenha um sabor consistente no dia a dia, \u00e9 essencial usar uma <strong>balan\u00e7a e um temporizador.<\/strong> Ao medir o caf\u00e9 e a \u00e1gua em gramas, e o tempo de contato do caf\u00e9 com a \u00e1gua, voc\u00ea obt\u00e9m um enorme poder sobre as vari\u00e1veis e, dessa maneira, sobre a consist\u00eancia do preparo, podendo alterar e experimentar de acordo com seu gosto para ter uma x\u00edcara de caf\u00e9 perfeita.<\/span><\/p>\n<p><span style=\"font-weight: 400;\">Recomenda\u00e7\u00f5es de caf\u00e9s dos nossos baristas para o m\u00e9todo &#8211; Prensa Francesa:<\/span><\/p>\n<p><strong><a href=\"https:\/\/cafecampeiro.com.br\/en\/product\/cafe-linha-classico\/\">Cl\u00e1ssico &#8211; Linha Campeiro<\/a><\/strong><\/p>\n<p><strong><a href=\"https:\/\/cafecampeiro.com.br\/en\/product\/cafe-linha-intenso\/\">Intenso- Linha Campeiro<\/a><\/strong><\/p>\n<p><strong><a href=\"https:\/\/cafecampeiro.com.br\/en\/product\/cafe-edicoes-amendoeira\/\">Amendoeira- Linha Edi\u00e7\u00f5es<\/a><\/strong><\/p>\n<p><strong><a href=\"https:\/\/cafecampeiro.com.br\/en\/product\/cafe-edicoes-organico\/\">Org\u00e2nico &#8211; Linha Edi\u00e7\u00f5es<\/a><\/strong><\/p>","protected":false},"excerpt":{"rendered":"<p>Aqui voc\u00ea encontra tudo que precisa para fazer uma \u00f3tima Prensa Francesa! Indo direto ao assunto, o que \u00e9 necess\u00e1rio? De maneira simples: caf\u00e9 de boa qualidade, \u00e1gua quente, tempo e um pouco de paci\u00eancia! Al\u00e9m disso, nunca \u00e9 demais ressaltar alguns pontos b\u00e1sicos: &#8211; Opte por caf\u00e9 em gr\u00e3os quando poss\u00edvel e moa o [&hellip;]<\/p>","protected":false},"author":10,"featured_media":6287,"comment_status":"closed","ping_status":"open","sticky":false,"template":"","format":"standard","meta":{"_jetpack_memberships_contains_paid_content":false,"footnotes":""},"categories":[109],"tags":[],"class_list":["post-6286","post","type-post","status-publish","format-standard","has-post-thumbnail","hentry","category-guias-de-preparo"],"featured_image_src":{"landsacpe":["https:\/\/cafecampeiro.com.br\/wp-content\/uploads\/2023\/11\/Prensa-1140x445.jpg",1140,445,true],"list":["https:\/\/cafecampeiro.com.br\/wp-content\/uploads\/2023\/11\/Prensa-463x348.jpg",463,348,true],"medium":["https:\/\/cafecampeiro.com.br\/wp-content\/uploads\/2023\/11\/Prensa-300x138.jpg",300,138,true],"full":["https:\/\/cafecampeiro.com.br\/wp-content\/uploads\/2023\/11\/Prensa.jpg",2000,922,false]},"yoast_head":"<!-- This site is optimized with the Yoast SEO plugin v27.3 - https:\/\/yoast.com\/product\/yoast-seo-wordpress\/ -->\n<title>Prensa Francesa - Caf\u00e9 Campeiro<\/title>\n<meta name=\"description\" content=\"Nesse guia voc\u00ea vai aprender alguns passos importantes para preparar uma deliciosa prensa francesa no conforto de sua casa agora mesmo!\" \/>\n<meta name=\"robots\" content=\"index, follow, max-snippet:-1, max-image-preview:large, max-video-preview:-1\" \/>\n<link rel=\"canonical\" href=\"https:\/\/cafecampeiro.com.br\/en\/prensa\/\" \/>\n<meta property=\"og:locale\" content=\"en_US\" \/>\n<meta property=\"og:type\" content=\"article\" \/>\n<meta property=\"og:title\" content=\"Prensa Francesa - Caf\u00e9 Campeiro\" \/>\n<meta property=\"og:description\" content=\"Nesse guia voc\u00ea vai aprender alguns passos importantes para preparar uma deliciosa prensa francesa no conforto de sua casa agora mesmo!\" \/>\n<meta property=\"og:url\" content=\"https:\/\/cafecampeiro.com.br\/en\/prensa\/\" \/>\n<meta property=\"og:site_name\" content=\"Caf\u00e9 Campeiro\" \/>\n<meta property=\"article:published_time\" content=\"2023-01-01T18:02:46+00:00\" \/>\n<meta property=\"article:modified_time\" content=\"2023-12-06T13:09:17+00:00\" \/>\n<meta property=\"og:image\" content=\"https:\/\/cafecampeiro.com.br\/wp-content\/uploads\/2023\/11\/Prensa.jpg\" \/>\n\t<meta property=\"og:image:width\" content=\"2000\" \/>\n\t<meta property=\"og:image:height\" content=\"922\" \/>\n\t<meta property=\"og:image:type\" content=\"image\/jpeg\" \/>\n<meta name=\"author\" content=\"Rafael wp\" \/>\n<meta name=\"twitter:card\" content=\"summary_large_image\" \/>\n<meta name=\"twitter:label1\" content=\"Written by\" \/>\n\t<meta name=\"twitter:data1\" content=\"Rafael wp\" \/>\n\t<meta name=\"twitter:label2\" content=\"Est. reading time\" \/>\n\t<meta name=\"twitter:data2\" content=\"6 minutes\" \/>\n<script type=\"application\/ld+json\" class=\"yoast-schema-graph\">{\"@context\":\"https:\\\/\\\/schema.org\",\"@graph\":[{\"@type\":\"Article\",\"@id\":\"https:\\\/\\\/cafecampeiro.com.br\\\/prensa\\\/#article\",\"isPartOf\":{\"@id\":\"https:\\\/\\\/cafecampeiro.com.br\\\/prensa\\\/\"},\"author\":{\"name\":\"Rafael wp\",\"@id\":\"https:\\\/\\\/cafecampeiro.com.br\\\/#\\\/schema\\\/person\\\/074bd2af64c306927c4c83b4fd371665\"},\"headline\":\"Prensa Francesa\",\"datePublished\":\"2023-01-01T18:02:46+00:00\",\"dateModified\":\"2023-12-06T13:09:17+00:00\",\"mainEntityOfPage\":{\"@id\":\"https:\\\/\\\/cafecampeiro.com.br\\\/prensa\\\/\"},\"wordCount\":989,\"image\":{\"@id\":\"https:\\\/\\\/cafecampeiro.com.br\\\/prensa\\\/#primaryimage\"},\"thumbnailUrl\":\"https:\\\/\\\/cafecampeiro.com.br\\\/wp-content\\\/uploads\\\/2023\\\/11\\\/Prensa.jpg\",\"articleSection\":[\"Guias de preparo\"],\"inLanguage\":\"en-US\"},{\"@type\":\"WebPage\",\"@id\":\"https:\\\/\\\/cafecampeiro.com.br\\\/prensa\\\/\",\"url\":\"https:\\\/\\\/cafecampeiro.com.br\\\/prensa\\\/\",\"name\":\"Prensa Francesa - Caf\u00e9 Campeiro\",\"isPartOf\":{\"@id\":\"https:\\\/\\\/cafecampeiro.com.br\\\/#website\"},\"primaryImageOfPage\":{\"@id\":\"https:\\\/\\\/cafecampeiro.com.br\\\/prensa\\\/#primaryimage\"},\"image\":{\"@id\":\"https:\\\/\\\/cafecampeiro.com.br\\\/prensa\\\/#primaryimage\"},\"thumbnailUrl\":\"https:\\\/\\\/cafecampeiro.com.br\\\/wp-content\\\/uploads\\\/2023\\\/11\\\/Prensa.jpg\",\"datePublished\":\"2023-01-01T18:02:46+00:00\",\"dateModified\":\"2023-12-06T13:09:17+00:00\",\"author\":{\"@id\":\"https:\\\/\\\/cafecampeiro.com.br\\\/#\\\/schema\\\/person\\\/074bd2af64c306927c4c83b4fd371665\"},\"description\":\"Nesse guia voc\u00ea vai aprender alguns passos importantes para preparar uma deliciosa prensa francesa no conforto de sua casa agora mesmo!\",\"breadcrumb\":{\"@id\":\"https:\\\/\\\/cafecampeiro.com.br\\\/prensa\\\/#breadcrumb\"},\"inLanguage\":\"en-US\",\"potentialAction\":[{\"@type\":\"ReadAction\",\"target\":[\"https:\\\/\\\/cafecampeiro.com.br\\\/prensa\\\/\"]}]},{\"@type\":\"ImageObject\",\"inLanguage\":\"en-US\",\"@id\":\"https:\\\/\\\/cafecampeiro.com.br\\\/prensa\\\/#primaryimage\",\"url\":\"https:\\\/\\\/cafecampeiro.com.br\\\/wp-content\\\/uploads\\\/2023\\\/11\\\/Prensa.jpg\",\"contentUrl\":\"https:\\\/\\\/cafecampeiro.com.br\\\/wp-content\\\/uploads\\\/2023\\\/11\\\/Prensa.jpg\",\"width\":2000,\"height\":922,\"caption\":\"Imagem de capa da postagem do blog sobre preparo da prensa francesa\"},{\"@type\":\"BreadcrumbList\",\"@id\":\"https:\\\/\\\/cafecampeiro.com.br\\\/prensa\\\/#breadcrumb\",\"itemListElement\":[{\"@type\":\"ListItem\",\"position\":1,\"name\":\"In\u00edcio\",\"item\":\"https:\\\/\\\/cafecampeiro.com.br\\\/\"},{\"@type\":\"ListItem\",\"position\":2,\"name\":\"Prensa Francesa\"}]},{\"@type\":\"WebSite\",\"@id\":\"https:\\\/\\\/cafecampeiro.com.br\\\/#website\",\"url\":\"https:\\\/\\\/cafecampeiro.com.br\\\/\",\"name\":\"Caf\u00e9 Campeiro\",\"description\":\"Caf\u00e9 Campeiro\",\"potentialAction\":[{\"@type\":\"SearchAction\",\"target\":{\"@type\":\"EntryPoint\",\"urlTemplate\":\"https:\\\/\\\/cafecampeiro.com.br\\\/?s={search_term_string}\"},\"query-input\":{\"@type\":\"PropertyValueSpecification\",\"valueRequired\":true,\"valueName\":\"search_term_string\"}}],\"inLanguage\":\"en-US\"},{\"@type\":\"Person\",\"@id\":\"https:\\\/\\\/cafecampeiro.com.br\\\/#\\\/schema\\\/person\\\/074bd2af64c306927c4c83b4fd371665\",\"name\":\"Rafael wp\",\"image\":{\"@type\":\"ImageObject\",\"inLanguage\":\"en-US\",\"@id\":\"https:\\\/\\\/secure.gravatar.com\\\/avatar\\\/5f8cc718ba997435a947fc7e53e9aa5808a4bfd36af5270e99478253940cf552?s=96&d=mm&r=g\",\"url\":\"https:\\\/\\\/secure.gravatar.com\\\/avatar\\\/5f8cc718ba997435a947fc7e53e9aa5808a4bfd36af5270e99478253940cf552?s=96&d=mm&r=g\",\"contentUrl\":\"https:\\\/\\\/secure.gravatar.com\\\/avatar\\\/5f8cc718ba997435a947fc7e53e9aa5808a4bfd36af5270e99478253940cf552?s=96&d=mm&r=g\",\"caption\":\"Rafael wp\"},\"sameAs\":[\"https:\\\/\\\/cafecampeiro.com.br\\\/\"],\"url\":\"https:\\\/\\\/cafecampeiro.com.br\\\/en\\\/author\\\/rafael\\\/\"}]}<\/script>\n<!-- \/ Yoast SEO plugin. -->","yoast_head_json":{"title":"Prensa Francesa - Caf\u00e9 Campeiro","description":"Nesse guia voc\u00ea vai aprender alguns passos importantes para preparar uma deliciosa prensa francesa no conforto de sua casa agora mesmo!","robots":{"index":"index","follow":"follow","max-snippet":"max-snippet:-1","max-image-preview":"max-image-preview:large","max-video-preview":"max-video-preview:-1"},"canonical":"https:\/\/cafecampeiro.com.br\/en\/prensa\/","og_locale":"en_US","og_type":"article","og_title":"Prensa Francesa - Caf\u00e9 Campeiro","og_description":"Nesse guia voc\u00ea vai aprender alguns passos importantes para preparar uma deliciosa prensa francesa no conforto de sua casa agora mesmo!","og_url":"https:\/\/cafecampeiro.com.br\/en\/prensa\/","og_site_name":"Caf\u00e9 Campeiro","article_published_time":"2023-01-01T18:02:46+00:00","article_modified_time":"2023-12-06T13:09:17+00:00","og_image":[{"width":2000,"height":922,"url":"https:\/\/cafecampeiro.com.br\/wp-content\/uploads\/2023\/11\/Prensa.jpg","type":"image\/jpeg"}],"author":"Rafael wp","twitter_card":"summary_large_image","twitter_misc":{"Written by":"Rafael wp","Est. reading time":"6 minutes"},"schema":{"@context":"https:\/\/schema.org","@graph":[{"@type":"Article","@id":"https:\/\/cafecampeiro.com.br\/prensa\/#article","isPartOf":{"@id":"https:\/\/cafecampeiro.com.br\/prensa\/"},"author":{"name":"Rafael wp","@id":"https:\/\/cafecampeiro.com.br\/#\/schema\/person\/074bd2af64c306927c4c83b4fd371665"},"headline":"Prensa Francesa","datePublished":"2023-01-01T18:02:46+00:00","dateModified":"2023-12-06T13:09:17+00:00","mainEntityOfPage":{"@id":"https:\/\/cafecampeiro.com.br\/prensa\/"},"wordCount":989,"image":{"@id":"https:\/\/cafecampeiro.com.br\/prensa\/#primaryimage"},"thumbnailUrl":"https:\/\/cafecampeiro.com.br\/wp-content\/uploads\/2023\/11\/Prensa.jpg","articleSection":["Guias de preparo"],"inLanguage":"en-US"},{"@type":"WebPage","@id":"https:\/\/cafecampeiro.com.br\/prensa\/","url":"https:\/\/cafecampeiro.com.br\/prensa\/","name":"Prensa Francesa - Caf\u00e9 Campeiro","isPartOf":{"@id":"https:\/\/cafecampeiro.com.br\/#website"},"primaryImageOfPage":{"@id":"https:\/\/cafecampeiro.com.br\/prensa\/#primaryimage"},"image":{"@id":"https:\/\/cafecampeiro.com.br\/prensa\/#primaryimage"},"thumbnailUrl":"https:\/\/cafecampeiro.com.br\/wp-content\/uploads\/2023\/11\/Prensa.jpg","datePublished":"2023-01-01T18:02:46+00:00","dateModified":"2023-12-06T13:09:17+00:00","author":{"@id":"https:\/\/cafecampeiro.com.br\/#\/schema\/person\/074bd2af64c306927c4c83b4fd371665"},"description":"Nesse guia voc\u00ea vai aprender alguns passos importantes para preparar uma deliciosa prensa francesa no conforto de sua casa agora mesmo!","breadcrumb":{"@id":"https:\/\/cafecampeiro.com.br\/prensa\/#breadcrumb"},"inLanguage":"en-US","potentialAction":[{"@type":"ReadAction","target":["https:\/\/cafecampeiro.com.br\/prensa\/"]}]},{"@type":"ImageObject","inLanguage":"en-US","@id":"https:\/\/cafecampeiro.com.br\/prensa\/#primaryimage","url":"https:\/\/cafecampeiro.com.br\/wp-content\/uploads\/2023\/11\/Prensa.jpg","contentUrl":"https:\/\/cafecampeiro.com.br\/wp-content\/uploads\/2023\/11\/Prensa.jpg","width":2000,"height":922,"caption":"Imagem de capa da postagem do blog sobre preparo da prensa francesa"},{"@type":"BreadcrumbList","@id":"https:\/\/cafecampeiro.com.br\/prensa\/#breadcrumb","itemListElement":[{"@type":"ListItem","position":1,"name":"In\u00edcio","item":"https:\/\/cafecampeiro.com.br\/"},{"@type":"ListItem","position":2,"name":"Prensa Francesa"}]},{"@type":"WebSite","@id":"https:\/\/cafecampeiro.com.br\/#website","url":"https:\/\/cafecampeiro.com.br\/","name":"Caf\u00e9 Campeiro","description":"Caf\u00e9 Campeiro","potentialAction":[{"@type":"SearchAction","target":{"@type":"EntryPoint","urlTemplate":"https:\/\/cafecampeiro.com.br\/?s={search_term_string}"},"query-input":{"@type":"PropertyValueSpecification","valueRequired":true,"valueName":"search_term_string"}}],"inLanguage":"en-US"},{"@type":"Person","@id":"https:\/\/cafecampeiro.com.br\/#\/schema\/person\/074bd2af64c306927c4c83b4fd371665","name":"Rafael wp","image":{"@type":"ImageObject","inLanguage":"en-US","@id":"https:\/\/secure.gravatar.com\/avatar\/5f8cc718ba997435a947fc7e53e9aa5808a4bfd36af5270e99478253940cf552?s=96&d=mm&r=g","url":"https:\/\/secure.gravatar.com\/avatar\/5f8cc718ba997435a947fc7e53e9aa5808a4bfd36af5270e99478253940cf552?s=96&d=mm&r=g","contentUrl":"https:\/\/secure.gravatar.com\/avatar\/5f8cc718ba997435a947fc7e53e9aa5808a4bfd36af5270e99478253940cf552?s=96&d=mm&r=g","caption":"Rafael wp"},"sameAs":["https:\/\/cafecampeiro.com.br\/"],"url":"https:\/\/cafecampeiro.com.br\/en\/author\/rafael\/"}]}},"jetpack_featured_media_url":"https:\/\/cafecampeiro.com.br\/wp-content\/uploads\/2023\/11\/Prensa.jpg","jetpack_sharing_enabled":true,"_links":{"self":[{"href":"https:\/\/cafecampeiro.com.br\/en\/wp-json\/wp\/v2\/posts\/6286","targetHints":{"allow":["GET"]}}],"collection":[{"href":"https:\/\/cafecampeiro.com.br\/en\/wp-json\/wp\/v2\/posts"}],"about":[{"href":"https:\/\/cafecampeiro.com.br\/en\/wp-json\/wp\/v2\/types\/post"}],"author":[{"embeddable":true,"href":"https:\/\/cafecampeiro.com.br\/en\/wp-json\/wp\/v2\/users\/10"}],"replies":[{"embeddable":true,"href":"https:\/\/cafecampeiro.com.br\/en\/wp-json\/wp\/v2\/comments?post=6286"}],"version-history":[{"count":0,"href":"https:\/\/cafecampeiro.com.br\/en\/wp-json\/wp\/v2\/posts\/6286\/revisions"}],"wp:featuredmedia":[{"embeddable":true,"href":"https:\/\/cafecampeiro.com.br\/en\/wp-json\/wp\/v2\/media\/6287"}],"wp:attachment":[{"href":"https:\/\/cafecampeiro.com.br\/en\/wp-json\/wp\/v2\/media?parent=6286"}],"wp:term":[{"taxonomy":"category","embeddable":true,"href":"https:\/\/cafecampeiro.com.br\/en\/wp-json\/wp\/v2\/categories?post=6286"},{"taxonomy":"post_tag","embeddable":true,"href":"https:\/\/cafecampeiro.com.br\/en\/wp-json\/wp\/v2\/tags?post=6286"}],"curies":[{"name":"wp","href":"https:\/\/api.w.org\/{rel}","templated":true}]}}