{"id":6371,"date":"2023-01-01T19:05:18","date_gmt":"2023-01-01T22:05:18","guid":{"rendered":"https:\/\/cafecampeiro.com.br\/?p=6371"},"modified":"2023-12-06T10:17:05","modified_gmt":"2023-12-06T13:17:05","slug":"italia-o-cafe-chega-na-terra-do-espresso","status":"publish","type":"post","link":"https:\/\/cafecampeiro.com.br\/en\/italia-o-cafe-chega-na-terra-do-espresso\/","title":{"rendered":"It\u00e1lia &#8211; O caf\u00e9 chega na terra do espresso"},"content":{"rendered":"<p><span style=\"font-weight: 400;\">A hist\u00f3ria do caf\u00e9 na It\u00e1lia remonta a <strong>1570<\/strong>, quando o bot\u00e2nico paduano Prospero Alpino levou alguns sacos comprados do Imp\u00e9rio Otomano para a regi\u00e3o de <strong>Veneza<\/strong>. Naquela \u00e9poca, o caf\u00e9 era uma <strong>bebida ex\u00f3tica<\/strong>, assim como outras subst\u00e2ncias raras como a\u00e7\u00facar, cacau e ch\u00e1. Por consequ\u00eancia, era medicamento caro, usado apenas pelas classes altas e assim permaneceu por d\u00e9cadas.<\/span><\/p>\n<p>&nbsp;<\/p>\n<h2><strong>A igreja e o caf\u00e9<\/strong><\/h2>\n<p><span style=\"font-weight: 400;\">O <a href=\"https:\/\/pt.wikipedia.org\/wiki\/Papa_Clemente_VIII\"><strong>Papa Clemente VIII<\/strong><\/a> teria provado a bebida a pedido de seus sacerdotes, que queriam que ele a proibisse, pois era uma bebida de origem isl\u00e2mica e possu\u00eda a cor preta. Mas ele teria exclamado: &#8220;Ora, esta <strong>bebida de Satan\u00e1s<\/strong> \u00e9 t\u00e3o deliciosa que seria uma pena deixar os infi\u00e9is ter uso exclusivo dela. Vamos enganar Satan\u00e1s batizando-a e tornando-a uma verdadeira bebida crist\u00e3&#8221;.<\/span><\/p>\n<p><span style=\"font-weight: 400;\">Antes de acreditar nessa lenda, \u00e9 preciso lembrar que os comerciantes de Veneza, assim como de outras cidades mercantis da Pen\u00ednsula It\u00e1lica, se beneficiaram muito do <strong>com\u00e9rcio com o Oriente<\/strong>. Estas regi\u00f5es enriqueceram com o desenvolvimento do com\u00e9rcio no Mar Mediterr\u00e2neo, dando origem a uma rica <strong>burguesia mercantil.<\/strong> Essa burguesia possu\u00eda muita influ\u00eancia, <strong>inclusive sobre a Igreja.<\/strong><\/span><\/p>\n<p><span style=\"font-weight: 400;\">Com o passar dos anos, a oferta de caf\u00e9 aumentou e os pre\u00e7os baixaram, assim os comerciantes venezianos come\u00e7aram a importar caf\u00e9 em grandes quantidades da Companhia Holandesa das \u00cdndias Orientais. Cerca de um s\u00e9culo ap\u00f3s o caf\u00e9 entrar pela primeira vez em solo veneziano, <strong>a bebida era vendida nas ruas italianas<\/strong> por <\/span><i><span style=\"font-weight: 400;\">aquacedratajos<\/span><\/i><span style=\"font-weight: 400;\"> (vendedores de limonada), que tamb\u00e9m vendiam chocolate e licor.<\/span><\/p>\n<p>&nbsp;<\/p>\n<h2><strong>Caf\u00e9 na It\u00e1lia e as primeiras cafeterias<\/strong><\/h2>\n<p><span style=\"font-weight: 400;\">N\u00e3o demorou muito at\u00e9 as primeiras cafeterias come\u00e7arem a surgir. A<strong> primeira cafeteria de Veneza foi inaugurada em 1683<\/strong> e batizada com o nome da bebida que servia (Caff\u00e8). Em pouco tempo, o n\u00famero de cafeterias aumentou tanto que, <strong>em 1763 haviam 218 s\u00f3 em Veneza.<\/strong><\/span><\/p>\n<p><span style=\"font-weight: 400;\">Em 29 de dezembro de 1720, na pra\u00e7a S\u00e3o Marco, o <strong>Caff\u00e8 Florian<\/strong> inciou suas atividades.<strong> \u00c9 o caf\u00e9 mais antigo em funcionamento na It\u00e1lia<\/strong> e um dos mais antigos em funcionamento do mundo. S\u00f3 para ilustrar, por l\u00e1 j\u00e1 passaram Lord Byron, Ugo Foscolo, Charles Dickens, Goethe, Ernest Hemingway e Jean-Jacques Rousseau.<\/span><\/p>\n<p><span style=\"font-weight: 400;\"><strong>De Veneza<\/strong>, por fim o caf\u00e9 se espalhou por toda a pen\u00ednsula It\u00e1lica. Caiu no gosto dos italianos e preparou o terreno para sua futura marca registrada: a m\u00e1quina de caf\u00e9 <strong>espresso<\/strong>. Patenteada em 1884 e produzida em larga escala a partir de 1904.<\/span><\/p>\n<p><span style=\"font-weight: 400;\">Por falar em It\u00e1lia, conhe\u00e7a o <a href=\"https:\/\/cafecampeiro.com.br\/en\/product\/cafe-linha-intenso\/\"><strong>Caf\u00e9 Campeiro Intenso<\/strong><\/a>, nossa torra inspirada no perfil de torra favorito dos italianos!<\/span><\/p>\n<p><span style=\"font-weight: 400;\">Aproveite tamb\u00e9m para conhecer mais sobre o percurso do caf\u00e9 no mundo: acesse <a href=\"https:\/\/cafecampeiro.com.br\/en\/cafe-na-inglaterra-das-tavernas-as-cafeterias\/\"><strong>aqui<\/strong><\/a> o s\u00e9timo post da s\u00e9rie <\/span><a href=\"https:\/\/cafecampeiro.com.br\/en\/category\/cafe-no-mundo\/\"><b>Caf\u00e9 no Mundo<\/b><\/a><span style=\"font-weight: 400;\"> e descubra como o caf\u00e9 fechou as tavernas e abriu cafeterias na Inglaterra!<\/span><\/p>","protected":false},"excerpt":{"rendered":"<p>A hist\u00f3ria do caf\u00e9 na It\u00e1lia remonta a 1570, quando o bot\u00e2nico paduano Prospero Alpino levou alguns sacos comprados do Imp\u00e9rio Otomano para a regi\u00e3o de Veneza. Naquela \u00e9poca, o caf\u00e9 era uma bebida ex\u00f3tica, assim como outras subst\u00e2ncias raras como a\u00e7\u00facar, cacau e ch\u00e1. Por consequ\u00eancia, era medicamento caro, usado apenas pelas classes altas [&hellip;]<\/p>","protected":false},"author":10,"featured_media":6523,"comment_status":"open","ping_status":"closed","sticky":false,"template":"","format":"standard","meta":{"_jetpack_memberships_contains_paid_content":false,"footnotes":""},"categories":[68],"tags":[103,76,93,95,99,94],"class_list":["post-6371","post","type-post","status-publish","format-standard","has-post-thumbnail","hentry","category-cafe-no-mundo","tag-cafe-do-iemen","tag-cafe-especial","tag-historia-do-cafe","tag-o-cafe-no-mundo","tag-o-comeco-do-cafe","tag-origem-do-cafe"],"featured_image_src":{"landsacpe":["https:\/\/cafecampeiro.com.br\/wp-content\/uploads\/2023\/11\/Cafe-na-Italia-1140x445.jpg",1140,445,true],"list":["https:\/\/cafecampeiro.com.br\/wp-content\/uploads\/2023\/11\/Cafe-na-Italia-463x348.jpg",463,348,true],"medium":["https:\/\/cafecampeiro.com.br\/wp-content\/uploads\/2023\/11\/Cafe-na-Italia-300x138.jpg",300,138,true],"full":["https:\/\/cafecampeiro.com.br\/wp-content\/uploads\/2023\/11\/Cafe-na-Italia.jpg",2000,922,false]},"yoast_head":"<!-- This site is optimized with the Yoast SEO plugin v27.3 - https:\/\/yoast.com\/product\/yoast-seo-wordpress\/ -->\n<title>It\u00e1lia - O caf\u00e9 chega na terra do espresso - Caf\u00e9 Campeiro<\/title>\n<meta name=\"description\" content=\"Saiba mais sobre a hist\u00f3ria do caf\u00e9 na It\u00e1lia! Quando em 1570 o bot\u00e2nico paduano Prospero Alpino levou caf\u00e9 do Imp\u00e9rio Otomano para Veneza.\" \/>\n<meta name=\"robots\" content=\"index, follow, max-snippet:-1, max-image-preview:large, max-video-preview:-1\" \/>\n<link rel=\"canonical\" href=\"https:\/\/cafecampeiro.com.br\/en\/italia-o-cafe-chega-na-terra-do-espresso\/\" \/>\n<meta property=\"og:locale\" content=\"en_US\" \/>\n<meta property=\"og:type\" content=\"article\" \/>\n<meta property=\"og:title\" content=\"It\u00e1lia - O caf\u00e9 chega na terra do espresso - Caf\u00e9 Campeiro\" \/>\n<meta property=\"og:description\" content=\"Saiba mais sobre a hist\u00f3ria do caf\u00e9 na It\u00e1lia! Quando em 1570 o bot\u00e2nico paduano Prospero Alpino levou caf\u00e9 do Imp\u00e9rio Otomano para Veneza.\" \/>\n<meta property=\"og:url\" content=\"https:\/\/cafecampeiro.com.br\/en\/italia-o-cafe-chega-na-terra-do-espresso\/\" \/>\n<meta property=\"og:site_name\" content=\"Caf\u00e9 Campeiro\" \/>\n<meta property=\"article:published_time\" content=\"2023-01-01T22:05:18+00:00\" \/>\n<meta property=\"article:modified_time\" content=\"2023-12-06T13:17:05+00:00\" \/>\n<meta property=\"og:image\" content=\"https:\/\/cafecampeiro.com.br\/wp-content\/uploads\/2023\/11\/Cafe-na-Italia.jpg\" \/>\n\t<meta property=\"og:image:width\" content=\"2000\" \/>\n\t<meta property=\"og:image:height\" content=\"922\" \/>\n\t<meta property=\"og:image:type\" content=\"image\/jpeg\" \/>\n<meta name=\"author\" content=\"Rafael wp\" \/>\n<meta name=\"twitter:card\" content=\"summary_large_image\" \/>\n<meta name=\"twitter:label1\" content=\"Written by\" \/>\n\t<meta name=\"twitter:data1\" content=\"Rafael wp\" \/>\n\t<meta name=\"twitter:label2\" content=\"Est. reading time\" \/>\n\t<meta name=\"twitter:data2\" content=\"3 minutes\" \/>\n<script type=\"application\/ld+json\" class=\"yoast-schema-graph\">{\"@context\":\"https:\\\/\\\/schema.org\",\"@graph\":[{\"@type\":\"Article\",\"@id\":\"https:\\\/\\\/cafecampeiro.com.br\\\/italia-o-cafe-chega-na-terra-do-espresso\\\/#article\",\"isPartOf\":{\"@id\":\"https:\\\/\\\/cafecampeiro.com.br\\\/italia-o-cafe-chega-na-terra-do-espresso\\\/\"},\"author\":{\"name\":\"Rafael wp\",\"@id\":\"https:\\\/\\\/cafecampeiro.com.br\\\/#\\\/schema\\\/person\\\/074bd2af64c306927c4c83b4fd371665\"},\"headline\":\"It\u00e1lia &#8211; O caf\u00e9 chega na terra do espresso\",\"datePublished\":\"2023-01-01T22:05:18+00:00\",\"dateModified\":\"2023-12-06T13:17:05+00:00\",\"mainEntityOfPage\":{\"@id\":\"https:\\\/\\\/cafecampeiro.com.br\\\/italia-o-cafe-chega-na-terra-do-espresso\\\/\"},\"wordCount\":498,\"commentCount\":6,\"image\":{\"@id\":\"https:\\\/\\\/cafecampeiro.com.br\\\/italia-o-cafe-chega-na-terra-do-espresso\\\/#primaryimage\"},\"thumbnailUrl\":\"https:\\\/\\\/cafecampeiro.com.br\\\/wp-content\\\/uploads\\\/2023\\\/11\\\/Cafe-na-Italia.jpg\",\"keywords\":[\"caf\u00e9 do iemen\",\"caf\u00e9 especial\",\"hist\u00f3ria do caf\u00e9\",\"o caf\u00e9 no mundo\",\"o come\u00e7o do caf\u00e9\",\"origem do caf\u00e9\"],\"articleSection\":[\"Caf\u00e9 no Mundo\"],\"inLanguage\":\"en-US\",\"potentialAction\":[{\"@type\":\"CommentAction\",\"name\":\"Comment\",\"target\":[\"https:\\\/\\\/cafecampeiro.com.br\\\/italia-o-cafe-chega-na-terra-do-espresso\\\/#respond\"]}]},{\"@type\":\"WebPage\",\"@id\":\"https:\\\/\\\/cafecampeiro.com.br\\\/italia-o-cafe-chega-na-terra-do-espresso\\\/\",\"url\":\"https:\\\/\\\/cafecampeiro.com.br\\\/italia-o-cafe-chega-na-terra-do-espresso\\\/\",\"name\":\"It\u00e1lia - O caf\u00e9 chega na terra do espresso - Caf\u00e9 Campeiro\",\"isPartOf\":{\"@id\":\"https:\\\/\\\/cafecampeiro.com.br\\\/#website\"},\"primaryImageOfPage\":{\"@id\":\"https:\\\/\\\/cafecampeiro.com.br\\\/italia-o-cafe-chega-na-terra-do-espresso\\\/#primaryimage\"},\"image\":{\"@id\":\"https:\\\/\\\/cafecampeiro.com.br\\\/italia-o-cafe-chega-na-terra-do-espresso\\\/#primaryimage\"},\"thumbnailUrl\":\"https:\\\/\\\/cafecampeiro.com.br\\\/wp-content\\\/uploads\\\/2023\\\/11\\\/Cafe-na-Italia.jpg\",\"datePublished\":\"2023-01-01T22:05:18+00:00\",\"dateModified\":\"2023-12-06T13:17:05+00:00\",\"author\":{\"@id\":\"https:\\\/\\\/cafecampeiro.com.br\\\/#\\\/schema\\\/person\\\/074bd2af64c306927c4c83b4fd371665\"},\"description\":\"Saiba mais sobre a hist\u00f3ria do caf\u00e9 na It\u00e1lia! Quando em 1570 o bot\u00e2nico paduano Prospero Alpino levou caf\u00e9 do Imp\u00e9rio Otomano para Veneza.\",\"breadcrumb\":{\"@id\":\"https:\\\/\\\/cafecampeiro.com.br\\\/italia-o-cafe-chega-na-terra-do-espresso\\\/#breadcrumb\"},\"inLanguage\":\"en-US\",\"potentialAction\":[{\"@type\":\"ReadAction\",\"target\":[\"https:\\\/\\\/cafecampeiro.com.br\\\/italia-o-cafe-chega-na-terra-do-espresso\\\/\"]}]},{\"@type\":\"ImageObject\",\"inLanguage\":\"en-US\",\"@id\":\"https:\\\/\\\/cafecampeiro.com.br\\\/italia-o-cafe-chega-na-terra-do-espresso\\\/#primaryimage\",\"url\":\"https:\\\/\\\/cafecampeiro.com.br\\\/wp-content\\\/uploads\\\/2023\\\/11\\\/Cafe-na-Italia.jpg\",\"contentUrl\":\"https:\\\/\\\/cafecampeiro.com.br\\\/wp-content\\\/uploads\\\/2023\\\/11\\\/Cafe-na-Italia.jpg\",\"width\":2000,\"height\":922,\"caption\":\"It\u00e1lia - O Caf\u00e9 Chega Na Terra do Espresso\"},{\"@type\":\"BreadcrumbList\",\"@id\":\"https:\\\/\\\/cafecampeiro.com.br\\\/italia-o-cafe-chega-na-terra-do-espresso\\\/#breadcrumb\",\"itemListElement\":[{\"@type\":\"ListItem\",\"position\":1,\"name\":\"In\u00edcio\",\"item\":\"https:\\\/\\\/cafecampeiro.com.br\\\/\"},{\"@type\":\"ListItem\",\"position\":2,\"name\":\"It\u00e1lia &#8211; O caf\u00e9 chega na terra do espresso\"}]},{\"@type\":\"WebSite\",\"@id\":\"https:\\\/\\\/cafecampeiro.com.br\\\/#website\",\"url\":\"https:\\\/\\\/cafecampeiro.com.br\\\/\",\"name\":\"Caf\u00e9 Campeiro\",\"description\":\"Caf\u00e9 Campeiro\",\"potentialAction\":[{\"@type\":\"SearchAction\",\"target\":{\"@type\":\"EntryPoint\",\"urlTemplate\":\"https:\\\/\\\/cafecampeiro.com.br\\\/?s={search_term_string}\"},\"query-input\":{\"@type\":\"PropertyValueSpecification\",\"valueRequired\":true,\"valueName\":\"search_term_string\"}}],\"inLanguage\":\"en-US\"},{\"@type\":\"Person\",\"@id\":\"https:\\\/\\\/cafecampeiro.com.br\\\/#\\\/schema\\\/person\\\/074bd2af64c306927c4c83b4fd371665\",\"name\":\"Rafael wp\",\"image\":{\"@type\":\"ImageObject\",\"inLanguage\":\"en-US\",\"@id\":\"https:\\\/\\\/secure.gravatar.com\\\/avatar\\\/5f8cc718ba997435a947fc7e53e9aa5808a4bfd36af5270e99478253940cf552?s=96&d=mm&r=g\",\"url\":\"https:\\\/\\\/secure.gravatar.com\\\/avatar\\\/5f8cc718ba997435a947fc7e53e9aa5808a4bfd36af5270e99478253940cf552?s=96&d=mm&r=g\",\"contentUrl\":\"https:\\\/\\\/secure.gravatar.com\\\/avatar\\\/5f8cc718ba997435a947fc7e53e9aa5808a4bfd36af5270e99478253940cf552?s=96&d=mm&r=g\",\"caption\":\"Rafael wp\"},\"sameAs\":[\"https:\\\/\\\/cafecampeiro.com.br\\\/\"],\"url\":\"https:\\\/\\\/cafecampeiro.com.br\\\/en\\\/author\\\/rafael\\\/\"}]}<\/script>\n<!-- \/ Yoast SEO plugin. -->","yoast_head_json":{"title":"It\u00e1lia - O caf\u00e9 chega na terra do espresso - Caf\u00e9 Campeiro","description":"Saiba mais sobre a hist\u00f3ria do caf\u00e9 na It\u00e1lia! Quando em 1570 o bot\u00e2nico paduano Prospero Alpino levou caf\u00e9 do Imp\u00e9rio Otomano para Veneza.","robots":{"index":"index","follow":"follow","max-snippet":"max-snippet:-1","max-image-preview":"max-image-preview:large","max-video-preview":"max-video-preview:-1"},"canonical":"https:\/\/cafecampeiro.com.br\/en\/italia-o-cafe-chega-na-terra-do-espresso\/","og_locale":"en_US","og_type":"article","og_title":"It\u00e1lia - O caf\u00e9 chega na terra do espresso - Caf\u00e9 Campeiro","og_description":"Saiba mais sobre a hist\u00f3ria do caf\u00e9 na It\u00e1lia! Quando em 1570 o bot\u00e2nico paduano Prospero Alpino levou caf\u00e9 do Imp\u00e9rio Otomano para Veneza.","og_url":"https:\/\/cafecampeiro.com.br\/en\/italia-o-cafe-chega-na-terra-do-espresso\/","og_site_name":"Caf\u00e9 Campeiro","article_published_time":"2023-01-01T22:05:18+00:00","article_modified_time":"2023-12-06T13:17:05+00:00","og_image":[{"width":2000,"height":922,"url":"https:\/\/cafecampeiro.com.br\/wp-content\/uploads\/2023\/11\/Cafe-na-Italia.jpg","type":"image\/jpeg"}],"author":"Rafael wp","twitter_card":"summary_large_image","twitter_misc":{"Written by":"Rafael wp","Est. reading time":"3 minutes"},"schema":{"@context":"https:\/\/schema.org","@graph":[{"@type":"Article","@id":"https:\/\/cafecampeiro.com.br\/italia-o-cafe-chega-na-terra-do-espresso\/#article","isPartOf":{"@id":"https:\/\/cafecampeiro.com.br\/italia-o-cafe-chega-na-terra-do-espresso\/"},"author":{"name":"Rafael wp","@id":"https:\/\/cafecampeiro.com.br\/#\/schema\/person\/074bd2af64c306927c4c83b4fd371665"},"headline":"It\u00e1lia &#8211; O caf\u00e9 chega na terra do espresso","datePublished":"2023-01-01T22:05:18+00:00","dateModified":"2023-12-06T13:17:05+00:00","mainEntityOfPage":{"@id":"https:\/\/cafecampeiro.com.br\/italia-o-cafe-chega-na-terra-do-espresso\/"},"wordCount":498,"commentCount":6,"image":{"@id":"https:\/\/cafecampeiro.com.br\/italia-o-cafe-chega-na-terra-do-espresso\/#primaryimage"},"thumbnailUrl":"https:\/\/cafecampeiro.com.br\/wp-content\/uploads\/2023\/11\/Cafe-na-Italia.jpg","keywords":["caf\u00e9 do iemen","caf\u00e9 especial","hist\u00f3ria do caf\u00e9","o caf\u00e9 no mundo","o come\u00e7o do caf\u00e9","origem do caf\u00e9"],"articleSection":["Caf\u00e9 no Mundo"],"inLanguage":"en-US","potentialAction":[{"@type":"CommentAction","name":"Comment","target":["https:\/\/cafecampeiro.com.br\/italia-o-cafe-chega-na-terra-do-espresso\/#respond"]}]},{"@type":"WebPage","@id":"https:\/\/cafecampeiro.com.br\/italia-o-cafe-chega-na-terra-do-espresso\/","url":"https:\/\/cafecampeiro.com.br\/italia-o-cafe-chega-na-terra-do-espresso\/","name":"It\u00e1lia - O caf\u00e9 chega na terra do espresso - Caf\u00e9 Campeiro","isPartOf":{"@id":"https:\/\/cafecampeiro.com.br\/#website"},"primaryImageOfPage":{"@id":"https:\/\/cafecampeiro.com.br\/italia-o-cafe-chega-na-terra-do-espresso\/#primaryimage"},"image":{"@id":"https:\/\/cafecampeiro.com.br\/italia-o-cafe-chega-na-terra-do-espresso\/#primaryimage"},"thumbnailUrl":"https:\/\/cafecampeiro.com.br\/wp-content\/uploads\/2023\/11\/Cafe-na-Italia.jpg","datePublished":"2023-01-01T22:05:18+00:00","dateModified":"2023-12-06T13:17:05+00:00","author":{"@id":"https:\/\/cafecampeiro.com.br\/#\/schema\/person\/074bd2af64c306927c4c83b4fd371665"},"description":"Saiba mais sobre a hist\u00f3ria do caf\u00e9 na It\u00e1lia! Quando em 1570 o bot\u00e2nico paduano Prospero Alpino levou caf\u00e9 do Imp\u00e9rio Otomano para Veneza.","breadcrumb":{"@id":"https:\/\/cafecampeiro.com.br\/italia-o-cafe-chega-na-terra-do-espresso\/#breadcrumb"},"inLanguage":"en-US","potentialAction":[{"@type":"ReadAction","target":["https:\/\/cafecampeiro.com.br\/italia-o-cafe-chega-na-terra-do-espresso\/"]}]},{"@type":"ImageObject","inLanguage":"en-US","@id":"https:\/\/cafecampeiro.com.br\/italia-o-cafe-chega-na-terra-do-espresso\/#primaryimage","url":"https:\/\/cafecampeiro.com.br\/wp-content\/uploads\/2023\/11\/Cafe-na-Italia.jpg","contentUrl":"https:\/\/cafecampeiro.com.br\/wp-content\/uploads\/2023\/11\/Cafe-na-Italia.jpg","width":2000,"height":922,"caption":"It\u00e1lia - O Caf\u00e9 Chega Na Terra do Espresso"},{"@type":"BreadcrumbList","@id":"https:\/\/cafecampeiro.com.br\/italia-o-cafe-chega-na-terra-do-espresso\/#breadcrumb","itemListElement":[{"@type":"ListItem","position":1,"name":"In\u00edcio","item":"https:\/\/cafecampeiro.com.br\/"},{"@type":"ListItem","position":2,"name":"It\u00e1lia &#8211; O caf\u00e9 chega na terra do espresso"}]},{"@type":"WebSite","@id":"https:\/\/cafecampeiro.com.br\/#website","url":"https:\/\/cafecampeiro.com.br\/","name":"Caf\u00e9 Campeiro","description":"Caf\u00e9 Campeiro","potentialAction":[{"@type":"SearchAction","target":{"@type":"EntryPoint","urlTemplate":"https:\/\/cafecampeiro.com.br\/?s={search_term_string}"},"query-input":{"@type":"PropertyValueSpecification","valueRequired":true,"valueName":"search_term_string"}}],"inLanguage":"en-US"},{"@type":"Person","@id":"https:\/\/cafecampeiro.com.br\/#\/schema\/person\/074bd2af64c306927c4c83b4fd371665","name":"Rafael wp","image":{"@type":"ImageObject","inLanguage":"en-US","@id":"https:\/\/secure.gravatar.com\/avatar\/5f8cc718ba997435a947fc7e53e9aa5808a4bfd36af5270e99478253940cf552?s=96&d=mm&r=g","url":"https:\/\/secure.gravatar.com\/avatar\/5f8cc718ba997435a947fc7e53e9aa5808a4bfd36af5270e99478253940cf552?s=96&d=mm&r=g","contentUrl":"https:\/\/secure.gravatar.com\/avatar\/5f8cc718ba997435a947fc7e53e9aa5808a4bfd36af5270e99478253940cf552?s=96&d=mm&r=g","caption":"Rafael wp"},"sameAs":["https:\/\/cafecampeiro.com.br\/"],"url":"https:\/\/cafecampeiro.com.br\/en\/author\/rafael\/"}]}},"jetpack_featured_media_url":"https:\/\/cafecampeiro.com.br\/wp-content\/uploads\/2023\/11\/Cafe-na-Italia.jpg","jetpack_sharing_enabled":true,"_links":{"self":[{"href":"https:\/\/cafecampeiro.com.br\/en\/wp-json\/wp\/v2\/posts\/6371","targetHints":{"allow":["GET"]}}],"collection":[{"href":"https:\/\/cafecampeiro.com.br\/en\/wp-json\/wp\/v2\/posts"}],"about":[{"href":"https:\/\/cafecampeiro.com.br\/en\/wp-json\/wp\/v2\/types\/post"}],"author":[{"embeddable":true,"href":"https:\/\/cafecampeiro.com.br\/en\/wp-json\/wp\/v2\/users\/10"}],"replies":[{"embeddable":true,"href":"https:\/\/cafecampeiro.com.br\/en\/wp-json\/wp\/v2\/comments?post=6371"}],"version-history":[{"count":0,"href":"https:\/\/cafecampeiro.com.br\/en\/wp-json\/wp\/v2\/posts\/6371\/revisions"}],"wp:featuredmedia":[{"embeddable":true,"href":"https:\/\/cafecampeiro.com.br\/en\/wp-json\/wp\/v2\/media\/6523"}],"wp:attachment":[{"href":"https:\/\/cafecampeiro.com.br\/en\/wp-json\/wp\/v2\/media?parent=6371"}],"wp:term":[{"taxonomy":"category","embeddable":true,"href":"https:\/\/cafecampeiro.com.br\/en\/wp-json\/wp\/v2\/categories?post=6371"},{"taxonomy":"post_tag","embeddable":true,"href":"https:\/\/cafecampeiro.com.br\/en\/wp-json\/wp\/v2\/tags?post=6371"}],"curies":[{"name":"wp","href":"https:\/\/api.w.org\/{rel}","templated":true}]}}