{"id":6375,"date":"2023-01-01T19:06:14","date_gmt":"2023-01-01T22:06:14","guid":{"rendered":"https:\/\/cafecampeiro.com.br\/?p=6375"},"modified":"2023-12-06T10:17:27","modified_gmt":"2023-12-06T13:17:27","slug":"cafe-na-inglaterra-das-tavernas-as-cafeterias","status":"publish","type":"post","link":"https:\/\/cafecampeiro.com.br\/en\/cafe-na-inglaterra-das-tavernas-as-cafeterias\/","title":{"rendered":"Inglaterra &#8211; Das tavernas \u00e0s cafeterias"},"content":{"rendered":"<p><span style=\"font-weight: 400;\">A fascina\u00e7\u00e3o pelo caf\u00e9 na Inglaterra come\u00e7ou a partir de <strong>1650<\/strong>, quando Jacobs, um judeu liban\u00eas, inaugurou a <strong>primeira cafeteria na <a href=\"https:\/\/pt.wikipedia.org\/wiki\/Universidade_de_Oxford\">Universidade de Oxford<\/a><\/strong> para aqueles que se encantavam com a novidade.<\/span><\/p>\n<p><span style=\"font-weight: 400;\">Dois anos depois, em Londres, Pasqua Ros\u00e9e, um grego, abriu seu caf\u00e9 e lan\u00e7ou <strong>o primeiro an\u00fancio de caf\u00e9 ingl\u00eas que se tem registro<\/strong>, um cartaz exaltando as &#8220;virtudes do caf\u00e9&#8221;, com alega\u00e7\u00f5es medicinais extravagantes. O an\u00fancio de 1652 afirmava que o caf\u00e9 auxiliava na digest\u00e3o, curava dores de cabe\u00e7a, tosse, hidropisia, gota e escorbuto, al\u00e9m de prevenir abortos. Tamb\u00e9m destacava: &#8220;Isto evitar\u00e1 a sonol\u00eancia e tornar\u00e1 a pessoa apta para neg\u00f3cios, portanto, voc\u00ea n\u00e3o deve beber depois da ceia, a menos que voc\u00ea queira ficar atento, pois atrapalha o sono por 3 ou 4 horas.&#8221;<\/span><\/p>\n<p>&nbsp;<\/p>\n<h2><strong>Explos\u00e3o do caf\u00e9 na Inglaterra<\/strong><\/h2>\n<p><span style=\"font-weight: 400;\">No ano de <strong>1700<\/strong>, havia, segundo alguns relatos, <strong>mais de 2.000 cafeterias em Londres<\/strong>, superando em ocupa\u00e7\u00e3o e aluguel qualquer outro com\u00e9rcio. Esses estabelecimentos passaram a ser conhecidos como <strong>&#8220;universidades de um centavo&#8221;<\/strong>, onde por esse pre\u00e7o era poss\u00edvel adquirir uma x\u00edcara de caf\u00e9 e desfrutar de horas de conversas extraordin\u00e1rias &#8211; ou, como anunciado em 1657, &#8220;intercurso p\u00fablico&#8221;.<\/span><\/p>\n<p><span style=\"font-weight: 400;\">Cada caf\u00e9 especializou-se em atender um tipo diferente de clientela, desde m\u00e9dicos at\u00e9 protestantes, cat\u00f3licos, judeus, comerciantes, conservadores, oficiais do ex\u00e9rcito, atores, advogados, cl\u00e9rigos, entre outros. O estabelecimento de Edward Lloyd, voltado principalmente para marinheiros e mercadores, deu origem \u00e0 <strong>Lloyd &#8216;s of London<\/strong>, a renomada companhia de seguros. Outros caf\u00e9s foram fundamentais para o surgimento da <strong>Bolsa de Valores<\/strong>, a <strong>C\u00e2mara dos Banqueiros<\/strong> e jornais como <strong>The Tattler<\/strong> e <strong>The Spectator<\/strong>.<\/span><\/p>\n<p>&nbsp;<\/p>\n<h2><strong>Da cerveja para o caf\u00e9 na Inglaterra<\/strong><\/h2>\n<p><span style=\"font-weight: 400;\">Antes da ascens\u00e3o do caf\u00e9, <strong>os brit\u00e2nicos consumiam \u00e1lcool em quantidades exageradas<\/strong>. &#8220;Que bebida imoderada em todos os lugares!&#8221; reclamou um comentarista brit\u00e2nico em 1624. No entanto, <strong>o caf\u00e9 trouxe uma maior sobriedade \u00e0 na\u00e7\u00e3o<\/strong>, substituindo as bebedeiras matinais de ale, cerveja ou vinho por uma bebida que mantinha as mentes alertas e s\u00f3brias.<\/span><\/p>\n<p><span style=\"font-weight: 400;\"><strong>N\u00e3o que a maioria das cafeterias fossem lugares universalmente edificantes<\/strong>; em vez disso, eram ca\u00f3ticas, cheias de energia e capitalistas. Um contempor\u00e2neo descreveu o ambiente como uma &#8220;ral\u00e9 indo de um lado para outro, me lembrando um enxame de ratos em uma loja de queijos em ru\u00ednas&#8221;. Apesar disso, esses locais foram cruciais para o desenvolvimento de diversas institui\u00e7\u00f5es.<\/span><\/p>\n<p>&nbsp;<\/p>\n<h2><strong>Mulheres e reis contra as cafeterias<\/strong><\/h2>\n<p><span style=\"font-weight: 400;\">No entanto, nem todos compartilhavam do entusiasmo pelas cafeterias. Um boicote significativo veio das mulheres, exclu\u00eddas desses <strong>espa\u00e7os exclusivamente masculinos<\/strong> (a menos que fossem propriet\u00e1rias). <strong>Em 1674, a Peti\u00e7\u00e3o Feminina Contra o Caf\u00e9<\/strong> queixou-se: &#8220;Encontramos ultimamente uma sensata decad\u00eancia daquele verdadeiro vigor do antigo ingl\u00eas&#8230; Nunca os homens foram mais presun\u00e7osos, ou carregaram em suas cal\u00e7as algo de menor valor&#8221;.<\/span><\/p>\n<p><span style=\"font-weight: 400;\">A Peti\u00e7\u00e3o das Mulheres revelou que um <strong>t\u00edpico dia masculino<\/strong> envolvia passar a manh\u00e3 em uma taverna at\u00e9 ficarem b\u00eabados. Depois retornar ao caf\u00e9 para recuperar a sobriedade, para, em seguida, voltar \u00e0 taverna novamente.<\/span><\/p>\n<p><span style=\"font-weight: 400;\">Em 29 de dezembro de 1675, o rei Carlos II emitiu uma <strong>&#8220;Proclama\u00e7\u00e3o para a Supress\u00e3o das Cafeterias&#8221;<\/strong>, alegando que se tornaram &#8220;o grande ref\u00fagio de pessoas ociosas e descontentes&#8221;. No entanto, em 8 de janeiro, dois dias antes da proclama\u00e7\u00e3o entrar em vigor, o rei recuou.<\/span><\/p>\n<p>&nbsp;<\/p>\n<h2><strong>Do caf\u00e9 para o ch\u00e1<\/strong><\/h2>\n<p><span style=\"font-weight: 400;\">Ironicamente, <strong>ao longo do s\u00e9culo XVIII, os brit\u00e2nicos trocaram o caf\u00e9 pelo ch\u00e1.<\/strong> A maioria dos caf\u00e9s transformou-se em clubes masculinos privados ou churrascarias por volta de 1730. Enquanto isso os novos jardins de ch\u00e1 p\u00fablicos atra\u00edam homens, mulheres e crian\u00e7as. Ao contr\u00e1rio do caf\u00e9, o ch\u00e1 era f\u00e1cil de preparar e n\u00e3o demandava torrefa\u00e7\u00e3o, moagem e frescor.<\/span><\/p>\n<p><span style=\"font-weight: 400;\">Al\u00e9m disso, <strong>a coloniza\u00e7\u00e3o brit\u00e2nica da \u00cdndia come\u00e7ou a focar mais no ch\u00e1 do que no caf\u00e9.<\/strong> A Companhia Brit\u00e2nica das \u00cdndias Orientais impulsionou o ch\u00e1 por meio de seu monop\u00f3lio na China, tornando-o mais acess\u00edvel. Embora o caf\u00e9 nunca tenha desaparecido completamente, seu consumo na Inglaterra diminuiu gradualmente at\u00e9 tempos recentes.<\/span><\/p>\n<p><span style=\"font-weight: 400;\">Mas convenhamos, n\u00e3o d\u00e1 pra trocar uma boa x\u00edcara de caf\u00e9 por uma de ch\u00e1 n\u00e9? E se o problema for praticidade, nosso <a href=\"https:\/\/cafecampeiro.com.br\/en\/product\/drip-coffee\/\"><strong>Drip Coffee<\/strong><\/a> \u00e9 t\u00e3o r\u00e1pido de preparar quanto uma x\u00edcara de ch\u00e1!<\/span><\/p>\n<p><span style=\"font-weight: 400;\">Aproveite tamb\u00e9m para conhecer mais sobre o percurso do caf\u00e9 no mundo: <a href=\"https:\/\/cafecampeiro.com.br\/en\/franca-revolucao-e-cafe-com-leite\/\"><strong>acesse aqui<\/strong><\/a> o oitavo post da s\u00e9rie <\/span><a href=\"https:\/\/cafecampeiro.com.br\/en\/category\/cafe-no-mundo\/\"><b>Caf\u00e9 no Mundo<\/b><\/a><span style=\"font-weight: 400;\"> e descubra como o caf\u00e9 brigou com outra bebida aco\u00f3lica na Franca, o vinho!<\/span><\/p>","protected":false},"excerpt":{"rendered":"<p>A fascina\u00e7\u00e3o pelo caf\u00e9 na Inglaterra come\u00e7ou a partir de 1650, quando Jacobs, um judeu liban\u00eas, inaugurou a primeira cafeteria na Universidade de Oxford para aqueles que se encantavam com a novidade. Dois anos depois, em Londres, Pasqua Ros\u00e9e, um grego, abriu seu caf\u00e9 e lan\u00e7ou o primeiro an\u00fancio de caf\u00e9 ingl\u00eas que se tem [&hellip;]<\/p>","protected":false},"author":10,"featured_media":6524,"comment_status":"open","ping_status":"closed","sticky":false,"template":"","format":"standard","meta":{"_jetpack_memberships_contains_paid_content":false,"footnotes":""},"categories":[68],"tags":[76,93,95,99,94],"class_list":["post-6375","post","type-post","status-publish","format-standard","has-post-thumbnail","hentry","category-cafe-no-mundo","tag-cafe-especial","tag-historia-do-cafe","tag-o-cafe-no-mundo","tag-o-comeco-do-cafe","tag-origem-do-cafe"],"featured_image_src":{"landsacpe":["https:\/\/cafecampeiro.com.br\/wp-content\/uploads\/2023\/11\/cafe-na-inglaterra-1140x445.jpg",1140,445,true],"list":["https:\/\/cafecampeiro.com.br\/wp-content\/uploads\/2023\/11\/cafe-na-inglaterra-463x348.jpg",463,348,true],"medium":["https:\/\/cafecampeiro.com.br\/wp-content\/uploads\/2023\/11\/cafe-na-inglaterra-300x138.jpg",300,138,true],"full":["https:\/\/cafecampeiro.com.br\/wp-content\/uploads\/2023\/11\/cafe-na-inglaterra.jpg",2000,922,false]},"yoast_head":"<!-- This site is optimized with the Yoast SEO plugin v27.3 - https:\/\/yoast.com\/product\/yoast-seo-wordpress\/ -->\n<title>Inglaterra - Das tavernas \u00e0s cafeterias - Caf\u00e9 Campeiro<\/title>\n<meta name=\"description\" content=\"A fascina\u00e7\u00e3o pelo caf\u00e9 na Inglaterra come\u00e7ou em 1650, quando Jacobs, um judeu liban\u00eas, inaugurou o primeiro caf\u00e9 na Universidade de Oxford.\" \/>\n<meta name=\"robots\" content=\"index, follow, max-snippet:-1, max-image-preview:large, max-video-preview:-1\" \/>\n<link rel=\"canonical\" href=\"https:\/\/cafecampeiro.com.br\/en\/cafe-na-inglaterra-das-tavernas-as-cafeterias\/\" \/>\n<meta property=\"og:locale\" content=\"en_US\" \/>\n<meta property=\"og:type\" content=\"article\" \/>\n<meta property=\"og:title\" content=\"Inglaterra - Das tavernas \u00e0s cafeterias - Caf\u00e9 Campeiro\" \/>\n<meta property=\"og:description\" content=\"A fascina\u00e7\u00e3o pelo caf\u00e9 na Inglaterra come\u00e7ou em 1650, quando Jacobs, um judeu liban\u00eas, inaugurou o primeiro caf\u00e9 na Universidade de Oxford.\" \/>\n<meta property=\"og:url\" content=\"https:\/\/cafecampeiro.com.br\/en\/cafe-na-inglaterra-das-tavernas-as-cafeterias\/\" \/>\n<meta property=\"og:site_name\" content=\"Caf\u00e9 Campeiro\" \/>\n<meta property=\"article:published_time\" content=\"2023-01-01T22:06:14+00:00\" \/>\n<meta property=\"article:modified_time\" content=\"2023-12-06T13:17:27+00:00\" \/>\n<meta property=\"og:image\" content=\"https:\/\/cafecampeiro.com.br\/wp-content\/uploads\/2023\/11\/cafe-na-inglaterra.jpg\" \/>\n\t<meta property=\"og:image:width\" content=\"2000\" \/>\n\t<meta property=\"og:image:height\" content=\"922\" \/>\n\t<meta property=\"og:image:type\" content=\"image\/jpeg\" \/>\n<meta name=\"author\" content=\"Rafael wp\" \/>\n<meta name=\"twitter:card\" content=\"summary_large_image\" \/>\n<meta name=\"twitter:label1\" content=\"Written by\" \/>\n\t<meta name=\"twitter:data1\" content=\"Rafael wp\" \/>\n\t<meta name=\"twitter:label2\" content=\"Est. reading time\" \/>\n\t<meta name=\"twitter:data2\" content=\"4 minutes\" \/>\n<script type=\"application\/ld+json\" class=\"yoast-schema-graph\">{\"@context\":\"https:\\\/\\\/schema.org\",\"@graph\":[{\"@type\":\"Article\",\"@id\":\"https:\\\/\\\/cafecampeiro.com.br\\\/cafe-na-inglaterra-das-tavernas-as-cafeterias\\\/#article\",\"isPartOf\":{\"@id\":\"https:\\\/\\\/cafecampeiro.com.br\\\/cafe-na-inglaterra-das-tavernas-as-cafeterias\\\/\"},\"author\":{\"name\":\"Rafael wp\",\"@id\":\"https:\\\/\\\/cafecampeiro.com.br\\\/#\\\/schema\\\/person\\\/074bd2af64c306927c4c83b4fd371665\"},\"headline\":\"Inglaterra &#8211; Das tavernas \u00e0s cafeterias\",\"datePublished\":\"2023-01-01T22:06:14+00:00\",\"dateModified\":\"2023-12-06T13:17:27+00:00\",\"mainEntityOfPage\":{\"@id\":\"https:\\\/\\\/cafecampeiro.com.br\\\/cafe-na-inglaterra-das-tavernas-as-cafeterias\\\/\"},\"wordCount\":791,\"commentCount\":0,\"image\":{\"@id\":\"https:\\\/\\\/cafecampeiro.com.br\\\/cafe-na-inglaterra-das-tavernas-as-cafeterias\\\/#primaryimage\"},\"thumbnailUrl\":\"https:\\\/\\\/cafecampeiro.com.br\\\/wp-content\\\/uploads\\\/2023\\\/11\\\/cafe-na-inglaterra.jpg\",\"keywords\":[\"caf\u00e9 especial\",\"hist\u00f3ria do caf\u00e9\",\"o caf\u00e9 no mundo\",\"o come\u00e7o do caf\u00e9\",\"origem do caf\u00e9\"],\"articleSection\":[\"Caf\u00e9 no Mundo\"],\"inLanguage\":\"en-US\",\"potentialAction\":[{\"@type\":\"CommentAction\",\"name\":\"Comment\",\"target\":[\"https:\\\/\\\/cafecampeiro.com.br\\\/cafe-na-inglaterra-das-tavernas-as-cafeterias\\\/#respond\"]}]},{\"@type\":\"WebPage\",\"@id\":\"https:\\\/\\\/cafecampeiro.com.br\\\/cafe-na-inglaterra-das-tavernas-as-cafeterias\\\/\",\"url\":\"https:\\\/\\\/cafecampeiro.com.br\\\/cafe-na-inglaterra-das-tavernas-as-cafeterias\\\/\",\"name\":\"Inglaterra - Das tavernas \u00e0s cafeterias - Caf\u00e9 Campeiro\",\"isPartOf\":{\"@id\":\"https:\\\/\\\/cafecampeiro.com.br\\\/#website\"},\"primaryImageOfPage\":{\"@id\":\"https:\\\/\\\/cafecampeiro.com.br\\\/cafe-na-inglaterra-das-tavernas-as-cafeterias\\\/#primaryimage\"},\"image\":{\"@id\":\"https:\\\/\\\/cafecampeiro.com.br\\\/cafe-na-inglaterra-das-tavernas-as-cafeterias\\\/#primaryimage\"},\"thumbnailUrl\":\"https:\\\/\\\/cafecampeiro.com.br\\\/wp-content\\\/uploads\\\/2023\\\/11\\\/cafe-na-inglaterra.jpg\",\"datePublished\":\"2023-01-01T22:06:14+00:00\",\"dateModified\":\"2023-12-06T13:17:27+00:00\",\"author\":{\"@id\":\"https:\\\/\\\/cafecampeiro.com.br\\\/#\\\/schema\\\/person\\\/074bd2af64c306927c4c83b4fd371665\"},\"description\":\"A fascina\u00e7\u00e3o pelo caf\u00e9 na Inglaterra come\u00e7ou em 1650, quando Jacobs, um judeu liban\u00eas, inaugurou o primeiro caf\u00e9 na Universidade de Oxford.\",\"breadcrumb\":{\"@id\":\"https:\\\/\\\/cafecampeiro.com.br\\\/cafe-na-inglaterra-das-tavernas-as-cafeterias\\\/#breadcrumb\"},\"inLanguage\":\"en-US\",\"potentialAction\":[{\"@type\":\"ReadAction\",\"target\":[\"https:\\\/\\\/cafecampeiro.com.br\\\/cafe-na-inglaterra-das-tavernas-as-cafeterias\\\/\"]}]},{\"@type\":\"ImageObject\",\"inLanguage\":\"en-US\",\"@id\":\"https:\\\/\\\/cafecampeiro.com.br\\\/cafe-na-inglaterra-das-tavernas-as-cafeterias\\\/#primaryimage\",\"url\":\"https:\\\/\\\/cafecampeiro.com.br\\\/wp-content\\\/uploads\\\/2023\\\/11\\\/cafe-na-inglaterra.jpg\",\"contentUrl\":\"https:\\\/\\\/cafecampeiro.com.br\\\/wp-content\\\/uploads\\\/2023\\\/11\\\/cafe-na-inglaterra.jpg\",\"width\":2000,\"height\":922,\"caption\":\"Caf\u00e9 Na Inglaterra - Das Tavernas \u00e0s Cafeterias\"},{\"@type\":\"BreadcrumbList\",\"@id\":\"https:\\\/\\\/cafecampeiro.com.br\\\/cafe-na-inglaterra-das-tavernas-as-cafeterias\\\/#breadcrumb\",\"itemListElement\":[{\"@type\":\"ListItem\",\"position\":1,\"name\":\"In\u00edcio\",\"item\":\"https:\\\/\\\/cafecampeiro.com.br\\\/\"},{\"@type\":\"ListItem\",\"position\":2,\"name\":\"Inglaterra &#8211; Das tavernas \u00e0s cafeterias\"}]},{\"@type\":\"WebSite\",\"@id\":\"https:\\\/\\\/cafecampeiro.com.br\\\/#website\",\"url\":\"https:\\\/\\\/cafecampeiro.com.br\\\/\",\"name\":\"Caf\u00e9 Campeiro\",\"description\":\"Caf\u00e9 Campeiro\",\"potentialAction\":[{\"@type\":\"SearchAction\",\"target\":{\"@type\":\"EntryPoint\",\"urlTemplate\":\"https:\\\/\\\/cafecampeiro.com.br\\\/?s={search_term_string}\"},\"query-input\":{\"@type\":\"PropertyValueSpecification\",\"valueRequired\":true,\"valueName\":\"search_term_string\"}}],\"inLanguage\":\"en-US\"},{\"@type\":\"Person\",\"@id\":\"https:\\\/\\\/cafecampeiro.com.br\\\/#\\\/schema\\\/person\\\/074bd2af64c306927c4c83b4fd371665\",\"name\":\"Rafael wp\",\"image\":{\"@type\":\"ImageObject\",\"inLanguage\":\"en-US\",\"@id\":\"https:\\\/\\\/secure.gravatar.com\\\/avatar\\\/5f8cc718ba997435a947fc7e53e9aa5808a4bfd36af5270e99478253940cf552?s=96&d=mm&r=g\",\"url\":\"https:\\\/\\\/secure.gravatar.com\\\/avatar\\\/5f8cc718ba997435a947fc7e53e9aa5808a4bfd36af5270e99478253940cf552?s=96&d=mm&r=g\",\"contentUrl\":\"https:\\\/\\\/secure.gravatar.com\\\/avatar\\\/5f8cc718ba997435a947fc7e53e9aa5808a4bfd36af5270e99478253940cf552?s=96&d=mm&r=g\",\"caption\":\"Rafael wp\"},\"sameAs\":[\"https:\\\/\\\/cafecampeiro.com.br\\\/\"],\"url\":\"https:\\\/\\\/cafecampeiro.com.br\\\/en\\\/author\\\/rafael\\\/\"}]}<\/script>\n<!-- \/ Yoast SEO plugin. -->","yoast_head_json":{"title":"Inglaterra - Das tavernas \u00e0s cafeterias - Caf\u00e9 Campeiro","description":"A fascina\u00e7\u00e3o pelo caf\u00e9 na Inglaterra come\u00e7ou em 1650, quando Jacobs, um judeu liban\u00eas, inaugurou o primeiro caf\u00e9 na Universidade de Oxford.","robots":{"index":"index","follow":"follow","max-snippet":"max-snippet:-1","max-image-preview":"max-image-preview:large","max-video-preview":"max-video-preview:-1"},"canonical":"https:\/\/cafecampeiro.com.br\/en\/cafe-na-inglaterra-das-tavernas-as-cafeterias\/","og_locale":"en_US","og_type":"article","og_title":"Inglaterra - Das tavernas \u00e0s cafeterias - Caf\u00e9 Campeiro","og_description":"A fascina\u00e7\u00e3o pelo caf\u00e9 na Inglaterra come\u00e7ou em 1650, quando Jacobs, um judeu liban\u00eas, inaugurou o primeiro caf\u00e9 na Universidade de Oxford.","og_url":"https:\/\/cafecampeiro.com.br\/en\/cafe-na-inglaterra-das-tavernas-as-cafeterias\/","og_site_name":"Caf\u00e9 Campeiro","article_published_time":"2023-01-01T22:06:14+00:00","article_modified_time":"2023-12-06T13:17:27+00:00","og_image":[{"width":2000,"height":922,"url":"https:\/\/cafecampeiro.com.br\/wp-content\/uploads\/2023\/11\/cafe-na-inglaterra.jpg","type":"image\/jpeg"}],"author":"Rafael wp","twitter_card":"summary_large_image","twitter_misc":{"Written by":"Rafael wp","Est. reading time":"4 minutes"},"schema":{"@context":"https:\/\/schema.org","@graph":[{"@type":"Article","@id":"https:\/\/cafecampeiro.com.br\/cafe-na-inglaterra-das-tavernas-as-cafeterias\/#article","isPartOf":{"@id":"https:\/\/cafecampeiro.com.br\/cafe-na-inglaterra-das-tavernas-as-cafeterias\/"},"author":{"name":"Rafael wp","@id":"https:\/\/cafecampeiro.com.br\/#\/schema\/person\/074bd2af64c306927c4c83b4fd371665"},"headline":"Inglaterra &#8211; Das tavernas \u00e0s cafeterias","datePublished":"2023-01-01T22:06:14+00:00","dateModified":"2023-12-06T13:17:27+00:00","mainEntityOfPage":{"@id":"https:\/\/cafecampeiro.com.br\/cafe-na-inglaterra-das-tavernas-as-cafeterias\/"},"wordCount":791,"commentCount":0,"image":{"@id":"https:\/\/cafecampeiro.com.br\/cafe-na-inglaterra-das-tavernas-as-cafeterias\/#primaryimage"},"thumbnailUrl":"https:\/\/cafecampeiro.com.br\/wp-content\/uploads\/2023\/11\/cafe-na-inglaterra.jpg","keywords":["caf\u00e9 especial","hist\u00f3ria do caf\u00e9","o caf\u00e9 no mundo","o come\u00e7o do caf\u00e9","origem do caf\u00e9"],"articleSection":["Caf\u00e9 no Mundo"],"inLanguage":"en-US","potentialAction":[{"@type":"CommentAction","name":"Comment","target":["https:\/\/cafecampeiro.com.br\/cafe-na-inglaterra-das-tavernas-as-cafeterias\/#respond"]}]},{"@type":"WebPage","@id":"https:\/\/cafecampeiro.com.br\/cafe-na-inglaterra-das-tavernas-as-cafeterias\/","url":"https:\/\/cafecampeiro.com.br\/cafe-na-inglaterra-das-tavernas-as-cafeterias\/","name":"Inglaterra - Das tavernas \u00e0s cafeterias - Caf\u00e9 Campeiro","isPartOf":{"@id":"https:\/\/cafecampeiro.com.br\/#website"},"primaryImageOfPage":{"@id":"https:\/\/cafecampeiro.com.br\/cafe-na-inglaterra-das-tavernas-as-cafeterias\/#primaryimage"},"image":{"@id":"https:\/\/cafecampeiro.com.br\/cafe-na-inglaterra-das-tavernas-as-cafeterias\/#primaryimage"},"thumbnailUrl":"https:\/\/cafecampeiro.com.br\/wp-content\/uploads\/2023\/11\/cafe-na-inglaterra.jpg","datePublished":"2023-01-01T22:06:14+00:00","dateModified":"2023-12-06T13:17:27+00:00","author":{"@id":"https:\/\/cafecampeiro.com.br\/#\/schema\/person\/074bd2af64c306927c4c83b4fd371665"},"description":"A fascina\u00e7\u00e3o pelo caf\u00e9 na Inglaterra come\u00e7ou em 1650, quando Jacobs, um judeu liban\u00eas, inaugurou o primeiro caf\u00e9 na Universidade de Oxford.","breadcrumb":{"@id":"https:\/\/cafecampeiro.com.br\/cafe-na-inglaterra-das-tavernas-as-cafeterias\/#breadcrumb"},"inLanguage":"en-US","potentialAction":[{"@type":"ReadAction","target":["https:\/\/cafecampeiro.com.br\/cafe-na-inglaterra-das-tavernas-as-cafeterias\/"]}]},{"@type":"ImageObject","inLanguage":"en-US","@id":"https:\/\/cafecampeiro.com.br\/cafe-na-inglaterra-das-tavernas-as-cafeterias\/#primaryimage","url":"https:\/\/cafecampeiro.com.br\/wp-content\/uploads\/2023\/11\/cafe-na-inglaterra.jpg","contentUrl":"https:\/\/cafecampeiro.com.br\/wp-content\/uploads\/2023\/11\/cafe-na-inglaterra.jpg","width":2000,"height":922,"caption":"Caf\u00e9 Na Inglaterra - Das Tavernas \u00e0s Cafeterias"},{"@type":"BreadcrumbList","@id":"https:\/\/cafecampeiro.com.br\/cafe-na-inglaterra-das-tavernas-as-cafeterias\/#breadcrumb","itemListElement":[{"@type":"ListItem","position":1,"name":"In\u00edcio","item":"https:\/\/cafecampeiro.com.br\/"},{"@type":"ListItem","position":2,"name":"Inglaterra &#8211; Das tavernas \u00e0s cafeterias"}]},{"@type":"WebSite","@id":"https:\/\/cafecampeiro.com.br\/#website","url":"https:\/\/cafecampeiro.com.br\/","name":"Caf\u00e9 Campeiro","description":"Caf\u00e9 Campeiro","potentialAction":[{"@type":"SearchAction","target":{"@type":"EntryPoint","urlTemplate":"https:\/\/cafecampeiro.com.br\/?s={search_term_string}"},"query-input":{"@type":"PropertyValueSpecification","valueRequired":true,"valueName":"search_term_string"}}],"inLanguage":"en-US"},{"@type":"Person","@id":"https:\/\/cafecampeiro.com.br\/#\/schema\/person\/074bd2af64c306927c4c83b4fd371665","name":"Rafael wp","image":{"@type":"ImageObject","inLanguage":"en-US","@id":"https:\/\/secure.gravatar.com\/avatar\/5f8cc718ba997435a947fc7e53e9aa5808a4bfd36af5270e99478253940cf552?s=96&d=mm&r=g","url":"https:\/\/secure.gravatar.com\/avatar\/5f8cc718ba997435a947fc7e53e9aa5808a4bfd36af5270e99478253940cf552?s=96&d=mm&r=g","contentUrl":"https:\/\/secure.gravatar.com\/avatar\/5f8cc718ba997435a947fc7e53e9aa5808a4bfd36af5270e99478253940cf552?s=96&d=mm&r=g","caption":"Rafael wp"},"sameAs":["https:\/\/cafecampeiro.com.br\/"],"url":"https:\/\/cafecampeiro.com.br\/en\/author\/rafael\/"}]}},"jetpack_featured_media_url":"https:\/\/cafecampeiro.com.br\/wp-content\/uploads\/2023\/11\/cafe-na-inglaterra.jpg","jetpack_sharing_enabled":true,"_links":{"self":[{"href":"https:\/\/cafecampeiro.com.br\/en\/wp-json\/wp\/v2\/posts\/6375","targetHints":{"allow":["GET"]}}],"collection":[{"href":"https:\/\/cafecampeiro.com.br\/en\/wp-json\/wp\/v2\/posts"}],"about":[{"href":"https:\/\/cafecampeiro.com.br\/en\/wp-json\/wp\/v2\/types\/post"}],"author":[{"embeddable":true,"href":"https:\/\/cafecampeiro.com.br\/en\/wp-json\/wp\/v2\/users\/10"}],"replies":[{"embeddable":true,"href":"https:\/\/cafecampeiro.com.br\/en\/wp-json\/wp\/v2\/comments?post=6375"}],"version-history":[{"count":0,"href":"https:\/\/cafecampeiro.com.br\/en\/wp-json\/wp\/v2\/posts\/6375\/revisions"}],"wp:featuredmedia":[{"embeddable":true,"href":"https:\/\/cafecampeiro.com.br\/en\/wp-json\/wp\/v2\/media\/6524"}],"wp:attachment":[{"href":"https:\/\/cafecampeiro.com.br\/en\/wp-json\/wp\/v2\/media?parent=6375"}],"wp:term":[{"taxonomy":"category","embeddable":true,"href":"https:\/\/cafecampeiro.com.br\/en\/wp-json\/wp\/v2\/categories?post=6375"},{"taxonomy":"post_tag","embeddable":true,"href":"https:\/\/cafecampeiro.com.br\/en\/wp-json\/wp\/v2\/tags?post=6375"}],"curies":[{"name":"wp","href":"https:\/\/api.w.org\/{rel}","templated":true}]}}