{"id":6429,"date":"2023-09-30T15:00:22","date_gmt":"2023-09-30T18:00:22","guid":{"rendered":"https:\/\/cafecampeiro.com.br\/?p=6429"},"modified":"2023-12-06T10:19:52","modified_gmt":"2023-12-06T13:19:52","slug":"franca-revolucao-e-cafe-com-leite","status":"publish","type":"post","link":"https:\/\/cafecampeiro.com.br\/en\/franca-revolucao-e-cafe-com-leite\/","title":{"rendered":"Fran\u00e7a &#8211; Revolu\u00e7\u00e3o e Caf\u00e9 com Leite"},"content":{"rendered":"<p><span style=\"font-weight: 400;\">Desde sua introdu\u00e7\u00e3o nas suntuosas festas parisienses em <strong>1669<\/strong> pelo embaixador turco Soliman Aga, o caf\u00e9 na Fran\u00e7a enfrentou uma resist\u00eancia inicial. Surpreendentemente, os franceses, conhecidos por sua paix\u00e3o por culin\u00e1ria, inicialmente <strong>ficaram atr\u00e1s de italianos e brit\u00e2nicos<\/strong> na ado\u00e7\u00e3o dessa bebida revolucion\u00e1ria.<\/span><\/p>\n<p><span style=\"font-weight: 400;\">M\u00e9dicos franceses, <strong>amea\u00e7ados<\/strong> pelas alega\u00e7\u00f5es medicinais feitas ao caf\u00e9, passaram a protestar. De tal forma que em Marselha em <strong>1679<\/strong>: <\/span><i><span style=\"font-weight: 400;\">\u201cObservamos com horror que esta bebida tende a desacostumar as pessoas ao prazer do vinho\u201d.<\/span><\/i><\/p>\n<p>&nbsp;<\/p>\n<h2><strong>Do primeiro caf\u00e9 na Fran\u00e7a at\u00e9 a Revolu\u00e7\u00e3o Francesa<\/strong><\/h2>\n<p><span style=\"font-weight: 400;\">No entanto, foi somente em <strong>1689<\/strong> que Fran\u00e7ois Procope, um imigrante italiano, abriu o <strong>Caf\u00e9 de Procope<\/strong> em frente \u00e0 Com\u00e9die Fran\u00e7aise, marcando um ponto crucial na hist\u00f3ria do caf\u00e9 na Fran\u00e7a. Este local se tornou um ponto de encontro para artistas, autores e m\u00fasicos, incluindo figuras not\u00e1veis como <strong>Voltaire, Rousseau, Diderot e at\u00e9 Benjamin Franklin<\/strong>, que contribu\u00edram para transformar o caf\u00e9 em um centro de conversas liter\u00e1rias e debates.<\/span><\/p>\n<p><span style=\"font-weight: 400;\">O caf\u00e9 n\u00e3o apenas reuniu mentes brilhantes, mas tamb\u00e9m se tornou um <strong>catalisador para uma revolu\u00e7\u00e3o social.<\/strong> Os caf\u00e9s proporcionaram um ambiente igualit\u00e1rio, onde homens e mulheres podiam se associar sem impropriedade, contribuindo para a eclos\u00e3o da <strong>Revolu\u00e7\u00e3o Francesa.<\/strong> O historiador Michelet descreveu o advento do caf\u00e9 como &#8220;a revolu\u00e7\u00e3o auspiciosa dos tempos&#8221;.<\/span><\/p>\n<p><span style=\"font-weight: 400;\">At\u00e9 mesmo escritores renomados como <a href=\"https:\/\/pt.wikipedia.org\/wiki\/Honor%C3%A9_de_Balzac\"><strong>Honor\u00e9 de Balzac<\/strong><\/a> foram cativados pela magia do caf\u00e9. Balzac, em sua busca por estimular a criatividade, <strong>consumia caf\u00e9 torrado finamente pulverizado<\/strong> com resultados espetaculares. Seus relatos v\u00edvidos descrevem como ideias marchavam rapidamente como batalh\u00f5es, e a batalha criativa come\u00e7ava.<\/span><\/p>\n<p>&nbsp;<\/p>\n<h2><strong>Populariza\u00e7\u00e3o do <i>caf\u00e9 au lait<\/i><\/strong><\/h2>\n<p><span style=\"font-weight: 400;\">Em 1710, os franceses inovaram ao introduzir o m\u00e9todo de infus\u00e3o, suspendendo<strong> caf\u00e9 em p\u00f3 em um saco de pano<\/strong> sobre o qual se despejava \u00e1gua fervente. Al\u00e9m disso, a descoberta das del\u00edcias do caf\u00e9 com leite ado\u00e7ado trouxe uma revolu\u00e7\u00e3o de sabores ao caf\u00e9 da manh\u00e3 franc\u00eas, com a Marquesa de S\u00e9vign\u00e9 elogiando esta forma de caf\u00e9 como <strong>&#8220;a coisa mais bonita do mundo&#8221;<\/strong>. Assim muitos cidad\u00e3os franceses aderiram ao <\/span><strong><i>caf\u00e9 au lait<\/i><\/strong><span style=\"font-weight: 400;\">, principalmente no caf\u00e9 da manh\u00e3.<\/span><\/p>\n<p><span style=\"font-weight: 400;\">A hist\u00f3ria do caf\u00e9 na Fran\u00e7a \u00e9 mais do que uma jornada de uma bebida ex\u00f3tica. Ademais, \u00e9 uma narrativa de revolu\u00e7\u00e3o cultural e <strong>evolu\u00e7\u00e3o de sabores.<\/strong> Ao explorar o papel crucial dos caf\u00e9s na transforma\u00e7\u00e3o social e liter\u00e1ria da Fran\u00e7a, podemos apreciar como o caf\u00e9 se tornou mais do que uma bebida &#8211; \u00e9 um <strong>s\u00edmbolo de mudan\u00e7a e inova\u00e7\u00e3o.<\/strong><\/span><\/p>\n<p><span style=\"font-weight: 400;\">Assim como a hist\u00f3ria do caf\u00e9 na Fran\u00e7a, cada x\u00edcara de <a href=\"https:\/\/cafecampeiro.com.br\/en\/product-category\/cafe\/linha-edicoes\/\"><strong>Caf\u00e9 Campeiro<\/strong><\/a> possui uma hist\u00f3ria a ser contada e uma <strong>revolu\u00e7\u00e3o a ser saboreada.<\/strong><\/span><\/p>\n<p><span style=\"font-weight: 400;\">Continue nessa jornada pelo mundo e <a href=\"https:\/\/cafecampeiro.com.br\/en\/austria-um-mensageiro-uma-estrategia-e-cafe\/\"><strong>veja<\/strong> <strong>aqui<\/strong><\/a> o nono post da s\u00e9rie <a href=\"https:\/\/cafecampeiro.com.br\/en\/category\/cafe-no-mundo\/\"><b>Caf\u00e9 no Mundo<\/b><\/a> e descubra como o caf\u00e9 chegou na \u00c1ustria!<\/span><\/p>","protected":false},"excerpt":{"rendered":"<p>Desde sua introdu\u00e7\u00e3o nas suntuosas festas parisienses em 1669 pelo embaixador turco Soliman Aga, o caf\u00e9 na Fran\u00e7a enfrentou uma resist\u00eancia inicial. Surpreendentemente, os franceses, conhecidos por sua paix\u00e3o por culin\u00e1ria, inicialmente ficaram atr\u00e1s de italianos e brit\u00e2nicos na ado\u00e7\u00e3o dessa bebida revolucion\u00e1ria. M\u00e9dicos franceses, amea\u00e7ados pelas alega\u00e7\u00f5es medicinais feitas ao caf\u00e9, passaram a protestar. [&hellip;]<\/p>","protected":false},"author":10,"featured_media":6525,"comment_status":"open","ping_status":"closed","sticky":false,"template":"","format":"standard","meta":{"_jetpack_memberships_contains_paid_content":false,"footnotes":""},"categories":[68],"tags":[76,93,95,99,94],"class_list":["post-6429","post","type-post","status-publish","format-standard","has-post-thumbnail","hentry","category-cafe-no-mundo","tag-cafe-especial","tag-historia-do-cafe","tag-o-cafe-no-mundo","tag-o-comeco-do-cafe","tag-origem-do-cafe"],"featured_image_src":{"landsacpe":["https:\/\/cafecampeiro.com.br\/wp-content\/uploads\/2023\/11\/cafe-na-franca-1140x445.jpg",1140,445,true],"list":["https:\/\/cafecampeiro.com.br\/wp-content\/uploads\/2023\/11\/cafe-na-franca-463x348.jpg",463,348,true],"medium":["https:\/\/cafecampeiro.com.br\/wp-content\/uploads\/2023\/11\/cafe-na-franca-300x138.jpg",300,138,true],"full":["https:\/\/cafecampeiro.com.br\/wp-content\/uploads\/2023\/11\/cafe-na-franca.jpg",2000,922,false]},"yoast_head":"<!-- This site is optimized with the Yoast SEO plugin v27.3 - https:\/\/yoast.com\/product\/yoast-seo-wordpress\/ -->\n<title>Fran\u00e7a - Revolu\u00e7\u00e3o e Caf\u00e9 com Leite - Caf\u00e9 Campeiro<\/title>\n<meta name=\"description\" content=\"Desde sua introdu\u00e7\u00e3o nas festas parisienses em 1669 pelo embaixador turco Soliman Aga, o caf\u00e9 na Fran\u00e7a enfrentou uma resist\u00eancia inicial.\" \/>\n<meta name=\"robots\" content=\"index, follow, max-snippet:-1, max-image-preview:large, max-video-preview:-1\" \/>\n<link rel=\"canonical\" href=\"https:\/\/cafecampeiro.com.br\/en\/franca-revolucao-e-cafe-com-leite\/\" \/>\n<meta property=\"og:locale\" content=\"en_US\" \/>\n<meta property=\"og:type\" content=\"article\" \/>\n<meta property=\"og:title\" content=\"Fran\u00e7a - Revolu\u00e7\u00e3o e Caf\u00e9 com Leite - Caf\u00e9 Campeiro\" \/>\n<meta property=\"og:description\" content=\"Desde sua introdu\u00e7\u00e3o nas festas parisienses em 1669 pelo embaixador turco Soliman Aga, o caf\u00e9 na Fran\u00e7a enfrentou uma resist\u00eancia inicial.\" \/>\n<meta property=\"og:url\" content=\"https:\/\/cafecampeiro.com.br\/en\/franca-revolucao-e-cafe-com-leite\/\" \/>\n<meta property=\"og:site_name\" content=\"Caf\u00e9 Campeiro\" \/>\n<meta property=\"article:published_time\" content=\"2023-09-30T18:00:22+00:00\" \/>\n<meta property=\"article:modified_time\" content=\"2023-12-06T13:19:52+00:00\" \/>\n<meta property=\"og:image\" content=\"https:\/\/cafecampeiro.com.br\/wp-content\/uploads\/2023\/11\/cafe-na-franca.jpg\" \/>\n\t<meta property=\"og:image:width\" content=\"2000\" \/>\n\t<meta property=\"og:image:height\" content=\"922\" \/>\n\t<meta property=\"og:image:type\" content=\"image\/jpeg\" \/>\n<meta name=\"author\" content=\"Rafael wp\" \/>\n<meta name=\"twitter:card\" content=\"summary_large_image\" \/>\n<meta name=\"twitter:label1\" content=\"Written by\" \/>\n\t<meta name=\"twitter:data1\" content=\"Rafael wp\" \/>\n\t<meta name=\"twitter:label2\" content=\"Est. reading time\" \/>\n\t<meta name=\"twitter:data2\" content=\"3 minutes\" \/>\n<script type=\"application\/ld+json\" class=\"yoast-schema-graph\">{\"@context\":\"https:\\\/\\\/schema.org\",\"@graph\":[{\"@type\":\"Article\",\"@id\":\"https:\\\/\\\/cafecampeiro.com.br\\\/franca-revolucao-e-cafe-com-leite\\\/#article\",\"isPartOf\":{\"@id\":\"https:\\\/\\\/cafecampeiro.com.br\\\/franca-revolucao-e-cafe-com-leite\\\/\"},\"author\":{\"name\":\"Rafael wp\",\"@id\":\"https:\\\/\\\/cafecampeiro.com.br\\\/#\\\/schema\\\/person\\\/074bd2af64c306927c4c83b4fd371665\"},\"headline\":\"Fran\u00e7a &#8211; Revolu\u00e7\u00e3o e Caf\u00e9 com Leite\",\"datePublished\":\"2023-09-30T18:00:22+00:00\",\"dateModified\":\"2023-12-06T13:19:52+00:00\",\"mainEntityOfPage\":{\"@id\":\"https:\\\/\\\/cafecampeiro.com.br\\\/franca-revolucao-e-cafe-com-leite\\\/\"},\"wordCount\":514,\"commentCount\":1,\"image\":{\"@id\":\"https:\\\/\\\/cafecampeiro.com.br\\\/franca-revolucao-e-cafe-com-leite\\\/#primaryimage\"},\"thumbnailUrl\":\"https:\\\/\\\/cafecampeiro.com.br\\\/wp-content\\\/uploads\\\/2023\\\/11\\\/cafe-na-franca.jpg\",\"keywords\":[\"caf\u00e9 especial\",\"hist\u00f3ria do caf\u00e9\",\"o caf\u00e9 no mundo\",\"o come\u00e7o do caf\u00e9\",\"origem do caf\u00e9\"],\"articleSection\":[\"Caf\u00e9 no Mundo\"],\"inLanguage\":\"en-US\",\"potentialAction\":[{\"@type\":\"CommentAction\",\"name\":\"Comment\",\"target\":[\"https:\\\/\\\/cafecampeiro.com.br\\\/franca-revolucao-e-cafe-com-leite\\\/#respond\"]}]},{\"@type\":\"WebPage\",\"@id\":\"https:\\\/\\\/cafecampeiro.com.br\\\/franca-revolucao-e-cafe-com-leite\\\/\",\"url\":\"https:\\\/\\\/cafecampeiro.com.br\\\/franca-revolucao-e-cafe-com-leite\\\/\",\"name\":\"Fran\u00e7a - Revolu\u00e7\u00e3o e Caf\u00e9 com Leite - Caf\u00e9 Campeiro\",\"isPartOf\":{\"@id\":\"https:\\\/\\\/cafecampeiro.com.br\\\/#website\"},\"primaryImageOfPage\":{\"@id\":\"https:\\\/\\\/cafecampeiro.com.br\\\/franca-revolucao-e-cafe-com-leite\\\/#primaryimage\"},\"image\":{\"@id\":\"https:\\\/\\\/cafecampeiro.com.br\\\/franca-revolucao-e-cafe-com-leite\\\/#primaryimage\"},\"thumbnailUrl\":\"https:\\\/\\\/cafecampeiro.com.br\\\/wp-content\\\/uploads\\\/2023\\\/11\\\/cafe-na-franca.jpg\",\"datePublished\":\"2023-09-30T18:00:22+00:00\",\"dateModified\":\"2023-12-06T13:19:52+00:00\",\"author\":{\"@id\":\"https:\\\/\\\/cafecampeiro.com.br\\\/#\\\/schema\\\/person\\\/074bd2af64c306927c4c83b4fd371665\"},\"description\":\"Desde sua introdu\u00e7\u00e3o nas festas parisienses em 1669 pelo embaixador turco Soliman Aga, o caf\u00e9 na Fran\u00e7a enfrentou uma resist\u00eancia inicial.\",\"breadcrumb\":{\"@id\":\"https:\\\/\\\/cafecampeiro.com.br\\\/franca-revolucao-e-cafe-com-leite\\\/#breadcrumb\"},\"inLanguage\":\"en-US\",\"potentialAction\":[{\"@type\":\"ReadAction\",\"target\":[\"https:\\\/\\\/cafecampeiro.com.br\\\/franca-revolucao-e-cafe-com-leite\\\/\"]}]},{\"@type\":\"ImageObject\",\"inLanguage\":\"en-US\",\"@id\":\"https:\\\/\\\/cafecampeiro.com.br\\\/franca-revolucao-e-cafe-com-leite\\\/#primaryimage\",\"url\":\"https:\\\/\\\/cafecampeiro.com.br\\\/wp-content\\\/uploads\\\/2023\\\/11\\\/cafe-na-franca.jpg\",\"contentUrl\":\"https:\\\/\\\/cafecampeiro.com.br\\\/wp-content\\\/uploads\\\/2023\\\/11\\\/cafe-na-franca.jpg\",\"width\":2000,\"height\":922,\"caption\":\"Caf\u00e9 Na Fran\u00e7a - Da revolu\u00e7\u00e3o ao Caf\u00e9 com Leite\"},{\"@type\":\"BreadcrumbList\",\"@id\":\"https:\\\/\\\/cafecampeiro.com.br\\\/franca-revolucao-e-cafe-com-leite\\\/#breadcrumb\",\"itemListElement\":[{\"@type\":\"ListItem\",\"position\":1,\"name\":\"In\u00edcio\",\"item\":\"https:\\\/\\\/cafecampeiro.com.br\\\/\"},{\"@type\":\"ListItem\",\"position\":2,\"name\":\"Fran\u00e7a &#8211; Revolu\u00e7\u00e3o e Caf\u00e9 com Leite\"}]},{\"@type\":\"WebSite\",\"@id\":\"https:\\\/\\\/cafecampeiro.com.br\\\/#website\",\"url\":\"https:\\\/\\\/cafecampeiro.com.br\\\/\",\"name\":\"Caf\u00e9 Campeiro\",\"description\":\"Caf\u00e9 Campeiro\",\"potentialAction\":[{\"@type\":\"SearchAction\",\"target\":{\"@type\":\"EntryPoint\",\"urlTemplate\":\"https:\\\/\\\/cafecampeiro.com.br\\\/?s={search_term_string}\"},\"query-input\":{\"@type\":\"PropertyValueSpecification\",\"valueRequired\":true,\"valueName\":\"search_term_string\"}}],\"inLanguage\":\"en-US\"},{\"@type\":\"Person\",\"@id\":\"https:\\\/\\\/cafecampeiro.com.br\\\/#\\\/schema\\\/person\\\/074bd2af64c306927c4c83b4fd371665\",\"name\":\"Rafael wp\",\"image\":{\"@type\":\"ImageObject\",\"inLanguage\":\"en-US\",\"@id\":\"https:\\\/\\\/secure.gravatar.com\\\/avatar\\\/5f8cc718ba997435a947fc7e53e9aa5808a4bfd36af5270e99478253940cf552?s=96&d=mm&r=g\",\"url\":\"https:\\\/\\\/secure.gravatar.com\\\/avatar\\\/5f8cc718ba997435a947fc7e53e9aa5808a4bfd36af5270e99478253940cf552?s=96&d=mm&r=g\",\"contentUrl\":\"https:\\\/\\\/secure.gravatar.com\\\/avatar\\\/5f8cc718ba997435a947fc7e53e9aa5808a4bfd36af5270e99478253940cf552?s=96&d=mm&r=g\",\"caption\":\"Rafael wp\"},\"sameAs\":[\"https:\\\/\\\/cafecampeiro.com.br\\\/\"],\"url\":\"https:\\\/\\\/cafecampeiro.com.br\\\/en\\\/author\\\/rafael\\\/\"}]}<\/script>\n<!-- \/ Yoast SEO plugin. -->","yoast_head_json":{"title":"Fran\u00e7a - Revolu\u00e7\u00e3o e Caf\u00e9 com Leite - Caf\u00e9 Campeiro","description":"Desde sua introdu\u00e7\u00e3o nas festas parisienses em 1669 pelo embaixador turco Soliman Aga, o caf\u00e9 na Fran\u00e7a enfrentou uma resist\u00eancia inicial.","robots":{"index":"index","follow":"follow","max-snippet":"max-snippet:-1","max-image-preview":"max-image-preview:large","max-video-preview":"max-video-preview:-1"},"canonical":"https:\/\/cafecampeiro.com.br\/en\/franca-revolucao-e-cafe-com-leite\/","og_locale":"en_US","og_type":"article","og_title":"Fran\u00e7a - Revolu\u00e7\u00e3o e Caf\u00e9 com Leite - Caf\u00e9 Campeiro","og_description":"Desde sua introdu\u00e7\u00e3o nas festas parisienses em 1669 pelo embaixador turco Soliman Aga, o caf\u00e9 na Fran\u00e7a enfrentou uma resist\u00eancia inicial.","og_url":"https:\/\/cafecampeiro.com.br\/en\/franca-revolucao-e-cafe-com-leite\/","og_site_name":"Caf\u00e9 Campeiro","article_published_time":"2023-09-30T18:00:22+00:00","article_modified_time":"2023-12-06T13:19:52+00:00","og_image":[{"width":2000,"height":922,"url":"https:\/\/cafecampeiro.com.br\/wp-content\/uploads\/2023\/11\/cafe-na-franca.jpg","type":"image\/jpeg"}],"author":"Rafael wp","twitter_card":"summary_large_image","twitter_misc":{"Written by":"Rafael wp","Est. reading time":"3 minutes"},"schema":{"@context":"https:\/\/schema.org","@graph":[{"@type":"Article","@id":"https:\/\/cafecampeiro.com.br\/franca-revolucao-e-cafe-com-leite\/#article","isPartOf":{"@id":"https:\/\/cafecampeiro.com.br\/franca-revolucao-e-cafe-com-leite\/"},"author":{"name":"Rafael wp","@id":"https:\/\/cafecampeiro.com.br\/#\/schema\/person\/074bd2af64c306927c4c83b4fd371665"},"headline":"Fran\u00e7a &#8211; Revolu\u00e7\u00e3o e Caf\u00e9 com Leite","datePublished":"2023-09-30T18:00:22+00:00","dateModified":"2023-12-06T13:19:52+00:00","mainEntityOfPage":{"@id":"https:\/\/cafecampeiro.com.br\/franca-revolucao-e-cafe-com-leite\/"},"wordCount":514,"commentCount":1,"image":{"@id":"https:\/\/cafecampeiro.com.br\/franca-revolucao-e-cafe-com-leite\/#primaryimage"},"thumbnailUrl":"https:\/\/cafecampeiro.com.br\/wp-content\/uploads\/2023\/11\/cafe-na-franca.jpg","keywords":["caf\u00e9 especial","hist\u00f3ria do caf\u00e9","o caf\u00e9 no mundo","o come\u00e7o do caf\u00e9","origem do caf\u00e9"],"articleSection":["Caf\u00e9 no Mundo"],"inLanguage":"en-US","potentialAction":[{"@type":"CommentAction","name":"Comment","target":["https:\/\/cafecampeiro.com.br\/franca-revolucao-e-cafe-com-leite\/#respond"]}]},{"@type":"WebPage","@id":"https:\/\/cafecampeiro.com.br\/franca-revolucao-e-cafe-com-leite\/","url":"https:\/\/cafecampeiro.com.br\/franca-revolucao-e-cafe-com-leite\/","name":"Fran\u00e7a - Revolu\u00e7\u00e3o e Caf\u00e9 com Leite - Caf\u00e9 Campeiro","isPartOf":{"@id":"https:\/\/cafecampeiro.com.br\/#website"},"primaryImageOfPage":{"@id":"https:\/\/cafecampeiro.com.br\/franca-revolucao-e-cafe-com-leite\/#primaryimage"},"image":{"@id":"https:\/\/cafecampeiro.com.br\/franca-revolucao-e-cafe-com-leite\/#primaryimage"},"thumbnailUrl":"https:\/\/cafecampeiro.com.br\/wp-content\/uploads\/2023\/11\/cafe-na-franca.jpg","datePublished":"2023-09-30T18:00:22+00:00","dateModified":"2023-12-06T13:19:52+00:00","author":{"@id":"https:\/\/cafecampeiro.com.br\/#\/schema\/person\/074bd2af64c306927c4c83b4fd371665"},"description":"Desde sua introdu\u00e7\u00e3o nas festas parisienses em 1669 pelo embaixador turco Soliman Aga, o caf\u00e9 na Fran\u00e7a enfrentou uma resist\u00eancia inicial.","breadcrumb":{"@id":"https:\/\/cafecampeiro.com.br\/franca-revolucao-e-cafe-com-leite\/#breadcrumb"},"inLanguage":"en-US","potentialAction":[{"@type":"ReadAction","target":["https:\/\/cafecampeiro.com.br\/franca-revolucao-e-cafe-com-leite\/"]}]},{"@type":"ImageObject","inLanguage":"en-US","@id":"https:\/\/cafecampeiro.com.br\/franca-revolucao-e-cafe-com-leite\/#primaryimage","url":"https:\/\/cafecampeiro.com.br\/wp-content\/uploads\/2023\/11\/cafe-na-franca.jpg","contentUrl":"https:\/\/cafecampeiro.com.br\/wp-content\/uploads\/2023\/11\/cafe-na-franca.jpg","width":2000,"height":922,"caption":"Caf\u00e9 Na Fran\u00e7a - Da revolu\u00e7\u00e3o ao Caf\u00e9 com Leite"},{"@type":"BreadcrumbList","@id":"https:\/\/cafecampeiro.com.br\/franca-revolucao-e-cafe-com-leite\/#breadcrumb","itemListElement":[{"@type":"ListItem","position":1,"name":"In\u00edcio","item":"https:\/\/cafecampeiro.com.br\/"},{"@type":"ListItem","position":2,"name":"Fran\u00e7a &#8211; Revolu\u00e7\u00e3o e Caf\u00e9 com Leite"}]},{"@type":"WebSite","@id":"https:\/\/cafecampeiro.com.br\/#website","url":"https:\/\/cafecampeiro.com.br\/","name":"Caf\u00e9 Campeiro","description":"Caf\u00e9 Campeiro","potentialAction":[{"@type":"SearchAction","target":{"@type":"EntryPoint","urlTemplate":"https:\/\/cafecampeiro.com.br\/?s={search_term_string}"},"query-input":{"@type":"PropertyValueSpecification","valueRequired":true,"valueName":"search_term_string"}}],"inLanguage":"en-US"},{"@type":"Person","@id":"https:\/\/cafecampeiro.com.br\/#\/schema\/person\/074bd2af64c306927c4c83b4fd371665","name":"Rafael wp","image":{"@type":"ImageObject","inLanguage":"en-US","@id":"https:\/\/secure.gravatar.com\/avatar\/5f8cc718ba997435a947fc7e53e9aa5808a4bfd36af5270e99478253940cf552?s=96&d=mm&r=g","url":"https:\/\/secure.gravatar.com\/avatar\/5f8cc718ba997435a947fc7e53e9aa5808a4bfd36af5270e99478253940cf552?s=96&d=mm&r=g","contentUrl":"https:\/\/secure.gravatar.com\/avatar\/5f8cc718ba997435a947fc7e53e9aa5808a4bfd36af5270e99478253940cf552?s=96&d=mm&r=g","caption":"Rafael wp"},"sameAs":["https:\/\/cafecampeiro.com.br\/"],"url":"https:\/\/cafecampeiro.com.br\/en\/author\/rafael\/"}]}},"jetpack_featured_media_url":"https:\/\/cafecampeiro.com.br\/wp-content\/uploads\/2023\/11\/cafe-na-franca.jpg","jetpack_sharing_enabled":true,"_links":{"self":[{"href":"https:\/\/cafecampeiro.com.br\/en\/wp-json\/wp\/v2\/posts\/6429","targetHints":{"allow":["GET"]}}],"collection":[{"href":"https:\/\/cafecampeiro.com.br\/en\/wp-json\/wp\/v2\/posts"}],"about":[{"href":"https:\/\/cafecampeiro.com.br\/en\/wp-json\/wp\/v2\/types\/post"}],"author":[{"embeddable":true,"href":"https:\/\/cafecampeiro.com.br\/en\/wp-json\/wp\/v2\/users\/10"}],"replies":[{"embeddable":true,"href":"https:\/\/cafecampeiro.com.br\/en\/wp-json\/wp\/v2\/comments?post=6429"}],"version-history":[{"count":0,"href":"https:\/\/cafecampeiro.com.br\/en\/wp-json\/wp\/v2\/posts\/6429\/revisions"}],"wp:featuredmedia":[{"embeddable":true,"href":"https:\/\/cafecampeiro.com.br\/en\/wp-json\/wp\/v2\/media\/6525"}],"wp:attachment":[{"href":"https:\/\/cafecampeiro.com.br\/en\/wp-json\/wp\/v2\/media?parent=6429"}],"wp:term":[{"taxonomy":"category","embeddable":true,"href":"https:\/\/cafecampeiro.com.br\/en\/wp-json\/wp\/v2\/categories?post=6429"},{"taxonomy":"post_tag","embeddable":true,"href":"https:\/\/cafecampeiro.com.br\/en\/wp-json\/wp\/v2\/tags?post=6429"}],"curies":[{"name":"wp","href":"https:\/\/api.w.org\/{rel}","templated":true}]}}