{"id":6445,"date":"2023-01-01T19:08:44","date_gmt":"2023-01-01T22:08:44","guid":{"rendered":"https:\/\/cafecampeiro.com.br\/?p=6445"},"modified":"2023-12-06T10:18:09","modified_gmt":"2023-12-06T13:18:09","slug":"austria-um-mensageiro-uma-estrategia-e-cafe","status":"publish","type":"post","link":"https:\/\/cafecampeiro.com.br\/en\/austria-um-mensageiro-uma-estrategia-e-cafe\/","title":{"rendered":"\u00c1ustria &#8211; Um mensageiro, uma estrat\u00e9gia e caf\u00e9"},"content":{"rendered":"<p><span style=\"font-weight: 400;\">Descubra conosco a saga da chegada do caf\u00e9 na \u00c1ustria, uma jornada que vai al\u00e9m das linhas do tempo e transcende a gen\u00e9tica. A hist\u00f3ria come\u00e7a em julho de <strong>1683<\/strong>, durante a <strong><a href=\"https:\/\/pt.wikipedia.org\/wiki\/Batalha_de_Viena\">batalha de Viena.<\/a><\/strong> De tal forma que <strong>Viena estava \u00e0 beira da resist\u00eancia<\/strong>, e o Conde comandante das tropas vienenses precisava desesperadamente de um mensageiro para romper as linhas inimigas e pedir ajuda \u00e0s tropas polonesas.<\/span><\/p>\n<p><span style=\"font-weight: 400;\">Portanto, neste cen\u00e1rio cr\u00edtico, <strong>Jerzy Franciszek Kulczycki<\/strong>, um polon\u00eas que estava em Viena e tinha conhecimento de anos vivendo no mundo \u00e1rabe, assumiu a miss\u00e3o disfar\u00e7ado com um uniforme turco. Por conseguinte, a batalha decisiva em 12 de setembro de 1683 resultou na <strong>vit\u00f3ria vienense.<\/strong><\/span><\/p>\n<p>&nbsp;<\/p>\n<h2>Forragem de camelo e o primeiro caf\u00e9 na \u00c1ustria<\/h2>\n<p><span style=\"font-weight: 400;\">Os turcos em retirada deixaram para tr\u00e1s uma pilhagem surpreendente, incluindo<strong> sacos enormes de gr\u00e3os<\/strong> que os vienenses inicialmente julgaram como <strong>forragem de camelo.<\/strong><\/span><\/p>\n<p><span style=\"font-weight: 400;\">Entretanto uma reviravolta aconteceu quando, ao queimar esses sacos, <strong>Kulczycki<\/strong> identificou o <strong>aroma inconfund\u00edvel do caf\u00e9 torrado.<\/strong> Imediatamente interveio, exclamando: <\/span><i><span style=\"font-weight: 400;\">&#8220;Santa Maria! Isso \u00e9 caf\u00e9 que voc\u00eas est\u00e3o queimando! Se n\u00e3o sabem o que \u00e9 caf\u00e9, me d\u00eaem. Eu posso encontrar um bom uso para ele.&#8221;<\/span><\/i><span style=\"font-weight: 400;\"> Assim, nasceu o <strong>Blue Bottle<\/strong>, o primeiro caf\u00e9 vienense.<\/span><\/p>\n<p><span style=\"font-weight: 400;\">Contudo, <strong>os vienenses n\u00e3o estavam gostando do caf\u00e9 servido na casa.<\/strong> Inspirado pelos costumes turcos, Kulczycki introduziu o h\u00e1bito de ado\u00e7ar consideravelmente o caf\u00e9 e tom\u00e1-lo puro. Ent\u00e3o <strong>passou a a co\u00e1-lo e adicionar uma dose de leite<\/strong>, criando um sabor \u00fanico que logo se tornou uma tradi\u00e7\u00e3o em Viena. Em poucas d\u00e9cadas, os caf\u00e9s se multiplicaram e se tornaram os epicentros da vida intelectual da cidade.<\/span><\/p>\n<p>&nbsp;<\/p>\n<h2>Caf\u00e9 com leite, uma quest\u00e3o gen\u00e9tica<\/h2>\n<p><span style=\"font-weight: 400;\">Segundo o renomado historiador do caf\u00e9, Ian Bersten, a prefer\u00eancia \u00e1rabe pelo caf\u00e9 preto e o<strong> h\u00e1bito europeu de tomar caf\u00e9 com leite<\/strong> t\u00eam ra\u00edzes gen\u00e9ticas. Os anglo-sax\u00f5es, com boa toler\u00e2ncia ao leite, optam por essa mistura, enquanto os povos mediterr\u00e2neos, como \u00e1rabes, cipriotas gregos e italianos do sul, muitas vezes intolerantes \u00e0 lactose, preferem o caf\u00e9 puro, \u00e0s vezes <strong>bem ado\u00e7ado.<\/strong><\/span><\/p>\n<p><span style=\"font-weight: 400;\">Das extremidades da Europa, surgiram <strong>abordagens distintas para a prepara\u00e7\u00e3o do caf\u00e9<\/strong> &#8211; filtrada no norte e espresso no sul. Essa diversidade at\u00e9 influenciou o <strong>tamanho dos cappuccinos no sul da It\u00e1lia,<\/strong> onde a intoler\u00e2ncia \u00e0 lactose inspirou por\u00e7\u00f5es menores desse cl\u00e1ssico Italiano.<\/span><\/p>\n<p><span style=\"font-weight: 400;\">E voc\u00ea, prefere sua x\u00edcara de <a href=\"https:\/\/cafecampeiro.com.br\/en\/product-category\/cafe\/linha-campeiro\/\"><strong>Caf\u00e9 Campeiro<\/strong><\/a> com <strong>leite<\/strong>, como os franceses e austr\u00edacos, <strong>ou puro<\/strong>, como os \u00e1rabes?<\/span><\/p>\n<p><span style=\"font-weight: 400;\">Continue nessa jornada pelo mundo e <a href=\"https:\/\/cafecampeiro.com.br\/en\/alemanha-espioes-farejadores-de-cafe\/\"><strong>veja<\/strong> <strong>aqui<\/strong><\/a> o d\u00e9cimo post da s\u00e9rie <a href=\"https:\/\/cafecampeiro.com.br\/en\/category\/cafe-no-mundo\/\"><b>Caf\u00e9 no Mundo<\/b><\/a> e descubra como o caf\u00e9 chegou na Alemanha!<\/span><\/p>","protected":false},"excerpt":{"rendered":"<p>Descubra conosco a saga da chegada do caf\u00e9 na \u00c1ustria, uma jornada que vai al\u00e9m das linhas do tempo e transcende a gen\u00e9tica. A hist\u00f3ria come\u00e7a em julho de 1683, durante a batalha de Viena. De tal forma que Viena estava \u00e0 beira da resist\u00eancia, e o Conde comandante das tropas vienenses precisava desesperadamente de [&hellip;]<\/p>","protected":false},"author":10,"featured_media":6526,"comment_status":"open","ping_status":"closed","sticky":false,"template":"","format":"standard","meta":{"_jetpack_memberships_contains_paid_content":false,"footnotes":""},"categories":[68],"tags":[76,93,95,99,94],"class_list":["post-6445","post","type-post","status-publish","format-standard","has-post-thumbnail","hentry","category-cafe-no-mundo","tag-cafe-especial","tag-historia-do-cafe","tag-o-cafe-no-mundo","tag-o-comeco-do-cafe","tag-origem-do-cafe"],"featured_image_src":{"landsacpe":["https:\/\/cafecampeiro.com.br\/wp-content\/uploads\/2023\/11\/cafe-na-austria-1140x445.jpg",1140,445,true],"list":["https:\/\/cafecampeiro.com.br\/wp-content\/uploads\/2023\/11\/cafe-na-austria-463x348.jpg",463,348,true],"medium":["https:\/\/cafecampeiro.com.br\/wp-content\/uploads\/2023\/11\/cafe-na-austria-300x138.jpg",300,138,true],"full":["https:\/\/cafecampeiro.com.br\/wp-content\/uploads\/2023\/11\/cafe-na-austria.jpg",2000,922,false]},"yoast_head":"<!-- This site is optimized with the Yoast SEO plugin v27.3 - https:\/\/yoast.com\/product\/yoast-seo-wordpress\/ -->\n<title>\u00c1ustria - Um mensageiro, uma estrat\u00e9gia e caf\u00e9 - Caf\u00e9 Campeiro<\/title>\n<meta name=\"description\" content=\"Descubra conosco a saga da chegada do caf\u00e9 na \u00c1ustria. A hist\u00f3ria come\u00e7a em 1683, durante um cerco turco que amea\u00e7ava invadir Viena.\" \/>\n<meta name=\"robots\" content=\"index, follow, max-snippet:-1, max-image-preview:large, max-video-preview:-1\" \/>\n<link rel=\"canonical\" href=\"https:\/\/cafecampeiro.com.br\/en\/austria-um-mensageiro-uma-estrategia-e-cafe\/\" \/>\n<meta property=\"og:locale\" content=\"en_US\" \/>\n<meta property=\"og:type\" content=\"article\" \/>\n<meta property=\"og:title\" content=\"\u00c1ustria - Um mensageiro, uma estrat\u00e9gia e caf\u00e9 - Caf\u00e9 Campeiro\" \/>\n<meta property=\"og:description\" content=\"Descubra conosco a saga da chegada do caf\u00e9 na \u00c1ustria. A hist\u00f3ria come\u00e7a em 1683, durante um cerco turco que amea\u00e7ava invadir Viena.\" \/>\n<meta property=\"og:url\" content=\"https:\/\/cafecampeiro.com.br\/en\/austria-um-mensageiro-uma-estrategia-e-cafe\/\" \/>\n<meta property=\"og:site_name\" content=\"Caf\u00e9 Campeiro\" \/>\n<meta property=\"article:published_time\" content=\"2023-01-01T22:08:44+00:00\" \/>\n<meta property=\"article:modified_time\" content=\"2023-12-06T13:18:09+00:00\" \/>\n<meta property=\"og:image\" content=\"https:\/\/cafecampeiro.com.br\/wp-content\/uploads\/2023\/11\/cafe-na-austria.jpg\" \/>\n\t<meta property=\"og:image:width\" content=\"2000\" \/>\n\t<meta property=\"og:image:height\" content=\"922\" \/>\n\t<meta property=\"og:image:type\" content=\"image\/jpeg\" \/>\n<meta name=\"author\" content=\"Rafael wp\" \/>\n<meta name=\"twitter:card\" content=\"summary_large_image\" \/>\n<meta name=\"twitter:label1\" content=\"Written by\" \/>\n\t<meta name=\"twitter:data1\" content=\"Rafael wp\" \/>\n\t<meta name=\"twitter:label2\" content=\"Est. reading time\" \/>\n\t<meta name=\"twitter:data2\" content=\"3 minutes\" \/>\n<script type=\"application\/ld+json\" class=\"yoast-schema-graph\">{\"@context\":\"https:\\\/\\\/schema.org\",\"@graph\":[{\"@type\":\"Article\",\"@id\":\"https:\\\/\\\/cafecampeiro.com.br\\\/austria-um-mensageiro-uma-estrategia-e-cafe\\\/#article\",\"isPartOf\":{\"@id\":\"https:\\\/\\\/cafecampeiro.com.br\\\/austria-um-mensageiro-uma-estrategia-e-cafe\\\/\"},\"author\":{\"name\":\"Rafael wp\",\"@id\":\"https:\\\/\\\/cafecampeiro.com.br\\\/#\\\/schema\\\/person\\\/074bd2af64c306927c4c83b4fd371665\"},\"headline\":\"\u00c1ustria &#8211; Um mensageiro, uma estrat\u00e9gia e caf\u00e9\",\"datePublished\":\"2023-01-01T22:08:44+00:00\",\"dateModified\":\"2023-12-06T13:18:09+00:00\",\"mainEntityOfPage\":{\"@id\":\"https:\\\/\\\/cafecampeiro.com.br\\\/austria-um-mensageiro-uma-estrategia-e-cafe\\\/\"},\"wordCount\":473,\"commentCount\":14,\"image\":{\"@id\":\"https:\\\/\\\/cafecampeiro.com.br\\\/austria-um-mensageiro-uma-estrategia-e-cafe\\\/#primaryimage\"},\"thumbnailUrl\":\"https:\\\/\\\/cafecampeiro.com.br\\\/wp-content\\\/uploads\\\/2023\\\/11\\\/cafe-na-austria.jpg\",\"keywords\":[\"caf\u00e9 especial\",\"hist\u00f3ria do caf\u00e9\",\"o caf\u00e9 no mundo\",\"o come\u00e7o do caf\u00e9\",\"origem do caf\u00e9\"],\"articleSection\":[\"Caf\u00e9 no Mundo\"],\"inLanguage\":\"en-US\",\"potentialAction\":[{\"@type\":\"CommentAction\",\"name\":\"Comment\",\"target\":[\"https:\\\/\\\/cafecampeiro.com.br\\\/austria-um-mensageiro-uma-estrategia-e-cafe\\\/#respond\"]}]},{\"@type\":\"WebPage\",\"@id\":\"https:\\\/\\\/cafecampeiro.com.br\\\/austria-um-mensageiro-uma-estrategia-e-cafe\\\/\",\"url\":\"https:\\\/\\\/cafecampeiro.com.br\\\/austria-um-mensageiro-uma-estrategia-e-cafe\\\/\",\"name\":\"\u00c1ustria - Um mensageiro, uma estrat\u00e9gia e caf\u00e9 - Caf\u00e9 Campeiro\",\"isPartOf\":{\"@id\":\"https:\\\/\\\/cafecampeiro.com.br\\\/#website\"},\"primaryImageOfPage\":{\"@id\":\"https:\\\/\\\/cafecampeiro.com.br\\\/austria-um-mensageiro-uma-estrategia-e-cafe\\\/#primaryimage\"},\"image\":{\"@id\":\"https:\\\/\\\/cafecampeiro.com.br\\\/austria-um-mensageiro-uma-estrategia-e-cafe\\\/#primaryimage\"},\"thumbnailUrl\":\"https:\\\/\\\/cafecampeiro.com.br\\\/wp-content\\\/uploads\\\/2023\\\/11\\\/cafe-na-austria.jpg\",\"datePublished\":\"2023-01-01T22:08:44+00:00\",\"dateModified\":\"2023-12-06T13:18:09+00:00\",\"author\":{\"@id\":\"https:\\\/\\\/cafecampeiro.com.br\\\/#\\\/schema\\\/person\\\/074bd2af64c306927c4c83b4fd371665\"},\"description\":\"Descubra conosco a saga da chegada do caf\u00e9 na \u00c1ustria. A hist\u00f3ria come\u00e7a em 1683, durante um cerco turco que amea\u00e7ava invadir Viena.\",\"breadcrumb\":{\"@id\":\"https:\\\/\\\/cafecampeiro.com.br\\\/austria-um-mensageiro-uma-estrategia-e-cafe\\\/#breadcrumb\"},\"inLanguage\":\"en-US\",\"potentialAction\":[{\"@type\":\"ReadAction\",\"target\":[\"https:\\\/\\\/cafecampeiro.com.br\\\/austria-um-mensageiro-uma-estrategia-e-cafe\\\/\"]}]},{\"@type\":\"ImageObject\",\"inLanguage\":\"en-US\",\"@id\":\"https:\\\/\\\/cafecampeiro.com.br\\\/austria-um-mensageiro-uma-estrategia-e-cafe\\\/#primaryimage\",\"url\":\"https:\\\/\\\/cafecampeiro.com.br\\\/wp-content\\\/uploads\\\/2023\\\/11\\\/cafe-na-austria.jpg\",\"contentUrl\":\"https:\\\/\\\/cafecampeiro.com.br\\\/wp-content\\\/uploads\\\/2023\\\/11\\\/cafe-na-austria.jpg\",\"width\":2000,\"height\":922,\"caption\":\"Caf\u00e9 na \u00c1ustria - Um mensageiro, uma estrat\u00e9gia e caf\u00e9\"},{\"@type\":\"BreadcrumbList\",\"@id\":\"https:\\\/\\\/cafecampeiro.com.br\\\/austria-um-mensageiro-uma-estrategia-e-cafe\\\/#breadcrumb\",\"itemListElement\":[{\"@type\":\"ListItem\",\"position\":1,\"name\":\"In\u00edcio\",\"item\":\"https:\\\/\\\/cafecampeiro.com.br\\\/\"},{\"@type\":\"ListItem\",\"position\":2,\"name\":\"\u00c1ustria &#8211; Um mensageiro, uma estrat\u00e9gia e caf\u00e9\"}]},{\"@type\":\"WebSite\",\"@id\":\"https:\\\/\\\/cafecampeiro.com.br\\\/#website\",\"url\":\"https:\\\/\\\/cafecampeiro.com.br\\\/\",\"name\":\"Caf\u00e9 Campeiro\",\"description\":\"Caf\u00e9 Campeiro\",\"potentialAction\":[{\"@type\":\"SearchAction\",\"target\":{\"@type\":\"EntryPoint\",\"urlTemplate\":\"https:\\\/\\\/cafecampeiro.com.br\\\/?s={search_term_string}\"},\"query-input\":{\"@type\":\"PropertyValueSpecification\",\"valueRequired\":true,\"valueName\":\"search_term_string\"}}],\"inLanguage\":\"en-US\"},{\"@type\":\"Person\",\"@id\":\"https:\\\/\\\/cafecampeiro.com.br\\\/#\\\/schema\\\/person\\\/074bd2af64c306927c4c83b4fd371665\",\"name\":\"Rafael wp\",\"image\":{\"@type\":\"ImageObject\",\"inLanguage\":\"en-US\",\"@id\":\"https:\\\/\\\/secure.gravatar.com\\\/avatar\\\/5f8cc718ba997435a947fc7e53e9aa5808a4bfd36af5270e99478253940cf552?s=96&d=mm&r=g\",\"url\":\"https:\\\/\\\/secure.gravatar.com\\\/avatar\\\/5f8cc718ba997435a947fc7e53e9aa5808a4bfd36af5270e99478253940cf552?s=96&d=mm&r=g\",\"contentUrl\":\"https:\\\/\\\/secure.gravatar.com\\\/avatar\\\/5f8cc718ba997435a947fc7e53e9aa5808a4bfd36af5270e99478253940cf552?s=96&d=mm&r=g\",\"caption\":\"Rafael wp\"},\"sameAs\":[\"https:\\\/\\\/cafecampeiro.com.br\\\/\"],\"url\":\"https:\\\/\\\/cafecampeiro.com.br\\\/en\\\/author\\\/rafael\\\/\"}]}<\/script>\n<!-- \/ Yoast SEO plugin. -->","yoast_head_json":{"title":"\u00c1ustria - Um mensageiro, uma estrat\u00e9gia e caf\u00e9 - Caf\u00e9 Campeiro","description":"Descubra conosco a saga da chegada do caf\u00e9 na \u00c1ustria. A hist\u00f3ria come\u00e7a em 1683, durante um cerco turco que amea\u00e7ava invadir Viena.","robots":{"index":"index","follow":"follow","max-snippet":"max-snippet:-1","max-image-preview":"max-image-preview:large","max-video-preview":"max-video-preview:-1"},"canonical":"https:\/\/cafecampeiro.com.br\/en\/austria-um-mensageiro-uma-estrategia-e-cafe\/","og_locale":"en_US","og_type":"article","og_title":"\u00c1ustria - Um mensageiro, uma estrat\u00e9gia e caf\u00e9 - Caf\u00e9 Campeiro","og_description":"Descubra conosco a saga da chegada do caf\u00e9 na \u00c1ustria. A hist\u00f3ria come\u00e7a em 1683, durante um cerco turco que amea\u00e7ava invadir Viena.","og_url":"https:\/\/cafecampeiro.com.br\/en\/austria-um-mensageiro-uma-estrategia-e-cafe\/","og_site_name":"Caf\u00e9 Campeiro","article_published_time":"2023-01-01T22:08:44+00:00","article_modified_time":"2023-12-06T13:18:09+00:00","og_image":[{"width":2000,"height":922,"url":"https:\/\/cafecampeiro.com.br\/wp-content\/uploads\/2023\/11\/cafe-na-austria.jpg","type":"image\/jpeg"}],"author":"Rafael wp","twitter_card":"summary_large_image","twitter_misc":{"Written by":"Rafael wp","Est. reading time":"3 minutes"},"schema":{"@context":"https:\/\/schema.org","@graph":[{"@type":"Article","@id":"https:\/\/cafecampeiro.com.br\/austria-um-mensageiro-uma-estrategia-e-cafe\/#article","isPartOf":{"@id":"https:\/\/cafecampeiro.com.br\/austria-um-mensageiro-uma-estrategia-e-cafe\/"},"author":{"name":"Rafael wp","@id":"https:\/\/cafecampeiro.com.br\/#\/schema\/person\/074bd2af64c306927c4c83b4fd371665"},"headline":"\u00c1ustria &#8211; Um mensageiro, uma estrat\u00e9gia e caf\u00e9","datePublished":"2023-01-01T22:08:44+00:00","dateModified":"2023-12-06T13:18:09+00:00","mainEntityOfPage":{"@id":"https:\/\/cafecampeiro.com.br\/austria-um-mensageiro-uma-estrategia-e-cafe\/"},"wordCount":473,"commentCount":14,"image":{"@id":"https:\/\/cafecampeiro.com.br\/austria-um-mensageiro-uma-estrategia-e-cafe\/#primaryimage"},"thumbnailUrl":"https:\/\/cafecampeiro.com.br\/wp-content\/uploads\/2023\/11\/cafe-na-austria.jpg","keywords":["caf\u00e9 especial","hist\u00f3ria do caf\u00e9","o caf\u00e9 no mundo","o come\u00e7o do caf\u00e9","origem do caf\u00e9"],"articleSection":["Caf\u00e9 no Mundo"],"inLanguage":"en-US","potentialAction":[{"@type":"CommentAction","name":"Comment","target":["https:\/\/cafecampeiro.com.br\/austria-um-mensageiro-uma-estrategia-e-cafe\/#respond"]}]},{"@type":"WebPage","@id":"https:\/\/cafecampeiro.com.br\/austria-um-mensageiro-uma-estrategia-e-cafe\/","url":"https:\/\/cafecampeiro.com.br\/austria-um-mensageiro-uma-estrategia-e-cafe\/","name":"\u00c1ustria - Um mensageiro, uma estrat\u00e9gia e caf\u00e9 - Caf\u00e9 Campeiro","isPartOf":{"@id":"https:\/\/cafecampeiro.com.br\/#website"},"primaryImageOfPage":{"@id":"https:\/\/cafecampeiro.com.br\/austria-um-mensageiro-uma-estrategia-e-cafe\/#primaryimage"},"image":{"@id":"https:\/\/cafecampeiro.com.br\/austria-um-mensageiro-uma-estrategia-e-cafe\/#primaryimage"},"thumbnailUrl":"https:\/\/cafecampeiro.com.br\/wp-content\/uploads\/2023\/11\/cafe-na-austria.jpg","datePublished":"2023-01-01T22:08:44+00:00","dateModified":"2023-12-06T13:18:09+00:00","author":{"@id":"https:\/\/cafecampeiro.com.br\/#\/schema\/person\/074bd2af64c306927c4c83b4fd371665"},"description":"Descubra conosco a saga da chegada do caf\u00e9 na \u00c1ustria. A hist\u00f3ria come\u00e7a em 1683, durante um cerco turco que amea\u00e7ava invadir Viena.","breadcrumb":{"@id":"https:\/\/cafecampeiro.com.br\/austria-um-mensageiro-uma-estrategia-e-cafe\/#breadcrumb"},"inLanguage":"en-US","potentialAction":[{"@type":"ReadAction","target":["https:\/\/cafecampeiro.com.br\/austria-um-mensageiro-uma-estrategia-e-cafe\/"]}]},{"@type":"ImageObject","inLanguage":"en-US","@id":"https:\/\/cafecampeiro.com.br\/austria-um-mensageiro-uma-estrategia-e-cafe\/#primaryimage","url":"https:\/\/cafecampeiro.com.br\/wp-content\/uploads\/2023\/11\/cafe-na-austria.jpg","contentUrl":"https:\/\/cafecampeiro.com.br\/wp-content\/uploads\/2023\/11\/cafe-na-austria.jpg","width":2000,"height":922,"caption":"Caf\u00e9 na \u00c1ustria - Um mensageiro, uma estrat\u00e9gia e caf\u00e9"},{"@type":"BreadcrumbList","@id":"https:\/\/cafecampeiro.com.br\/austria-um-mensageiro-uma-estrategia-e-cafe\/#breadcrumb","itemListElement":[{"@type":"ListItem","position":1,"name":"In\u00edcio","item":"https:\/\/cafecampeiro.com.br\/"},{"@type":"ListItem","position":2,"name":"\u00c1ustria &#8211; Um mensageiro, uma estrat\u00e9gia e caf\u00e9"}]},{"@type":"WebSite","@id":"https:\/\/cafecampeiro.com.br\/#website","url":"https:\/\/cafecampeiro.com.br\/","name":"Caf\u00e9 Campeiro","description":"Caf\u00e9 Campeiro","potentialAction":[{"@type":"SearchAction","target":{"@type":"EntryPoint","urlTemplate":"https:\/\/cafecampeiro.com.br\/?s={search_term_string}"},"query-input":{"@type":"PropertyValueSpecification","valueRequired":true,"valueName":"search_term_string"}}],"inLanguage":"en-US"},{"@type":"Person","@id":"https:\/\/cafecampeiro.com.br\/#\/schema\/person\/074bd2af64c306927c4c83b4fd371665","name":"Rafael wp","image":{"@type":"ImageObject","inLanguage":"en-US","@id":"https:\/\/secure.gravatar.com\/avatar\/5f8cc718ba997435a947fc7e53e9aa5808a4bfd36af5270e99478253940cf552?s=96&d=mm&r=g","url":"https:\/\/secure.gravatar.com\/avatar\/5f8cc718ba997435a947fc7e53e9aa5808a4bfd36af5270e99478253940cf552?s=96&d=mm&r=g","contentUrl":"https:\/\/secure.gravatar.com\/avatar\/5f8cc718ba997435a947fc7e53e9aa5808a4bfd36af5270e99478253940cf552?s=96&d=mm&r=g","caption":"Rafael wp"},"sameAs":["https:\/\/cafecampeiro.com.br\/"],"url":"https:\/\/cafecampeiro.com.br\/en\/author\/rafael\/"}]}},"jetpack_featured_media_url":"https:\/\/cafecampeiro.com.br\/wp-content\/uploads\/2023\/11\/cafe-na-austria.jpg","jetpack_sharing_enabled":true,"_links":{"self":[{"href":"https:\/\/cafecampeiro.com.br\/en\/wp-json\/wp\/v2\/posts\/6445","targetHints":{"allow":["GET"]}}],"collection":[{"href":"https:\/\/cafecampeiro.com.br\/en\/wp-json\/wp\/v2\/posts"}],"about":[{"href":"https:\/\/cafecampeiro.com.br\/en\/wp-json\/wp\/v2\/types\/post"}],"author":[{"embeddable":true,"href":"https:\/\/cafecampeiro.com.br\/en\/wp-json\/wp\/v2\/users\/10"}],"replies":[{"embeddable":true,"href":"https:\/\/cafecampeiro.com.br\/en\/wp-json\/wp\/v2\/comments?post=6445"}],"version-history":[{"count":0,"href":"https:\/\/cafecampeiro.com.br\/en\/wp-json\/wp\/v2\/posts\/6445\/revisions"}],"wp:featuredmedia":[{"embeddable":true,"href":"https:\/\/cafecampeiro.com.br\/en\/wp-json\/wp\/v2\/media\/6526"}],"wp:attachment":[{"href":"https:\/\/cafecampeiro.com.br\/en\/wp-json\/wp\/v2\/media?parent=6445"}],"wp:term":[{"taxonomy":"category","embeddable":true,"href":"https:\/\/cafecampeiro.com.br\/en\/wp-json\/wp\/v2\/categories?post=6445"},{"taxonomy":"post_tag","embeddable":true,"href":"https:\/\/cafecampeiro.com.br\/en\/wp-json\/wp\/v2\/tags?post=6445"}],"curies":[{"name":"wp","href":"https:\/\/api.w.org\/{rel}","templated":true}]}}