{"id":6453,"date":"2023-10-29T15:50:59","date_gmt":"2023-10-29T18:50:59","guid":{"rendered":"https:\/\/cafecampeiro.com.br\/?p=6453"},"modified":"2023-12-06T10:22:08","modified_gmt":"2023-12-06T13:22:08","slug":"alemanha-espioes-farejadores-de-cafe","status":"publish","type":"post","link":"https:\/\/cafecampeiro.com.br\/en\/alemanha-espioes-farejadores-de-cafe\/","title":{"rendered":"Alemanha &#8211; Espi\u00f5es farejadores de caf\u00e9"},"content":{"rendered":"<p><span style=\"font-weight: 400;\">No in\u00edcio da d\u00e9cada de <strong>1670<\/strong>, o aroma do caf\u00e9 come\u00e7ou a envolver a Alemanha, marcando o surgimento das primeiras cafeterias. Contudo, at\u00e9 1721, o caf\u00e9 permaneceu um <strong>luxo das classes superiores.<\/strong> M\u00e9dicos, por um bom tempo, lan\u00e7aram alertas, associando o consumo de caf\u00e9 \u00e0 esterilidade e natimortos.<\/span><\/p>\n<p>&nbsp;<\/p>\n<h2>De Bach a<strong> Beethoven<\/strong><\/h2>\n<p><span style=\"font-weight: 400;\">A virada aconteceu em <strong>1734<\/strong>, quando o caf\u00e9 se tornou n\u00e3o apenas popular, mas controverso. <strong>Johann Sebastian Bach<\/strong>, inspirado pelo fervor em torno da bebida, comp\u00f4s a divertida <a href=\"https:\/\/jornal.usp.br\/cultura\/usp-filarmonica-exibe-a-cantata-do-cafe-de-bach\/\"><strong>Cantata do Caf\u00e9<\/strong><\/a>, com letra do poeta alem\u00e3o Christian Friedrich Henrici, conhecido como <strong>Picander<\/strong>. Nela era expressado o amor pela bebida de uma forma que ressoa at\u00e9 hoje. <\/span><\/p>\n<p><span style=\"font-weight: 400;\">Essa transforma\u00e7\u00e3o cultural foi evidente tamb\u00e9m na vida de grandes nomes como <strong>Beethoven<\/strong>, que, no final do s\u00e9culo, era conhecido por sua obsess\u00e3o, moendo precisamente <strong>sessenta gr\u00e3os<\/strong> para preparar uma \u00fanica x\u00edcara.<\/span><\/p>\n<p>&nbsp;<\/p>\n<h2>A proibi\u00e7\u00e3o do caf\u00e9 na Alemanha<\/h2>\n<p><span style=\"font-weight: 400;\">No entanto, nem todos estavam entusiasmados com o crescente amor pelo caf\u00e9. Em 1777, <strong>Frederico o Grande<\/strong> emitiu um manifesto expressando seu desagrado com a crescente popularidade do caf\u00e9 entre seus s\u00faditos. Visto que ele <strong>defendia a tradi\u00e7\u00e3o cervejeira<\/strong> alem\u00e3 e via o caf\u00e9 como uma amea\u00e7a ao dinheiro do pa\u00eds.<\/span><\/p>\n<p><span style=\"font-weight: 400;\">Logo depois, <strong>proibiu a torrefa\u00e7\u00e3o do caf\u00e9<\/strong>, for\u00e7ando os pobres a recorrer a substitutos como raiz de chic\u00f3ria, figo seco e gr\u00e3os de cevada, trigo ou milho.<\/span><\/p>\n<p><span style=\"font-weight: 400;\">Essa proibi\u00e7\u00e3o n\u00e3o foi apenas um obst\u00e1culo passageiro. <strong>Espi\u00f5es do governo<\/strong>, chamados sarcasticamente de <strong>&#8220;farejadores de caf\u00e9&#8221;<\/strong> pela popula\u00e7\u00e3o, vigiavam e colocavam fora de neg\u00f3cio aqueles que ousavam torrar gr\u00e3os clandestinamente. No entanto, <strong>o caf\u00e9 resistiu<\/strong> a todas as tentativas de sufoc\u00e1-lo na Alemanha.<\/span><\/p>\n<p>&nbsp;<\/p>\n<h2><strong>Caf\u00e9 e fofoca<\/strong><\/h2>\n<p><span style=\"font-weight: 400;\">As <em><strong>Kaffeeklatsches <\/strong><\/em>(palavra que mistura caf\u00e9 e fofoca), reuni\u00f5es sociais entre mulheres, desempenharam um <strong>papel crucial<\/strong> na sobreviv\u00eancia e ressurgimento da popularidade do caf\u00e9. Dessa forma, a bebida, apesar das adversidades, conquistou um <strong>lugar especial<\/strong> no cora\u00e7\u00e3o das Frauen (mulheres) alem\u00e3s, suavizando sua imagem.<\/span><\/p>\n<p><span style=\"font-weight: 400;\">Agora que voc\u00ea conhece a hist\u00f3ria do caf\u00e9 na Alemanha, bora fazer uma <em><strong>Kaffeeklatsche<\/strong><\/em> bebendo um <a href=\"https:\/\/cafecampeiro.com.br\/en\/product\/drip-coffee\/\"><strong>drip coffee<\/strong><\/a> <strong>Caf\u00e9 Campeiro<\/strong>?<\/span><\/p>\n<p><span style=\"font-weight: 400;\">Continue nessa jornada pelo mundo e <a href=\"https:\/\/cafecampeiro.com.br\/en\/eua-o-legado-da-festa-do-cha-de-boston\/\"><strong>veja<\/strong> <strong>aqui<\/strong><\/a> o \u00faltimo post da s\u00e9rie <a href=\"https:\/\/cafecampeiro.com.br\/en\/category\/cafe-no-mundo\/\"><b>Caf\u00e9 no Mundo<\/b><\/a> e descubra como o caf\u00e9 se popularizou nos <strong>EUA!<\/strong><\/span><\/p>","protected":false},"excerpt":{"rendered":"<p>No in\u00edcio da d\u00e9cada de 1670, o aroma do caf\u00e9 come\u00e7ou a envolver a Alemanha, marcando o surgimento das primeiras cafeterias. Contudo, at\u00e9 1721, o caf\u00e9 permaneceu um luxo das classes superiores. M\u00e9dicos, por um bom tempo, lan\u00e7aram alertas, associando o consumo de caf\u00e9 \u00e0 esterilidade e natimortos. &nbsp; De Bach a Beethoven A virada [&hellip;]<\/p>","protected":false},"author":10,"featured_media":6527,"comment_status":"open","ping_status":"closed","sticky":false,"template":"","format":"standard","meta":{"_jetpack_memberships_contains_paid_content":false,"footnotes":""},"categories":[68],"tags":[76,93,95,99,94],"class_list":["post-6453","post","type-post","status-publish","format-standard","has-post-thumbnail","hentry","category-cafe-no-mundo","tag-cafe-especial","tag-historia-do-cafe","tag-o-cafe-no-mundo","tag-o-comeco-do-cafe","tag-origem-do-cafe"],"featured_image_src":{"landsacpe":["https:\/\/cafecampeiro.com.br\/wp-content\/uploads\/2023\/12\/cafe-na-alemanha-1140x445.jpg",1140,445,true],"list":["https:\/\/cafecampeiro.com.br\/wp-content\/uploads\/2023\/12\/cafe-na-alemanha-463x348.jpg",463,348,true],"medium":["https:\/\/cafecampeiro.com.br\/wp-content\/uploads\/2023\/12\/cafe-na-alemanha-300x138.jpg",300,138,true],"full":["https:\/\/cafecampeiro.com.br\/wp-content\/uploads\/2023\/12\/cafe-na-alemanha.jpg",2000,922,false]},"yoast_head":"<!-- This site is optimized with the Yoast SEO plugin v27.3 - https:\/\/yoast.com\/product\/yoast-seo-wordpress\/ -->\n<title>Alemanha - Espi\u00f5es farejadores de caf\u00e9 - Caf\u00e9 Campeiro<\/title>\n<meta name=\"description\" content=\"Neste mergulho na tradi\u00e7\u00e3o do caf\u00e9 na Alemanha, vamos explorar como a bebida conquistou cora\u00e7\u00f5es, enfrentou proibi\u00e7\u00f5es e emergiu triunfante.\" \/>\n<meta name=\"robots\" content=\"index, follow, max-snippet:-1, max-image-preview:large, max-video-preview:-1\" \/>\n<link rel=\"canonical\" href=\"https:\/\/cafecampeiro.com.br\/en\/alemanha-espioes-farejadores-de-cafe\/\" \/>\n<meta property=\"og:locale\" content=\"en_US\" \/>\n<meta property=\"og:type\" content=\"article\" \/>\n<meta property=\"og:title\" content=\"Alemanha - Espi\u00f5es farejadores de caf\u00e9 - Caf\u00e9 Campeiro\" \/>\n<meta property=\"og:description\" content=\"Neste mergulho na tradi\u00e7\u00e3o do caf\u00e9 na Alemanha, vamos explorar como a bebida conquistou cora\u00e7\u00f5es, enfrentou proibi\u00e7\u00f5es e emergiu triunfante.\" \/>\n<meta property=\"og:url\" content=\"https:\/\/cafecampeiro.com.br\/en\/alemanha-espioes-farejadores-de-cafe\/\" \/>\n<meta property=\"og:site_name\" content=\"Caf\u00e9 Campeiro\" \/>\n<meta property=\"article:published_time\" content=\"2023-10-29T18:50:59+00:00\" \/>\n<meta property=\"article:modified_time\" content=\"2023-12-06T13:22:08+00:00\" \/>\n<meta property=\"og:image\" content=\"https:\/\/cafecampeiro.com.br\/wp-content\/uploads\/2023\/12\/cafe-na-alemanha.jpg\" \/>\n\t<meta property=\"og:image:width\" content=\"2000\" \/>\n\t<meta property=\"og:image:height\" content=\"922\" \/>\n\t<meta property=\"og:image:type\" content=\"image\/jpeg\" \/>\n<meta name=\"author\" content=\"Rafael wp\" \/>\n<meta name=\"twitter:card\" content=\"summary_large_image\" \/>\n<meta name=\"twitter:label1\" content=\"Written by\" \/>\n\t<meta name=\"twitter:data1\" content=\"Rafael wp\" \/>\n\t<meta name=\"twitter:label2\" content=\"Est. reading time\" \/>\n\t<meta name=\"twitter:data2\" content=\"2 minutes\" \/>\n<script type=\"application\/ld+json\" class=\"yoast-schema-graph\">{\"@context\":\"https:\\\/\\\/schema.org\",\"@graph\":[{\"@type\":\"Article\",\"@id\":\"https:\\\/\\\/cafecampeiro.com.br\\\/alemanha-espioes-farejadores-de-cafe\\\/#article\",\"isPartOf\":{\"@id\":\"https:\\\/\\\/cafecampeiro.com.br\\\/alemanha-espioes-farejadores-de-cafe\\\/\"},\"author\":{\"name\":\"Rafael wp\",\"@id\":\"https:\\\/\\\/cafecampeiro.com.br\\\/#\\\/schema\\\/person\\\/074bd2af64c306927c4c83b4fd371665\"},\"headline\":\"Alemanha &#8211; Espi\u00f5es farejadores de caf\u00e9\",\"datePublished\":\"2023-10-29T18:50:59+00:00\",\"dateModified\":\"2023-12-06T13:22:08+00:00\",\"mainEntityOfPage\":{\"@id\":\"https:\\\/\\\/cafecampeiro.com.br\\\/alemanha-espioes-farejadores-de-cafe\\\/\"},\"wordCount\":402,\"commentCount\":1,\"image\":{\"@id\":\"https:\\\/\\\/cafecampeiro.com.br\\\/alemanha-espioes-farejadores-de-cafe\\\/#primaryimage\"},\"thumbnailUrl\":\"https:\\\/\\\/cafecampeiro.com.br\\\/wp-content\\\/uploads\\\/2023\\\/12\\\/cafe-na-alemanha.jpg\",\"keywords\":[\"caf\u00e9 especial\",\"hist\u00f3ria do caf\u00e9\",\"o caf\u00e9 no mundo\",\"o come\u00e7o do caf\u00e9\",\"origem do caf\u00e9\"],\"articleSection\":[\"Caf\u00e9 no Mundo\"],\"inLanguage\":\"en-US\",\"potentialAction\":[{\"@type\":\"CommentAction\",\"name\":\"Comment\",\"target\":[\"https:\\\/\\\/cafecampeiro.com.br\\\/alemanha-espioes-farejadores-de-cafe\\\/#respond\"]}]},{\"@type\":\"WebPage\",\"@id\":\"https:\\\/\\\/cafecampeiro.com.br\\\/alemanha-espioes-farejadores-de-cafe\\\/\",\"url\":\"https:\\\/\\\/cafecampeiro.com.br\\\/alemanha-espioes-farejadores-de-cafe\\\/\",\"name\":\"Alemanha - Espi\u00f5es farejadores de caf\u00e9 - Caf\u00e9 Campeiro\",\"isPartOf\":{\"@id\":\"https:\\\/\\\/cafecampeiro.com.br\\\/#website\"},\"primaryImageOfPage\":{\"@id\":\"https:\\\/\\\/cafecampeiro.com.br\\\/alemanha-espioes-farejadores-de-cafe\\\/#primaryimage\"},\"image\":{\"@id\":\"https:\\\/\\\/cafecampeiro.com.br\\\/alemanha-espioes-farejadores-de-cafe\\\/#primaryimage\"},\"thumbnailUrl\":\"https:\\\/\\\/cafecampeiro.com.br\\\/wp-content\\\/uploads\\\/2023\\\/12\\\/cafe-na-alemanha.jpg\",\"datePublished\":\"2023-10-29T18:50:59+00:00\",\"dateModified\":\"2023-12-06T13:22:08+00:00\",\"author\":{\"@id\":\"https:\\\/\\\/cafecampeiro.com.br\\\/#\\\/schema\\\/person\\\/074bd2af64c306927c4c83b4fd371665\"},\"description\":\"Neste mergulho na tradi\u00e7\u00e3o do caf\u00e9 na Alemanha, vamos explorar como a bebida conquistou cora\u00e7\u00f5es, enfrentou proibi\u00e7\u00f5es e emergiu triunfante.\",\"breadcrumb\":{\"@id\":\"https:\\\/\\\/cafecampeiro.com.br\\\/alemanha-espioes-farejadores-de-cafe\\\/#breadcrumb\"},\"inLanguage\":\"en-US\",\"potentialAction\":[{\"@type\":\"ReadAction\",\"target\":[\"https:\\\/\\\/cafecampeiro.com.br\\\/alemanha-espioes-farejadores-de-cafe\\\/\"]}]},{\"@type\":\"ImageObject\",\"inLanguage\":\"en-US\",\"@id\":\"https:\\\/\\\/cafecampeiro.com.br\\\/alemanha-espioes-farejadores-de-cafe\\\/#primaryimage\",\"url\":\"https:\\\/\\\/cafecampeiro.com.br\\\/wp-content\\\/uploads\\\/2023\\\/12\\\/cafe-na-alemanha.jpg\",\"contentUrl\":\"https:\\\/\\\/cafecampeiro.com.br\\\/wp-content\\\/uploads\\\/2023\\\/12\\\/cafe-na-alemanha.jpg\",\"width\":2000,\"height\":922,\"caption\":\"Caf\u00e9 na Alemanha - Espi\u00f5es Farejadores de Caf\u00e9\"},{\"@type\":\"BreadcrumbList\",\"@id\":\"https:\\\/\\\/cafecampeiro.com.br\\\/alemanha-espioes-farejadores-de-cafe\\\/#breadcrumb\",\"itemListElement\":[{\"@type\":\"ListItem\",\"position\":1,\"name\":\"In\u00edcio\",\"item\":\"https:\\\/\\\/cafecampeiro.com.br\\\/\"},{\"@type\":\"ListItem\",\"position\":2,\"name\":\"Alemanha &#8211; Espi\u00f5es farejadores de caf\u00e9\"}]},{\"@type\":\"WebSite\",\"@id\":\"https:\\\/\\\/cafecampeiro.com.br\\\/#website\",\"url\":\"https:\\\/\\\/cafecampeiro.com.br\\\/\",\"name\":\"Caf\u00e9 Campeiro\",\"description\":\"Caf\u00e9 Campeiro\",\"potentialAction\":[{\"@type\":\"SearchAction\",\"target\":{\"@type\":\"EntryPoint\",\"urlTemplate\":\"https:\\\/\\\/cafecampeiro.com.br\\\/?s={search_term_string}\"},\"query-input\":{\"@type\":\"PropertyValueSpecification\",\"valueRequired\":true,\"valueName\":\"search_term_string\"}}],\"inLanguage\":\"en-US\"},{\"@type\":\"Person\",\"@id\":\"https:\\\/\\\/cafecampeiro.com.br\\\/#\\\/schema\\\/person\\\/074bd2af64c306927c4c83b4fd371665\",\"name\":\"Rafael wp\",\"image\":{\"@type\":\"ImageObject\",\"inLanguage\":\"en-US\",\"@id\":\"https:\\\/\\\/secure.gravatar.com\\\/avatar\\\/5f8cc718ba997435a947fc7e53e9aa5808a4bfd36af5270e99478253940cf552?s=96&d=mm&r=g\",\"url\":\"https:\\\/\\\/secure.gravatar.com\\\/avatar\\\/5f8cc718ba997435a947fc7e53e9aa5808a4bfd36af5270e99478253940cf552?s=96&d=mm&r=g\",\"contentUrl\":\"https:\\\/\\\/secure.gravatar.com\\\/avatar\\\/5f8cc718ba997435a947fc7e53e9aa5808a4bfd36af5270e99478253940cf552?s=96&d=mm&r=g\",\"caption\":\"Rafael wp\"},\"sameAs\":[\"https:\\\/\\\/cafecampeiro.com.br\\\/\"],\"url\":\"https:\\\/\\\/cafecampeiro.com.br\\\/en\\\/author\\\/rafael\\\/\"}]}<\/script>\n<!-- \/ Yoast SEO plugin. -->","yoast_head_json":{"title":"Alemanha - Espi\u00f5es farejadores de caf\u00e9 - Caf\u00e9 Campeiro","description":"Neste mergulho na tradi\u00e7\u00e3o do caf\u00e9 na Alemanha, vamos explorar como a bebida conquistou cora\u00e7\u00f5es, enfrentou proibi\u00e7\u00f5es e emergiu triunfante.","robots":{"index":"index","follow":"follow","max-snippet":"max-snippet:-1","max-image-preview":"max-image-preview:large","max-video-preview":"max-video-preview:-1"},"canonical":"https:\/\/cafecampeiro.com.br\/en\/alemanha-espioes-farejadores-de-cafe\/","og_locale":"en_US","og_type":"article","og_title":"Alemanha - Espi\u00f5es farejadores de caf\u00e9 - Caf\u00e9 Campeiro","og_description":"Neste mergulho na tradi\u00e7\u00e3o do caf\u00e9 na Alemanha, vamos explorar como a bebida conquistou cora\u00e7\u00f5es, enfrentou proibi\u00e7\u00f5es e emergiu triunfante.","og_url":"https:\/\/cafecampeiro.com.br\/en\/alemanha-espioes-farejadores-de-cafe\/","og_site_name":"Caf\u00e9 Campeiro","article_published_time":"2023-10-29T18:50:59+00:00","article_modified_time":"2023-12-06T13:22:08+00:00","og_image":[{"width":2000,"height":922,"url":"https:\/\/cafecampeiro.com.br\/wp-content\/uploads\/2023\/12\/cafe-na-alemanha.jpg","type":"image\/jpeg"}],"author":"Rafael wp","twitter_card":"summary_large_image","twitter_misc":{"Written by":"Rafael wp","Est. reading time":"2 minutes"},"schema":{"@context":"https:\/\/schema.org","@graph":[{"@type":"Article","@id":"https:\/\/cafecampeiro.com.br\/alemanha-espioes-farejadores-de-cafe\/#article","isPartOf":{"@id":"https:\/\/cafecampeiro.com.br\/alemanha-espioes-farejadores-de-cafe\/"},"author":{"name":"Rafael wp","@id":"https:\/\/cafecampeiro.com.br\/#\/schema\/person\/074bd2af64c306927c4c83b4fd371665"},"headline":"Alemanha &#8211; Espi\u00f5es farejadores de caf\u00e9","datePublished":"2023-10-29T18:50:59+00:00","dateModified":"2023-12-06T13:22:08+00:00","mainEntityOfPage":{"@id":"https:\/\/cafecampeiro.com.br\/alemanha-espioes-farejadores-de-cafe\/"},"wordCount":402,"commentCount":1,"image":{"@id":"https:\/\/cafecampeiro.com.br\/alemanha-espioes-farejadores-de-cafe\/#primaryimage"},"thumbnailUrl":"https:\/\/cafecampeiro.com.br\/wp-content\/uploads\/2023\/12\/cafe-na-alemanha.jpg","keywords":["caf\u00e9 especial","hist\u00f3ria do caf\u00e9","o caf\u00e9 no mundo","o come\u00e7o do caf\u00e9","origem do caf\u00e9"],"articleSection":["Caf\u00e9 no Mundo"],"inLanguage":"en-US","potentialAction":[{"@type":"CommentAction","name":"Comment","target":["https:\/\/cafecampeiro.com.br\/alemanha-espioes-farejadores-de-cafe\/#respond"]}]},{"@type":"WebPage","@id":"https:\/\/cafecampeiro.com.br\/alemanha-espioes-farejadores-de-cafe\/","url":"https:\/\/cafecampeiro.com.br\/alemanha-espioes-farejadores-de-cafe\/","name":"Alemanha - Espi\u00f5es farejadores de caf\u00e9 - Caf\u00e9 Campeiro","isPartOf":{"@id":"https:\/\/cafecampeiro.com.br\/#website"},"primaryImageOfPage":{"@id":"https:\/\/cafecampeiro.com.br\/alemanha-espioes-farejadores-de-cafe\/#primaryimage"},"image":{"@id":"https:\/\/cafecampeiro.com.br\/alemanha-espioes-farejadores-de-cafe\/#primaryimage"},"thumbnailUrl":"https:\/\/cafecampeiro.com.br\/wp-content\/uploads\/2023\/12\/cafe-na-alemanha.jpg","datePublished":"2023-10-29T18:50:59+00:00","dateModified":"2023-12-06T13:22:08+00:00","author":{"@id":"https:\/\/cafecampeiro.com.br\/#\/schema\/person\/074bd2af64c306927c4c83b4fd371665"},"description":"Neste mergulho na tradi\u00e7\u00e3o do caf\u00e9 na Alemanha, vamos explorar como a bebida conquistou cora\u00e7\u00f5es, enfrentou proibi\u00e7\u00f5es e emergiu triunfante.","breadcrumb":{"@id":"https:\/\/cafecampeiro.com.br\/alemanha-espioes-farejadores-de-cafe\/#breadcrumb"},"inLanguage":"en-US","potentialAction":[{"@type":"ReadAction","target":["https:\/\/cafecampeiro.com.br\/alemanha-espioes-farejadores-de-cafe\/"]}]},{"@type":"ImageObject","inLanguage":"en-US","@id":"https:\/\/cafecampeiro.com.br\/alemanha-espioes-farejadores-de-cafe\/#primaryimage","url":"https:\/\/cafecampeiro.com.br\/wp-content\/uploads\/2023\/12\/cafe-na-alemanha.jpg","contentUrl":"https:\/\/cafecampeiro.com.br\/wp-content\/uploads\/2023\/12\/cafe-na-alemanha.jpg","width":2000,"height":922,"caption":"Caf\u00e9 na Alemanha - Espi\u00f5es Farejadores de Caf\u00e9"},{"@type":"BreadcrumbList","@id":"https:\/\/cafecampeiro.com.br\/alemanha-espioes-farejadores-de-cafe\/#breadcrumb","itemListElement":[{"@type":"ListItem","position":1,"name":"In\u00edcio","item":"https:\/\/cafecampeiro.com.br\/"},{"@type":"ListItem","position":2,"name":"Alemanha &#8211; Espi\u00f5es farejadores de caf\u00e9"}]},{"@type":"WebSite","@id":"https:\/\/cafecampeiro.com.br\/#website","url":"https:\/\/cafecampeiro.com.br\/","name":"Caf\u00e9 Campeiro","description":"Caf\u00e9 Campeiro","potentialAction":[{"@type":"SearchAction","target":{"@type":"EntryPoint","urlTemplate":"https:\/\/cafecampeiro.com.br\/?s={search_term_string}"},"query-input":{"@type":"PropertyValueSpecification","valueRequired":true,"valueName":"search_term_string"}}],"inLanguage":"en-US"},{"@type":"Person","@id":"https:\/\/cafecampeiro.com.br\/#\/schema\/person\/074bd2af64c306927c4c83b4fd371665","name":"Rafael wp","image":{"@type":"ImageObject","inLanguage":"en-US","@id":"https:\/\/secure.gravatar.com\/avatar\/5f8cc718ba997435a947fc7e53e9aa5808a4bfd36af5270e99478253940cf552?s=96&d=mm&r=g","url":"https:\/\/secure.gravatar.com\/avatar\/5f8cc718ba997435a947fc7e53e9aa5808a4bfd36af5270e99478253940cf552?s=96&d=mm&r=g","contentUrl":"https:\/\/secure.gravatar.com\/avatar\/5f8cc718ba997435a947fc7e53e9aa5808a4bfd36af5270e99478253940cf552?s=96&d=mm&r=g","caption":"Rafael wp"},"sameAs":["https:\/\/cafecampeiro.com.br\/"],"url":"https:\/\/cafecampeiro.com.br\/en\/author\/rafael\/"}]}},"jetpack_featured_media_url":"https:\/\/cafecampeiro.com.br\/wp-content\/uploads\/2023\/12\/cafe-na-alemanha.jpg","jetpack_sharing_enabled":true,"_links":{"self":[{"href":"https:\/\/cafecampeiro.com.br\/en\/wp-json\/wp\/v2\/posts\/6453","targetHints":{"allow":["GET"]}}],"collection":[{"href":"https:\/\/cafecampeiro.com.br\/en\/wp-json\/wp\/v2\/posts"}],"about":[{"href":"https:\/\/cafecampeiro.com.br\/en\/wp-json\/wp\/v2\/types\/post"}],"author":[{"embeddable":true,"href":"https:\/\/cafecampeiro.com.br\/en\/wp-json\/wp\/v2\/users\/10"}],"replies":[{"embeddable":true,"href":"https:\/\/cafecampeiro.com.br\/en\/wp-json\/wp\/v2\/comments?post=6453"}],"version-history":[{"count":0,"href":"https:\/\/cafecampeiro.com.br\/en\/wp-json\/wp\/v2\/posts\/6453\/revisions"}],"wp:featuredmedia":[{"embeddable":true,"href":"https:\/\/cafecampeiro.com.br\/en\/wp-json\/wp\/v2\/media\/6527"}],"wp:attachment":[{"href":"https:\/\/cafecampeiro.com.br\/en\/wp-json\/wp\/v2\/media?parent=6453"}],"wp:term":[{"taxonomy":"category","embeddable":true,"href":"https:\/\/cafecampeiro.com.br\/en\/wp-json\/wp\/v2\/categories?post=6453"},{"taxonomy":"post_tag","embeddable":true,"href":"https:\/\/cafecampeiro.com.br\/en\/wp-json\/wp\/v2\/tags?post=6453"}],"curies":[{"name":"wp","href":"https:\/\/api.w.org\/{rel}","templated":true}]}}