{"id":6460,"date":"2023-12-01T00:52:32","date_gmt":"2023-12-01T03:52:32","guid":{"rendered":"https:\/\/cafecampeiro.com.br\/?p=6460"},"modified":"2023-12-03T16:08:47","modified_gmt":"2023-12-03T19:08:47","slug":"eua-o-legado-da-festa-do-cha-de-boston","status":"publish","type":"post","link":"https:\/\/cafecampeiro.com.br\/en\/eua-o-legado-da-festa-do-cha-de-boston\/","title":{"rendered":"EUA &#8211; A festa do ch\u00e1 de Boston"},"content":{"rendered":"<p><span style=\"font-weight: 400;\">A jornada do caf\u00e9 nos EUA come\u00e7ou em <strong>1654<\/strong>, quando o <a href=\"https:\/\/www.greendragonboston.com\/\"><strong>Green Dragon<\/strong><\/a> de Boston abriu suas portas. L\u00e1 figuras como John Adams, James Otis e Paul Revere se reuniram para discutir <strong>rebeli\u00f5es e estrat\u00e9gias revolucion\u00e1rias.<\/strong> As tavernas e caf\u00e9s nos EUA compartilhavam o mesmo espa\u00e7o.<\/span><\/p>\n<p>&nbsp;<\/p>\n<h2><strong>A Festa do Ch\u00e1 de Boston<\/strong><\/h2>\n<p><span style=\"font-weight: 400;\">A causa imediata da Festa do Ch\u00e1 foi a controversa <strong>Lei do Ch\u00e1<\/strong>, imposta pelo Parlamento brit\u00e2nico em <strong>1773<\/strong>, que concedia um monop\u00f3lio de venda de ch\u00e1 \u00e0 <strong>Companhia das \u00cdndias Orientais.<\/strong> Com efeito, esta lei reduziu os impostos sobre o ch\u00e1 exportado para as col\u00f4nias, tornando o ch\u00e1 brit\u00e2nico mais barato do que o contrabandeado. No entanto, muitos colonos consideraram essa legisla\u00e7\u00e3o como uma tentativa injusta de impor <strong>impostos sem a representa\u00e7\u00e3o<\/strong> adequada no Parlamento.<\/span><\/p>\n<p><span style=\"font-weight: 400;\">Em protesto contra a Lei do Ch\u00e1, um grupo de colonos, <strong>disfar\u00e7ados como nativos americanos,<\/strong> a fim de evitar repres\u00e1lias, invadiu tr\u00eas navios cargueiros brit\u00e2nicos ancorados no Porto de Boston: o Dartmouth, o Eleanor e o Beaver. Os manifestantes, liderados por figuras como Samuel Adams e Paul Revere, <strong>lan\u00e7aram 342 caixas de ch\u00e1 ao mar.<\/strong><\/span><\/p>\n<p><span style=\"font-weight: 400;\">Este ato foi uma <strong>resposta direta \u00e0s pol\u00edticas fiscais brit\u00e2nicas<\/strong> consideradas opressivas. Os colonos, ao destruir o ch\u00e1, expressaram sua recusa em aceitar impostos sem representa\u00e7\u00e3o e desencadearam uma s\u00e9rie de eventos que eventualmente levaram \u00e0 <strong>Guerra de Independ\u00eancia<\/strong> dos Estados Unidos em 1775.<\/span><\/p>\n<p>&nbsp;<\/p>\n<h2><strong>A histeria anti-ch\u00e1 e o consumo de caf\u00e9 nos EUA<\/strong><\/h2>\n<p><span style=\"font-weight: 400;\">Os estadunidenses, como um ato patri\u00f3tico, passaram a <strong>evitar o ch\u00e1<\/strong>, impulsionando a ascens\u00e3o do caf\u00e9. A <strong>&#8220;histeria anti-ch\u00e1&#8221;<\/strong> se espalhou rapidamente, culminando na resolu\u00e7\u00e3o do Congresso Continental contra o consumo de ch\u00e1.<\/span><\/p>\n<p><span style=\"font-weight: 400;\">O consumo m\u00e9dio de caf\u00e9 nas col\u00f4nias <strong>cresceu exponencialmente<\/strong>, passando de 0,19 libras per capita em 1772 para 1,41 libras per capita em 1799 &#8211; um aumento de mais de sete vezes. Os estadunidenses apreciaram n\u00e3o apenas o gosto do caf\u00e9, mas tamb\u00e9m sua acessibilidade, cultivado <strong>mais pr\u00f3ximo e mais barato do que o ch\u00e1.<\/strong><\/span><\/p>\n<p><span style=\"font-weight: 400;\">Al\u00e9m disso, a depend\u00eancia do caf\u00e9 cresceu \u00e0 medida que os Estados Unidos se beneficiaram do <strong>tr\u00e1fico de escravos<\/strong>, que tornava o caf\u00e9 mais acess\u00edvel. Ao longo do s\u00e9culo XIX, os estadunidenses passaram a contar cada vez mais com o <strong>caf\u00e9 cultivado em seu pr\u00f3prio hemisf\u00e9rio<\/strong>, solidificando sua posi\u00e7\u00e3o como grandes consumidore de caf\u00e9.<\/span><\/p>\n<p><span style=\"font-weight: 400;\">Assim chegamos ao fim da nossa s\u00e9rie <a href=\"https:\/\/cafecampeiro.com.br\/en\/category\/cafe-no-mundo\/\"><strong>Caf\u00e9 No Mundo.<\/strong><\/a> Agora voc\u00ea est\u00e1 preparado para dar uma volta no nosso mundo de caf\u00e9s especiais, que tal come\u00e7ar com um <a href=\"https:\/\/cafecampeiro.com.br\/en\/combos\/\"><strong>combo de caf\u00e9s<\/strong><\/a> do <strong>Caf\u00e9 Campeiro?<\/strong><\/span><\/p>","protected":false},"excerpt":{"rendered":"<p>A jornada do caf\u00e9 nos EUA come\u00e7ou em 1654, quando o Green Dragon de Boston abriu suas portas. L\u00e1 figuras como John Adams, James Otis e Paul Revere se reuniram para discutir rebeli\u00f5es e estrat\u00e9gias revolucion\u00e1rias. As tavernas e caf\u00e9s nos EUA compartilhavam o mesmo espa\u00e7o. &nbsp; A Festa do Ch\u00e1 de Boston A causa [&hellip;]<\/p>","protected":false},"author":10,"featured_media":6528,"comment_status":"open","ping_status":"closed","sticky":false,"template":"","format":"standard","meta":{"_jetpack_memberships_contains_paid_content":false,"footnotes":""},"categories":[68],"tags":[76,93,95,99,94],"class_list":["post-6460","post","type-post","status-publish","format-standard","has-post-thumbnail","hentry","category-cafe-no-mundo","tag-cafe-especial","tag-historia-do-cafe","tag-o-cafe-no-mundo","tag-o-comeco-do-cafe","tag-origem-do-cafe"],"featured_image_src":{"landsacpe":["https:\/\/cafecampeiro.com.br\/wp-content\/uploads\/2023\/12\/cafe-nos-eua-1140x445.jpg",1140,445,true],"list":["https:\/\/cafecampeiro.com.br\/wp-content\/uploads\/2023\/12\/cafe-nos-eua-463x348.jpg",463,348,true],"medium":["https:\/\/cafecampeiro.com.br\/wp-content\/uploads\/2023\/12\/cafe-nos-eua-300x138.jpg",300,138,true],"full":["https:\/\/cafecampeiro.com.br\/wp-content\/uploads\/2023\/12\/cafe-nos-eua.jpg",2000,922,false]},"yoast_head":"<!-- This site is optimized with the Yoast SEO plugin v27.3 - https:\/\/yoast.com\/product\/yoast-seo-wordpress\/ -->\n<title>EUA - A festa do ch\u00e1 de Boston - Caf\u00e9 Campeiro<\/title>\n<meta name=\"description\" content=\"A hist\u00f3ria do caf\u00e9 nos EUA \u00e9 uma saga que se entrela\u00e7a com eventos-chave da Revolu\u00e7\u00e3o Americana e a busca por uma identidade nacional.\" \/>\n<meta name=\"robots\" content=\"index, follow, max-snippet:-1, max-image-preview:large, max-video-preview:-1\" \/>\n<link rel=\"canonical\" href=\"https:\/\/cafecampeiro.com.br\/en\/eua-o-legado-da-festa-do-cha-de-boston\/\" \/>\n<meta property=\"og:locale\" content=\"en_US\" \/>\n<meta property=\"og:type\" content=\"article\" \/>\n<meta property=\"og:title\" content=\"EUA - A festa do ch\u00e1 de Boston - Caf\u00e9 Campeiro\" \/>\n<meta property=\"og:description\" content=\"A hist\u00f3ria do caf\u00e9 nos EUA \u00e9 uma saga que se entrela\u00e7a com eventos-chave da Revolu\u00e7\u00e3o Americana e a busca por uma identidade nacional.\" \/>\n<meta property=\"og:url\" content=\"https:\/\/cafecampeiro.com.br\/en\/eua-o-legado-da-festa-do-cha-de-boston\/\" \/>\n<meta property=\"og:site_name\" content=\"Caf\u00e9 Campeiro\" \/>\n<meta property=\"article:published_time\" content=\"2023-12-01T03:52:32+00:00\" \/>\n<meta property=\"article:modified_time\" content=\"2023-12-03T19:08:47+00:00\" \/>\n<meta property=\"og:image\" content=\"https:\/\/cafecampeiro.com.br\/wp-content\/uploads\/2023\/12\/cafe-nos-eua.jpg\" \/>\n\t<meta property=\"og:image:width\" content=\"2000\" \/>\n\t<meta property=\"og:image:height\" content=\"922\" \/>\n\t<meta property=\"og:image:type\" content=\"image\/jpeg\" \/>\n<meta name=\"author\" content=\"Rafael wp\" \/>\n<meta name=\"twitter:card\" content=\"summary_large_image\" \/>\n<meta name=\"twitter:label1\" content=\"Written by\" \/>\n\t<meta name=\"twitter:data1\" content=\"Rafael wp\" \/>\n\t<meta name=\"twitter:label2\" content=\"Est. reading time\" \/>\n\t<meta name=\"twitter:data2\" content=\"3 minutes\" \/>\n<script type=\"application\/ld+json\" class=\"yoast-schema-graph\">{\"@context\":\"https:\\\/\\\/schema.org\",\"@graph\":[{\"@type\":\"Article\",\"@id\":\"https:\\\/\\\/cafecampeiro.com.br\\\/eua-o-legado-da-festa-do-cha-de-boston\\\/#article\",\"isPartOf\":{\"@id\":\"https:\\\/\\\/cafecampeiro.com.br\\\/eua-o-legado-da-festa-do-cha-de-boston\\\/\"},\"author\":{\"name\":\"Rafael wp\",\"@id\":\"https:\\\/\\\/cafecampeiro.com.br\\\/#\\\/schema\\\/person\\\/074bd2af64c306927c4c83b4fd371665\"},\"headline\":\"EUA &#8211; A festa do ch\u00e1 de Boston\",\"datePublished\":\"2023-12-01T03:52:32+00:00\",\"dateModified\":\"2023-12-03T19:08:47+00:00\",\"mainEntityOfPage\":{\"@id\":\"https:\\\/\\\/cafecampeiro.com.br\\\/eua-o-legado-da-festa-do-cha-de-boston\\\/\"},\"wordCount\":455,\"commentCount\":11,\"image\":{\"@id\":\"https:\\\/\\\/cafecampeiro.com.br\\\/eua-o-legado-da-festa-do-cha-de-boston\\\/#primaryimage\"},\"thumbnailUrl\":\"https:\\\/\\\/cafecampeiro.com.br\\\/wp-content\\\/uploads\\\/2023\\\/12\\\/cafe-nos-eua.jpg\",\"keywords\":[\"caf\u00e9 especial\",\"hist\u00f3ria do caf\u00e9\",\"o caf\u00e9 no mundo\",\"o come\u00e7o do caf\u00e9\",\"origem do caf\u00e9\"],\"articleSection\":[\"Caf\u00e9 no Mundo\"],\"inLanguage\":\"en-US\",\"potentialAction\":[{\"@type\":\"CommentAction\",\"name\":\"Comment\",\"target\":[\"https:\\\/\\\/cafecampeiro.com.br\\\/eua-o-legado-da-festa-do-cha-de-boston\\\/#respond\"]}]},{\"@type\":\"WebPage\",\"@id\":\"https:\\\/\\\/cafecampeiro.com.br\\\/eua-o-legado-da-festa-do-cha-de-boston\\\/\",\"url\":\"https:\\\/\\\/cafecampeiro.com.br\\\/eua-o-legado-da-festa-do-cha-de-boston\\\/\",\"name\":\"EUA - A festa do ch\u00e1 de Boston - Caf\u00e9 Campeiro\",\"isPartOf\":{\"@id\":\"https:\\\/\\\/cafecampeiro.com.br\\\/#website\"},\"primaryImageOfPage\":{\"@id\":\"https:\\\/\\\/cafecampeiro.com.br\\\/eua-o-legado-da-festa-do-cha-de-boston\\\/#primaryimage\"},\"image\":{\"@id\":\"https:\\\/\\\/cafecampeiro.com.br\\\/eua-o-legado-da-festa-do-cha-de-boston\\\/#primaryimage\"},\"thumbnailUrl\":\"https:\\\/\\\/cafecampeiro.com.br\\\/wp-content\\\/uploads\\\/2023\\\/12\\\/cafe-nos-eua.jpg\",\"datePublished\":\"2023-12-01T03:52:32+00:00\",\"dateModified\":\"2023-12-03T19:08:47+00:00\",\"author\":{\"@id\":\"https:\\\/\\\/cafecampeiro.com.br\\\/#\\\/schema\\\/person\\\/074bd2af64c306927c4c83b4fd371665\"},\"description\":\"A hist\u00f3ria do caf\u00e9 nos EUA \u00e9 uma saga que se entrela\u00e7a com eventos-chave da Revolu\u00e7\u00e3o Americana e a busca por uma identidade nacional.\",\"breadcrumb\":{\"@id\":\"https:\\\/\\\/cafecampeiro.com.br\\\/eua-o-legado-da-festa-do-cha-de-boston\\\/#breadcrumb\"},\"inLanguage\":\"en-US\",\"potentialAction\":[{\"@type\":\"ReadAction\",\"target\":[\"https:\\\/\\\/cafecampeiro.com.br\\\/eua-o-legado-da-festa-do-cha-de-boston\\\/\"]}]},{\"@type\":\"ImageObject\",\"inLanguage\":\"en-US\",\"@id\":\"https:\\\/\\\/cafecampeiro.com.br\\\/eua-o-legado-da-festa-do-cha-de-boston\\\/#primaryimage\",\"url\":\"https:\\\/\\\/cafecampeiro.com.br\\\/wp-content\\\/uploads\\\/2023\\\/12\\\/cafe-nos-eua.jpg\",\"contentUrl\":\"https:\\\/\\\/cafecampeiro.com.br\\\/wp-content\\\/uploads\\\/2023\\\/12\\\/cafe-nos-eua.jpg\",\"width\":2000,\"height\":922,\"caption\":\"Caf\u00e9 nos EUA - A festa do ch\u00e1 de Boston\"},{\"@type\":\"BreadcrumbList\",\"@id\":\"https:\\\/\\\/cafecampeiro.com.br\\\/eua-o-legado-da-festa-do-cha-de-boston\\\/#breadcrumb\",\"itemListElement\":[{\"@type\":\"ListItem\",\"position\":1,\"name\":\"In\u00edcio\",\"item\":\"https:\\\/\\\/cafecampeiro.com.br\\\/\"},{\"@type\":\"ListItem\",\"position\":2,\"name\":\"EUA &#8211; A festa do ch\u00e1 de Boston\"}]},{\"@type\":\"WebSite\",\"@id\":\"https:\\\/\\\/cafecampeiro.com.br\\\/#website\",\"url\":\"https:\\\/\\\/cafecampeiro.com.br\\\/\",\"name\":\"Caf\u00e9 Campeiro\",\"description\":\"Caf\u00e9 Campeiro\",\"potentialAction\":[{\"@type\":\"SearchAction\",\"target\":{\"@type\":\"EntryPoint\",\"urlTemplate\":\"https:\\\/\\\/cafecampeiro.com.br\\\/?s={search_term_string}\"},\"query-input\":{\"@type\":\"PropertyValueSpecification\",\"valueRequired\":true,\"valueName\":\"search_term_string\"}}],\"inLanguage\":\"en-US\"},{\"@type\":\"Person\",\"@id\":\"https:\\\/\\\/cafecampeiro.com.br\\\/#\\\/schema\\\/person\\\/074bd2af64c306927c4c83b4fd371665\",\"name\":\"Rafael wp\",\"image\":{\"@type\":\"ImageObject\",\"inLanguage\":\"en-US\",\"@id\":\"https:\\\/\\\/secure.gravatar.com\\\/avatar\\\/5f8cc718ba997435a947fc7e53e9aa5808a4bfd36af5270e99478253940cf552?s=96&d=mm&r=g\",\"url\":\"https:\\\/\\\/secure.gravatar.com\\\/avatar\\\/5f8cc718ba997435a947fc7e53e9aa5808a4bfd36af5270e99478253940cf552?s=96&d=mm&r=g\",\"contentUrl\":\"https:\\\/\\\/secure.gravatar.com\\\/avatar\\\/5f8cc718ba997435a947fc7e53e9aa5808a4bfd36af5270e99478253940cf552?s=96&d=mm&r=g\",\"caption\":\"Rafael wp\"},\"sameAs\":[\"https:\\\/\\\/cafecampeiro.com.br\\\/\"],\"url\":\"https:\\\/\\\/cafecampeiro.com.br\\\/en\\\/author\\\/rafael\\\/\"}]}<\/script>\n<!-- \/ Yoast SEO plugin. -->","yoast_head_json":{"title":"EUA - A festa do ch\u00e1 de Boston - Caf\u00e9 Campeiro","description":"A hist\u00f3ria do caf\u00e9 nos EUA \u00e9 uma saga que se entrela\u00e7a com eventos-chave da Revolu\u00e7\u00e3o Americana e a busca por uma identidade nacional.","robots":{"index":"index","follow":"follow","max-snippet":"max-snippet:-1","max-image-preview":"max-image-preview:large","max-video-preview":"max-video-preview:-1"},"canonical":"https:\/\/cafecampeiro.com.br\/en\/eua-o-legado-da-festa-do-cha-de-boston\/","og_locale":"en_US","og_type":"article","og_title":"EUA - A festa do ch\u00e1 de Boston - Caf\u00e9 Campeiro","og_description":"A hist\u00f3ria do caf\u00e9 nos EUA \u00e9 uma saga que se entrela\u00e7a com eventos-chave da Revolu\u00e7\u00e3o Americana e a busca por uma identidade nacional.","og_url":"https:\/\/cafecampeiro.com.br\/en\/eua-o-legado-da-festa-do-cha-de-boston\/","og_site_name":"Caf\u00e9 Campeiro","article_published_time":"2023-12-01T03:52:32+00:00","article_modified_time":"2023-12-03T19:08:47+00:00","og_image":[{"width":2000,"height":922,"url":"https:\/\/cafecampeiro.com.br\/wp-content\/uploads\/2023\/12\/cafe-nos-eua.jpg","type":"image\/jpeg"}],"author":"Rafael wp","twitter_card":"summary_large_image","twitter_misc":{"Written by":"Rafael wp","Est. reading time":"3 minutes"},"schema":{"@context":"https:\/\/schema.org","@graph":[{"@type":"Article","@id":"https:\/\/cafecampeiro.com.br\/eua-o-legado-da-festa-do-cha-de-boston\/#article","isPartOf":{"@id":"https:\/\/cafecampeiro.com.br\/eua-o-legado-da-festa-do-cha-de-boston\/"},"author":{"name":"Rafael wp","@id":"https:\/\/cafecampeiro.com.br\/#\/schema\/person\/074bd2af64c306927c4c83b4fd371665"},"headline":"EUA &#8211; A festa do ch\u00e1 de Boston","datePublished":"2023-12-01T03:52:32+00:00","dateModified":"2023-12-03T19:08:47+00:00","mainEntityOfPage":{"@id":"https:\/\/cafecampeiro.com.br\/eua-o-legado-da-festa-do-cha-de-boston\/"},"wordCount":455,"commentCount":11,"image":{"@id":"https:\/\/cafecampeiro.com.br\/eua-o-legado-da-festa-do-cha-de-boston\/#primaryimage"},"thumbnailUrl":"https:\/\/cafecampeiro.com.br\/wp-content\/uploads\/2023\/12\/cafe-nos-eua.jpg","keywords":["caf\u00e9 especial","hist\u00f3ria do caf\u00e9","o caf\u00e9 no mundo","o come\u00e7o do caf\u00e9","origem do caf\u00e9"],"articleSection":["Caf\u00e9 no Mundo"],"inLanguage":"en-US","potentialAction":[{"@type":"CommentAction","name":"Comment","target":["https:\/\/cafecampeiro.com.br\/eua-o-legado-da-festa-do-cha-de-boston\/#respond"]}]},{"@type":"WebPage","@id":"https:\/\/cafecampeiro.com.br\/eua-o-legado-da-festa-do-cha-de-boston\/","url":"https:\/\/cafecampeiro.com.br\/eua-o-legado-da-festa-do-cha-de-boston\/","name":"EUA - A festa do ch\u00e1 de Boston - Caf\u00e9 Campeiro","isPartOf":{"@id":"https:\/\/cafecampeiro.com.br\/#website"},"primaryImageOfPage":{"@id":"https:\/\/cafecampeiro.com.br\/eua-o-legado-da-festa-do-cha-de-boston\/#primaryimage"},"image":{"@id":"https:\/\/cafecampeiro.com.br\/eua-o-legado-da-festa-do-cha-de-boston\/#primaryimage"},"thumbnailUrl":"https:\/\/cafecampeiro.com.br\/wp-content\/uploads\/2023\/12\/cafe-nos-eua.jpg","datePublished":"2023-12-01T03:52:32+00:00","dateModified":"2023-12-03T19:08:47+00:00","author":{"@id":"https:\/\/cafecampeiro.com.br\/#\/schema\/person\/074bd2af64c306927c4c83b4fd371665"},"description":"A hist\u00f3ria do caf\u00e9 nos EUA \u00e9 uma saga que se entrela\u00e7a com eventos-chave da Revolu\u00e7\u00e3o Americana e a busca por uma identidade nacional.","breadcrumb":{"@id":"https:\/\/cafecampeiro.com.br\/eua-o-legado-da-festa-do-cha-de-boston\/#breadcrumb"},"inLanguage":"en-US","potentialAction":[{"@type":"ReadAction","target":["https:\/\/cafecampeiro.com.br\/eua-o-legado-da-festa-do-cha-de-boston\/"]}]},{"@type":"ImageObject","inLanguage":"en-US","@id":"https:\/\/cafecampeiro.com.br\/eua-o-legado-da-festa-do-cha-de-boston\/#primaryimage","url":"https:\/\/cafecampeiro.com.br\/wp-content\/uploads\/2023\/12\/cafe-nos-eua.jpg","contentUrl":"https:\/\/cafecampeiro.com.br\/wp-content\/uploads\/2023\/12\/cafe-nos-eua.jpg","width":2000,"height":922,"caption":"Caf\u00e9 nos EUA - A festa do ch\u00e1 de Boston"},{"@type":"BreadcrumbList","@id":"https:\/\/cafecampeiro.com.br\/eua-o-legado-da-festa-do-cha-de-boston\/#breadcrumb","itemListElement":[{"@type":"ListItem","position":1,"name":"In\u00edcio","item":"https:\/\/cafecampeiro.com.br\/"},{"@type":"ListItem","position":2,"name":"EUA &#8211; A festa do ch\u00e1 de Boston"}]},{"@type":"WebSite","@id":"https:\/\/cafecampeiro.com.br\/#website","url":"https:\/\/cafecampeiro.com.br\/","name":"Caf\u00e9 Campeiro","description":"Caf\u00e9 Campeiro","potentialAction":[{"@type":"SearchAction","target":{"@type":"EntryPoint","urlTemplate":"https:\/\/cafecampeiro.com.br\/?s={search_term_string}"},"query-input":{"@type":"PropertyValueSpecification","valueRequired":true,"valueName":"search_term_string"}}],"inLanguage":"en-US"},{"@type":"Person","@id":"https:\/\/cafecampeiro.com.br\/#\/schema\/person\/074bd2af64c306927c4c83b4fd371665","name":"Rafael wp","image":{"@type":"ImageObject","inLanguage":"en-US","@id":"https:\/\/secure.gravatar.com\/avatar\/5f8cc718ba997435a947fc7e53e9aa5808a4bfd36af5270e99478253940cf552?s=96&d=mm&r=g","url":"https:\/\/secure.gravatar.com\/avatar\/5f8cc718ba997435a947fc7e53e9aa5808a4bfd36af5270e99478253940cf552?s=96&d=mm&r=g","contentUrl":"https:\/\/secure.gravatar.com\/avatar\/5f8cc718ba997435a947fc7e53e9aa5808a4bfd36af5270e99478253940cf552?s=96&d=mm&r=g","caption":"Rafael wp"},"sameAs":["https:\/\/cafecampeiro.com.br\/"],"url":"https:\/\/cafecampeiro.com.br\/en\/author\/rafael\/"}]}},"jetpack_featured_media_url":"https:\/\/cafecampeiro.com.br\/wp-content\/uploads\/2023\/12\/cafe-nos-eua.jpg","jetpack_sharing_enabled":true,"_links":{"self":[{"href":"https:\/\/cafecampeiro.com.br\/en\/wp-json\/wp\/v2\/posts\/6460","targetHints":{"allow":["GET"]}}],"collection":[{"href":"https:\/\/cafecampeiro.com.br\/en\/wp-json\/wp\/v2\/posts"}],"about":[{"href":"https:\/\/cafecampeiro.com.br\/en\/wp-json\/wp\/v2\/types\/post"}],"author":[{"embeddable":true,"href":"https:\/\/cafecampeiro.com.br\/en\/wp-json\/wp\/v2\/users\/10"}],"replies":[{"embeddable":true,"href":"https:\/\/cafecampeiro.com.br\/en\/wp-json\/wp\/v2\/comments?post=6460"}],"version-history":[{"count":0,"href":"https:\/\/cafecampeiro.com.br\/en\/wp-json\/wp\/v2\/posts\/6460\/revisions"}],"wp:featuredmedia":[{"embeddable":true,"href":"https:\/\/cafecampeiro.com.br\/en\/wp-json\/wp\/v2\/media\/6528"}],"wp:attachment":[{"href":"https:\/\/cafecampeiro.com.br\/en\/wp-json\/wp\/v2\/media?parent=6460"}],"wp:term":[{"taxonomy":"category","embeddable":true,"href":"https:\/\/cafecampeiro.com.br\/en\/wp-json\/wp\/v2\/categories?post=6460"},{"taxonomy":"post_tag","embeddable":true,"href":"https:\/\/cafecampeiro.com.br\/en\/wp-json\/wp\/v2\/tags?post=6460"}],"curies":[{"name":"wp","href":"https:\/\/api.w.org\/{rel}","templated":true}]}}