{"id":6470,"date":"2023-10-15T15:00:30","date_gmt":"2023-10-15T18:00:30","guid":{"rendered":"https:\/\/cafecampeiro.com.br\/?p=6470"},"modified":"2023-12-06T10:20:21","modified_gmt":"2023-12-06T13:20:21","slug":"receita-de-tiramisu","status":"publish","type":"post","link":"https:\/\/cafecampeiro.com.br\/en\/receita-de-tiramisu\/","title":{"rendered":"Receita de Tiramis\u00f9"},"content":{"rendered":"<p><span style=\"font-weight: 400;\">Trouxemos para voc\u00ea a<strong> receita de tiramis\u00f9<\/strong>, uma sobremesa muito popular em todo o territ\u00f3rio italiano, cujas origens s\u00e3o muito debatidas e atribu\u00eddas sobretudo \u00e0 regi\u00e3o de <strong>V\u00eaneto<\/strong> e \u00e0 regi\u00e3o de <strong>Friul-Veneza J\u00falia.<\/strong> Em resumo, trata-se de uma sobremesa a base de <strong>bolacha champagne embebida em caf\u00e9<\/strong> e coberta com um creme, composto por <strong>queijo mascarpone, ovos e a\u00e7\u00facar<\/strong>, que em algumas varia\u00e7\u00f5es \u00e9 aromatizado com licor.<\/span><\/p>\n<p>&nbsp;<\/p>\n<h2><b>Hist\u00f3ria e origens do Tiramis\u00f9<\/b><\/h2>\n<p><span style=\"font-weight: 400;\">Surpreendentemente, a receita do tiramis\u00f9 n\u00e3o est\u00e1 presente nos livros de receitas anteriores aos <strong>anos sessenta.<\/strong> Portanto, isso nos permite supor que o tiramis\u00f9, como \u00e9 conhecido agora, \u00e9 uma inven\u00e7\u00e3o recente. Por exemplo, o dicion\u00e1rio da l\u00edngua italiana Sabatini Coletti tra\u00e7a <strong>a primeira men\u00e7\u00e3o do nome em 1980.<\/strong><\/span><\/p>\n<p><span style=\"font-weight: 400;\">Semelhantemente, <strong>Zuppa Inglese, Dolce Torino e <\/strong><\/span><span style=\"font-weight: 400;\"><strong>Bavarese Lombarda<\/strong> s\u00e3o doces italianos que podem ter servido como base para a origem do Tiramis\u00f9.<\/span><\/p>\n<p>&nbsp;<\/p>\n<h2><b>Curiosidades<\/b><\/h2>\n<p><span style=\"font-weight: 400;\">Em 24 de maio de 2015, em Gemona del Friuli, foi estabelecido o Recorde Mundial do Guinness para <strong>o maior tiramis\u00f9 do mundo, pesando 3015 kg<\/strong>, 30 metros de comprimento e 2 de largura, feito por 50 confeiteiros e 150 volunt\u00e1rios.<\/span><\/p>\n<p><span style=\"font-weight: 400;\">Em 2017 ocorreu o primeiro <strong>&#8220;Tiramis\u00f9 World Cup&#8221;<\/strong>, uma competi\u00e7\u00e3o realizada em Treviso nos dias 4 e 5 de novembro. O evento \u00e9 anual e possui uma etapa de pr\u00e9-sele\u00e7\u00e3o brasileira: <\/span><a href=\"https:\/\/tiramisuworldcup.com\/pt-br\/\"><span style=\"font-weight: 400;\">https:\/\/tiramisuworldcup.com\/pt-br\/<\/span><\/a><\/p>\n<p>&nbsp;<\/p>\n<h2><b>Receita de Tiramis\u00f9<\/b><span style=\"font-weight: 400;\">:<\/span><\/h2>\n<p><span style=\"font-weight: 400;\">A fim de que voc\u00ea prove essa maravilha, trouxemos para voc\u00ea a <strong>receita cl\u00e1ssica<\/strong>, mais difundida na It\u00e1lia e mais saborosa na nossa humilde opini\u00e3o!<\/span><\/p>\n<p><b>Ingredientes:<\/b><\/p>\n<ul>\n<li style=\"font-weight: 400;\" aria-level=\"1\"><span style=\"font-weight: 400;\">6 gemas de ovo (120g);<\/span><\/li>\n<li style=\"font-weight: 400;\" aria-level=\"1\"><span style=\"font-weight: 400;\">150g de a\u00e7\u00facar;<\/span><\/li>\n<li style=\"font-weight: 400;\" aria-level=\"1\"><span style=\"font-weight: 400;\">500g <a href=\"https:\/\/pt.wikipedia.org\/wiki\/Mascarpone\"><strong>queijo mascarpone<\/strong><\/a> (caso n\u00e3o achar, pode usar <a href=\"https:\/\/pt.wikipedia.org\/wiki\/Queijo_cremoso\"><strong>cream cheese<\/strong><\/a>);<\/span><\/li>\n<li style=\"font-weight: 400;\" aria-level=\"1\"><span style=\"font-weight: 400;\">200 ml de <a href=\"https:\/\/cafecampeiro.com.br\/en\/product\/cafe-linha-intenso\/\"><strong>Caf\u00e9 Campeiro Intenso<\/strong><\/a> preparado na <strong><a href=\"https:\/\/cafecampeiro.com.br\/en\/product\/cafeteira-italiana\/\">cafeteira italiana<\/a><\/strong>;<\/span><\/li>\n<li style=\"font-weight: 400;\" aria-level=\"1\"><span style=\"font-weight: 400;\">1 pacote de bolacha champagne;<\/span><\/li>\n<li style=\"font-weight: 400;\" aria-level=\"1\"><span style=\"font-weight: 400;\">Cacau em p\u00f3 a gosto e folhas de hortel\u00e3 para decorar.<\/span><\/li>\n<\/ul>\n<p><b>Modo de preparo:<\/b><\/p>\n<ol>\n<li style=\"font-weight: 400;\" aria-level=\"1\"><span style=\"font-weight: 400;\">Na batedeira, bata as gemas com o a\u00e7\u00facar at\u00e9 atingir um <strong>ponto cremoso<\/strong>;<\/span><\/li>\n<li style=\"font-weight: 400;\" aria-level=\"1\"><span style=\"font-weight: 400;\">Adicione o queijo e bata em velocidade <strong>lenta<\/strong> at\u00e9 homogeneizar bem o creme;<\/span><\/li>\n<li style=\"font-weight: 400;\" aria-level=\"1\"><span style=\"font-weight: 400;\">Fa\u00e7a 200 ml de <a href=\"https:\/\/cafecampeiro.com.br\/en\/product\/cafe-linha-intenso\/\"><strong>Caf\u00e9 Campeiro Intenso<\/strong><\/a> preparado na <strong><a href=\"https:\/\/cafecampeiro.com.br\/en\/product\/cafeteira-italiana\/\">cafeteira italiana<\/a><\/strong>;<\/span><\/li>\n<li style=\"font-weight: 400;\" aria-level=\"1\"><span style=\"font-weight: 400;\">Em uma travessa, coloque uma camada do creme rec\u00e9m preparado;<\/span><\/li>\n<li style=\"font-weight: 400;\" aria-level=\"1\"><span style=\"font-weight: 400;\">Mergulhe <strong>rapidamente<\/strong> (aprox. 5s) a bolacha champagne no <a href=\"https:\/\/cafecampeiro.com.br\/en\/product\/cafe-linha-intenso\/\"><strong>Caf\u00e9 Campeiro Intenso<\/strong><\/a>;<\/span><\/li>\n<li style=\"font-weight: 400;\" aria-level=\"1\"><span style=\"font-weight: 400;\">Fa\u00e7a uma camada de bolacha embebida em caf\u00e9 na travessa;<\/span><\/li>\n<li style=\"font-weight: 400;\" aria-level=\"1\"><span style=\"font-weight: 400;\">Intercale mais uma camada de creme e uma de bolacha embebida no caf\u00e9;<\/span><\/li>\n<li style=\"font-weight: 400;\" aria-level=\"1\"><span style=\"font-weight: 400;\">A \u00faltima camada (superior) deve ser de creme;<\/span><\/li>\n<li style=\"font-weight: 400;\" aria-level=\"1\"><span style=\"font-weight: 400;\">Polvilhe cacau em p\u00f3 a gosto e coloque na geladeira;<\/span><\/li>\n<li style=\"font-weight: 400;\" aria-level=\"1\"><span style=\"font-weight: 400;\">Pronto, quando gelar \u00e9 s\u00f3 decorar com hortel\u00e3 e apreciar o seu Tiramis\u00f9!<\/span><\/li>\n<\/ol>","protected":false},"excerpt":{"rendered":"<p>Trouxemos para voc\u00ea a receita de tiramis\u00f9, uma sobremesa muito popular em todo o territ\u00f3rio italiano, cujas origens s\u00e3o muito debatidas e atribu\u00eddas sobretudo \u00e0 regi\u00e3o de V\u00eaneto e \u00e0 regi\u00e3o de Friul-Veneza J\u00falia. Em resumo, trata-se de uma sobremesa a base de bolacha champagne embebida em caf\u00e9 e coberta com um creme, composto por [&hellip;]<\/p>","protected":false},"author":10,"featured_media":6537,"comment_status":"open","ping_status":"open","sticky":false,"template":"","format":"standard","meta":{"_jetpack_memberships_contains_paid_content":false,"footnotes":""},"categories":[83],"tags":[],"class_list":["post-6470","post","type-post","status-publish","format-standard","has-post-thumbnail","hentry","category-receitas-cafeinadas"],"featured_image_src":{"landsacpe":["https:\/\/cafecampeiro.com.br\/wp-content\/uploads\/2023\/12\/receita_tiramisu-1140x445.jpg",1140,445,true],"list":["https:\/\/cafecampeiro.com.br\/wp-content\/uploads\/2023\/12\/receita_tiramisu-463x348.jpg",463,348,true],"medium":["https:\/\/cafecampeiro.com.br\/wp-content\/uploads\/2023\/12\/receita_tiramisu-300x138.jpg",300,138,true],"full":["https:\/\/cafecampeiro.com.br\/wp-content\/uploads\/2023\/12\/receita_tiramisu.jpg",2000,922,false]},"yoast_head":"<!-- This site is optimized with the Yoast SEO plugin v27.3 - https:\/\/yoast.com\/product\/yoast-seo-wordpress\/ -->\n<title>Receita de Tiramis\u00f9 - Caf\u00e9 Campeiro<\/title>\n<meta name=\"description\" content=\"Trouxemos pra voc\u00eas a receita de tiramis\u00f9, sobremesa muito popular em todo o territ\u00f3rio italiano, cujas origens s\u00e3o muito debatidas.\" \/>\n<meta name=\"robots\" content=\"index, follow, max-snippet:-1, max-image-preview:large, max-video-preview:-1\" \/>\n<link rel=\"canonical\" href=\"https:\/\/cafecampeiro.com.br\/en\/receita-de-tiramisu\/\" \/>\n<meta property=\"og:locale\" content=\"en_US\" \/>\n<meta property=\"og:type\" content=\"article\" \/>\n<meta property=\"og:title\" content=\"Receita de Tiramis\u00f9 - Caf\u00e9 Campeiro\" \/>\n<meta property=\"og:description\" content=\"Trouxemos pra voc\u00eas a receita de tiramis\u00f9, sobremesa muito popular em todo o territ\u00f3rio italiano, cujas origens s\u00e3o muito debatidas.\" \/>\n<meta property=\"og:url\" content=\"https:\/\/cafecampeiro.com.br\/en\/receita-de-tiramisu\/\" \/>\n<meta property=\"og:site_name\" content=\"Caf\u00e9 Campeiro\" \/>\n<meta property=\"article:published_time\" content=\"2023-10-15T18:00:30+00:00\" \/>\n<meta property=\"article:modified_time\" content=\"2023-12-06T13:20:21+00:00\" \/>\n<meta property=\"og:image\" content=\"https:\/\/cafecampeiro.com.br\/wp-content\/uploads\/2023\/12\/receita_tiramisu.jpg\" \/>\n\t<meta property=\"og:image:width\" content=\"2000\" \/>\n\t<meta property=\"og:image:height\" content=\"922\" \/>\n\t<meta property=\"og:image:type\" content=\"image\/jpeg\" \/>\n<meta name=\"author\" content=\"Rafael wp\" \/>\n<meta name=\"twitter:card\" content=\"summary_large_image\" \/>\n<meta name=\"twitter:label1\" content=\"Written by\" \/>\n\t<meta name=\"twitter:data1\" content=\"Rafael wp\" \/>\n\t<meta name=\"twitter:label2\" content=\"Est. reading time\" \/>\n\t<meta name=\"twitter:data2\" content=\"3 minutes\" \/>\n<script type=\"application\/ld+json\" class=\"yoast-schema-graph\">{\"@context\":\"https:\\\/\\\/schema.org\",\"@graph\":[{\"@type\":\"Article\",\"@id\":\"https:\\\/\\\/cafecampeiro.com.br\\\/receita-de-tiramisu\\\/#article\",\"isPartOf\":{\"@id\":\"https:\\\/\\\/cafecampeiro.com.br\\\/receita-de-tiramisu\\\/\"},\"author\":{\"name\":\"Rafael wp\",\"@id\":\"https:\\\/\\\/cafecampeiro.com.br\\\/#\\\/schema\\\/person\\\/074bd2af64c306927c4c83b4fd371665\"},\"headline\":\"Receita de Tiramis\u00f9\",\"datePublished\":\"2023-10-15T18:00:30+00:00\",\"dateModified\":\"2023-12-06T13:20:21+00:00\",\"mainEntityOfPage\":{\"@id\":\"https:\\\/\\\/cafecampeiro.com.br\\\/receita-de-tiramisu\\\/\"},\"wordCount\":423,\"commentCount\":12,\"image\":{\"@id\":\"https:\\\/\\\/cafecampeiro.com.br\\\/receita-de-tiramisu\\\/#primaryimage\"},\"thumbnailUrl\":\"https:\\\/\\\/cafecampeiro.com.br\\\/wp-content\\\/uploads\\\/2023\\\/12\\\/receita_tiramisu.jpg\",\"articleSection\":[\"Receitas Cafeinadas\"],\"inLanguage\":\"en-US\",\"potentialAction\":[{\"@type\":\"CommentAction\",\"name\":\"Comment\",\"target\":[\"https:\\\/\\\/cafecampeiro.com.br\\\/receita-de-tiramisu\\\/#respond\"]}]},{\"@type\":\"WebPage\",\"@id\":\"https:\\\/\\\/cafecampeiro.com.br\\\/receita-de-tiramisu\\\/\",\"url\":\"https:\\\/\\\/cafecampeiro.com.br\\\/receita-de-tiramisu\\\/\",\"name\":\"Receita de Tiramis\u00f9 - Caf\u00e9 Campeiro\",\"isPartOf\":{\"@id\":\"https:\\\/\\\/cafecampeiro.com.br\\\/#website\"},\"primaryImageOfPage\":{\"@id\":\"https:\\\/\\\/cafecampeiro.com.br\\\/receita-de-tiramisu\\\/#primaryimage\"},\"image\":{\"@id\":\"https:\\\/\\\/cafecampeiro.com.br\\\/receita-de-tiramisu\\\/#primaryimage\"},\"thumbnailUrl\":\"https:\\\/\\\/cafecampeiro.com.br\\\/wp-content\\\/uploads\\\/2023\\\/12\\\/receita_tiramisu.jpg\",\"datePublished\":\"2023-10-15T18:00:30+00:00\",\"dateModified\":\"2023-12-06T13:20:21+00:00\",\"author\":{\"@id\":\"https:\\\/\\\/cafecampeiro.com.br\\\/#\\\/schema\\\/person\\\/074bd2af64c306927c4c83b4fd371665\"},\"description\":\"Trouxemos pra voc\u00eas a receita de tiramis\u00f9, sobremesa muito popular em todo o territ\u00f3rio italiano, cujas origens s\u00e3o muito debatidas.\",\"breadcrumb\":{\"@id\":\"https:\\\/\\\/cafecampeiro.com.br\\\/receita-de-tiramisu\\\/#breadcrumb\"},\"inLanguage\":\"en-US\",\"potentialAction\":[{\"@type\":\"ReadAction\",\"target\":[\"https:\\\/\\\/cafecampeiro.com.br\\\/receita-de-tiramisu\\\/\"]}]},{\"@type\":\"ImageObject\",\"inLanguage\":\"en-US\",\"@id\":\"https:\\\/\\\/cafecampeiro.com.br\\\/receita-de-tiramisu\\\/#primaryimage\",\"url\":\"https:\\\/\\\/cafecampeiro.com.br\\\/wp-content\\\/uploads\\\/2023\\\/12\\\/receita_tiramisu.jpg\",\"contentUrl\":\"https:\\\/\\\/cafecampeiro.com.br\\\/wp-content\\\/uploads\\\/2023\\\/12\\\/receita_tiramisu.jpg\",\"width\":2000,\"height\":922,\"caption\":\"Receita de Tiramis\u00f9\"},{\"@type\":\"BreadcrumbList\",\"@id\":\"https:\\\/\\\/cafecampeiro.com.br\\\/receita-de-tiramisu\\\/#breadcrumb\",\"itemListElement\":[{\"@type\":\"ListItem\",\"position\":1,\"name\":\"In\u00edcio\",\"item\":\"https:\\\/\\\/cafecampeiro.com.br\\\/\"},{\"@type\":\"ListItem\",\"position\":2,\"name\":\"Receita de Tiramis\u00f9\"}]},{\"@type\":\"WebSite\",\"@id\":\"https:\\\/\\\/cafecampeiro.com.br\\\/#website\",\"url\":\"https:\\\/\\\/cafecampeiro.com.br\\\/\",\"name\":\"Caf\u00e9 Campeiro\",\"description\":\"Caf\u00e9 Campeiro\",\"potentialAction\":[{\"@type\":\"SearchAction\",\"target\":{\"@type\":\"EntryPoint\",\"urlTemplate\":\"https:\\\/\\\/cafecampeiro.com.br\\\/?s={search_term_string}\"},\"query-input\":{\"@type\":\"PropertyValueSpecification\",\"valueRequired\":true,\"valueName\":\"search_term_string\"}}],\"inLanguage\":\"en-US\"},{\"@type\":\"Person\",\"@id\":\"https:\\\/\\\/cafecampeiro.com.br\\\/#\\\/schema\\\/person\\\/074bd2af64c306927c4c83b4fd371665\",\"name\":\"Rafael wp\",\"image\":{\"@type\":\"ImageObject\",\"inLanguage\":\"en-US\",\"@id\":\"https:\\\/\\\/secure.gravatar.com\\\/avatar\\\/5f8cc718ba997435a947fc7e53e9aa5808a4bfd36af5270e99478253940cf552?s=96&d=mm&r=g\",\"url\":\"https:\\\/\\\/secure.gravatar.com\\\/avatar\\\/5f8cc718ba997435a947fc7e53e9aa5808a4bfd36af5270e99478253940cf552?s=96&d=mm&r=g\",\"contentUrl\":\"https:\\\/\\\/secure.gravatar.com\\\/avatar\\\/5f8cc718ba997435a947fc7e53e9aa5808a4bfd36af5270e99478253940cf552?s=96&d=mm&r=g\",\"caption\":\"Rafael wp\"},\"sameAs\":[\"https:\\\/\\\/cafecampeiro.com.br\\\/\"],\"url\":\"https:\\\/\\\/cafecampeiro.com.br\\\/en\\\/author\\\/rafael\\\/\"}]}<\/script>\n<!-- \/ Yoast SEO plugin. -->","yoast_head_json":{"title":"Receita de Tiramis\u00f9 - Caf\u00e9 Campeiro","description":"Trouxemos pra voc\u00eas a receita de tiramis\u00f9, sobremesa muito popular em todo o territ\u00f3rio italiano, cujas origens s\u00e3o muito debatidas.","robots":{"index":"index","follow":"follow","max-snippet":"max-snippet:-1","max-image-preview":"max-image-preview:large","max-video-preview":"max-video-preview:-1"},"canonical":"https:\/\/cafecampeiro.com.br\/en\/receita-de-tiramisu\/","og_locale":"en_US","og_type":"article","og_title":"Receita de Tiramis\u00f9 - Caf\u00e9 Campeiro","og_description":"Trouxemos pra voc\u00eas a receita de tiramis\u00f9, sobremesa muito popular em todo o territ\u00f3rio italiano, cujas origens s\u00e3o muito debatidas.","og_url":"https:\/\/cafecampeiro.com.br\/en\/receita-de-tiramisu\/","og_site_name":"Caf\u00e9 Campeiro","article_published_time":"2023-10-15T18:00:30+00:00","article_modified_time":"2023-12-06T13:20:21+00:00","og_image":[{"width":2000,"height":922,"url":"https:\/\/cafecampeiro.com.br\/wp-content\/uploads\/2023\/12\/receita_tiramisu.jpg","type":"image\/jpeg"}],"author":"Rafael wp","twitter_card":"summary_large_image","twitter_misc":{"Written by":"Rafael wp","Est. reading time":"3 minutes"},"schema":{"@context":"https:\/\/schema.org","@graph":[{"@type":"Article","@id":"https:\/\/cafecampeiro.com.br\/receita-de-tiramisu\/#article","isPartOf":{"@id":"https:\/\/cafecampeiro.com.br\/receita-de-tiramisu\/"},"author":{"name":"Rafael wp","@id":"https:\/\/cafecampeiro.com.br\/#\/schema\/person\/074bd2af64c306927c4c83b4fd371665"},"headline":"Receita de Tiramis\u00f9","datePublished":"2023-10-15T18:00:30+00:00","dateModified":"2023-12-06T13:20:21+00:00","mainEntityOfPage":{"@id":"https:\/\/cafecampeiro.com.br\/receita-de-tiramisu\/"},"wordCount":423,"commentCount":12,"image":{"@id":"https:\/\/cafecampeiro.com.br\/receita-de-tiramisu\/#primaryimage"},"thumbnailUrl":"https:\/\/cafecampeiro.com.br\/wp-content\/uploads\/2023\/12\/receita_tiramisu.jpg","articleSection":["Receitas Cafeinadas"],"inLanguage":"en-US","potentialAction":[{"@type":"CommentAction","name":"Comment","target":["https:\/\/cafecampeiro.com.br\/receita-de-tiramisu\/#respond"]}]},{"@type":"WebPage","@id":"https:\/\/cafecampeiro.com.br\/receita-de-tiramisu\/","url":"https:\/\/cafecampeiro.com.br\/receita-de-tiramisu\/","name":"Receita de Tiramis\u00f9 - Caf\u00e9 Campeiro","isPartOf":{"@id":"https:\/\/cafecampeiro.com.br\/#website"},"primaryImageOfPage":{"@id":"https:\/\/cafecampeiro.com.br\/receita-de-tiramisu\/#primaryimage"},"image":{"@id":"https:\/\/cafecampeiro.com.br\/receita-de-tiramisu\/#primaryimage"},"thumbnailUrl":"https:\/\/cafecampeiro.com.br\/wp-content\/uploads\/2023\/12\/receita_tiramisu.jpg","datePublished":"2023-10-15T18:00:30+00:00","dateModified":"2023-12-06T13:20:21+00:00","author":{"@id":"https:\/\/cafecampeiro.com.br\/#\/schema\/person\/074bd2af64c306927c4c83b4fd371665"},"description":"Trouxemos pra voc\u00eas a receita de tiramis\u00f9, sobremesa muito popular em todo o territ\u00f3rio italiano, cujas origens s\u00e3o muito debatidas.","breadcrumb":{"@id":"https:\/\/cafecampeiro.com.br\/receita-de-tiramisu\/#breadcrumb"},"inLanguage":"en-US","potentialAction":[{"@type":"ReadAction","target":["https:\/\/cafecampeiro.com.br\/receita-de-tiramisu\/"]}]},{"@type":"ImageObject","inLanguage":"en-US","@id":"https:\/\/cafecampeiro.com.br\/receita-de-tiramisu\/#primaryimage","url":"https:\/\/cafecampeiro.com.br\/wp-content\/uploads\/2023\/12\/receita_tiramisu.jpg","contentUrl":"https:\/\/cafecampeiro.com.br\/wp-content\/uploads\/2023\/12\/receita_tiramisu.jpg","width":2000,"height":922,"caption":"Receita de Tiramis\u00f9"},{"@type":"BreadcrumbList","@id":"https:\/\/cafecampeiro.com.br\/receita-de-tiramisu\/#breadcrumb","itemListElement":[{"@type":"ListItem","position":1,"name":"In\u00edcio","item":"https:\/\/cafecampeiro.com.br\/"},{"@type":"ListItem","position":2,"name":"Receita de Tiramis\u00f9"}]},{"@type":"WebSite","@id":"https:\/\/cafecampeiro.com.br\/#website","url":"https:\/\/cafecampeiro.com.br\/","name":"Caf\u00e9 Campeiro","description":"Caf\u00e9 Campeiro","potentialAction":[{"@type":"SearchAction","target":{"@type":"EntryPoint","urlTemplate":"https:\/\/cafecampeiro.com.br\/?s={search_term_string}"},"query-input":{"@type":"PropertyValueSpecification","valueRequired":true,"valueName":"search_term_string"}}],"inLanguage":"en-US"},{"@type":"Person","@id":"https:\/\/cafecampeiro.com.br\/#\/schema\/person\/074bd2af64c306927c4c83b4fd371665","name":"Rafael wp","image":{"@type":"ImageObject","inLanguage":"en-US","@id":"https:\/\/secure.gravatar.com\/avatar\/5f8cc718ba997435a947fc7e53e9aa5808a4bfd36af5270e99478253940cf552?s=96&d=mm&r=g","url":"https:\/\/secure.gravatar.com\/avatar\/5f8cc718ba997435a947fc7e53e9aa5808a4bfd36af5270e99478253940cf552?s=96&d=mm&r=g","contentUrl":"https:\/\/secure.gravatar.com\/avatar\/5f8cc718ba997435a947fc7e53e9aa5808a4bfd36af5270e99478253940cf552?s=96&d=mm&r=g","caption":"Rafael wp"},"sameAs":["https:\/\/cafecampeiro.com.br\/"],"url":"https:\/\/cafecampeiro.com.br\/en\/author\/rafael\/"}]}},"jetpack_featured_media_url":"https:\/\/cafecampeiro.com.br\/wp-content\/uploads\/2023\/12\/receita_tiramisu.jpg","jetpack_sharing_enabled":true,"_links":{"self":[{"href":"https:\/\/cafecampeiro.com.br\/en\/wp-json\/wp\/v2\/posts\/6470","targetHints":{"allow":["GET"]}}],"collection":[{"href":"https:\/\/cafecampeiro.com.br\/en\/wp-json\/wp\/v2\/posts"}],"about":[{"href":"https:\/\/cafecampeiro.com.br\/en\/wp-json\/wp\/v2\/types\/post"}],"author":[{"embeddable":true,"href":"https:\/\/cafecampeiro.com.br\/en\/wp-json\/wp\/v2\/users\/10"}],"replies":[{"embeddable":true,"href":"https:\/\/cafecampeiro.com.br\/en\/wp-json\/wp\/v2\/comments?post=6470"}],"version-history":[{"count":0,"href":"https:\/\/cafecampeiro.com.br\/en\/wp-json\/wp\/v2\/posts\/6470\/revisions"}],"wp:featuredmedia":[{"embeddable":true,"href":"https:\/\/cafecampeiro.com.br\/en\/wp-json\/wp\/v2\/media\/6537"}],"wp:attachment":[{"href":"https:\/\/cafecampeiro.com.br\/en\/wp-json\/wp\/v2\/media?parent=6470"}],"wp:term":[{"taxonomy":"category","embeddable":true,"href":"https:\/\/cafecampeiro.com.br\/en\/wp-json\/wp\/v2\/categories?post=6470"},{"taxonomy":"post_tag","embeddable":true,"href":"https:\/\/cafecampeiro.com.br\/en\/wp-json\/wp\/v2\/tags?post=6470"}],"curies":[{"name":"wp","href":"https:\/\/api.w.org\/{rel}","templated":true}]}}