{"id":6476,"date":"2023-11-10T15:45:02","date_gmt":"2023-11-10T18:45:02","guid":{"rendered":"https:\/\/cafecampeiro.com.br\/?p=6476"},"modified":"2023-12-06T10:22:22","modified_gmt":"2023-12-06T13:22:22","slug":"receita-de-orange-coffee-cafe-com-suco-de-laranja","status":"publish","type":"post","link":"https:\/\/cafecampeiro.com.br\/en\/receita-de-orange-coffee-cafe-com-suco-de-laranja\/","title":{"rendered":"Receita de Orange Coffee (Caf\u00e9 com Suco de Laranja)"},"content":{"rendered":"<p><span style=\"font-weight: 400;\">Se voc\u00ea j\u00e1 tomou suco de laranja no mesmo copo em que tomou caf\u00e9, talvez j\u00e1 tenha percebido que essa \u00e9 uma <strong>combina\u00e7\u00e3o promissora<\/strong>, mas muitas pessoas ainda ficam espantadas com essa mistura que cada vez mais ganha o <strong>cora\u00e7\u00e3o dos brasileiros.<\/strong> Por isso trouxemos pra voc\u00eas a receita de <strong>Orange Coffee<\/strong> (caf\u00e9 com suco de laranja), que promete surpreender paladares.<\/span><\/p>\n<p>&nbsp;<\/p>\n<h2><b>Hist\u00f3ria e origens<\/b><\/h2>\n<p><span style=\"font-weight: 400;\">Assim como o <a href=\"https:\/\/cafecampeiro.com.br\/en\/receita-de-cafe-cremoso-dalgona\/\"><strong>caf\u00e9 cremoso<\/strong><\/a>, <strong>a trend caf\u00e9 e laranja<\/strong> tamb\u00e9m bombou no TikTok, mas infelizmente \u00e9 imposs\u00edvel rastrear seu criador, dado que essa receita j\u00e1 est\u00e1 presente em algumas cafeterias ao redor do mundo <strong>h\u00e1 d\u00e9cadas.<\/strong>\u00a0<\/span><\/p>\n<p>&nbsp;<\/p>\n<h2><b>Curiosidades<\/b><\/h2>\n<p><span style=\"font-weight: 400;\">O <strong>Brasil<\/strong> \u00e9 o maior produtor de caf\u00e9 e tamb\u00e9m o <a href=\"https:\/\/www.ibge.gov.br\/explica\/producao-agropecuaria\/laranja\/br\"><strong>maior produtor de laranja do mundo<\/strong><\/a>, ent\u00e3o essa pode ser considerada a <strong>mais brasileira das bebidas com caf\u00e9.<\/strong> A produ\u00e7\u00e3o de laranja no pa\u00eds \u00e9 principalmente destinada \u00e0 produ\u00e7\u00e3o de <strong>suco de laranja.<\/strong> A saber, os principais estados produtores de laranja no Brasil incluem S\u00e3o Paulo, Minas Gerais, Bahia e Paran\u00e1. Ao passo que na produ\u00e7\u00e3o de caf\u00e9, os principais produtores s\u00e3o os estados de Minas Gerais, S\u00e3o Paulo, Esp\u00edrito Santo, Bahia e Paran\u00e1.<\/span><\/p>\n<p>&nbsp;<\/p>\n<h2><strong>Receita de Orange Coffee (Caf\u00e9 com Suco de Laranja):<\/strong><\/h2>\n<p><span style=\"font-weight: 400;\">Caf\u00e9 espresso, caf\u00e9 coado e cold brew funcionam <strong>perfeitamente<\/strong> nessa receita. Assim, na nossa vers\u00e3o utilizaremos <a href=\"https:\/\/cafecampeiro.com.br\/en\/product\/cafe-edicoes-organico\/\"><strong>Caf\u00e9 Campeiro Org\u00e2nico<\/strong><\/a> preparado na <a href=\"https:\/\/cafecampeiro.com.br\/en\/product\/v60\/\"><strong>v60<\/strong><\/a>. Uma dica super importante: <strong>use suco integral ou de laranjas espremidas na hora!<\/strong><\/span><\/p>\n<p><b>Ingredientes para 4 copos:<\/b><\/p>\n<ul>\n<li style=\"font-weight: 400;\" aria-level=\"1\"><span style=\"font-weight: 400;\">320 ml de <a href=\"https:\/\/cafecampeiro.com.br\/en\/product\/cafe-edicoes-organico\/\"><strong>Caf\u00e9 Campeiro Org\u00e2nico<\/strong><\/a> preparado na <a href=\"https:\/\/cafecampeiro.com.br\/en\/product\/v60\/\"><strong>v60<\/strong><\/a>;<\/span><\/li>\n<li style=\"font-weight: 400;\" aria-level=\"1\"><span style=\"font-weight: 400;\">400 ml de suco de laranja;<\/span><\/li>\n<li style=\"font-weight: 400;\" aria-level=\"1\"><span style=\"font-weight: 400;\">cubos de gelo para resfriar o caf\u00e9 e para misturar na bebida.<\/span><\/li>\n<\/ul>\n<p><b>Modo de preparo:<\/b><\/p>\n<ol>\n<li style=\"font-weight: 400;\" aria-level=\"1\"><span style=\"font-weight: 400;\">Fa\u00e7a 320 ml de <a href=\"https:\/\/cafecampeiro.com.br\/en\/product\/cafe-edicoes-organico\/\"><strong>Caf\u00e9 Campeiro Org\u00e2nico<\/strong><\/a> usando a <a href=\"https:\/\/cafecampeiro.com.br\/en\/product\/v60\/\"><strong>v60<\/strong><\/a> em cima de uma<strong> jarra com gelo<\/strong> para resfri\u00e1-lo;<\/span><\/li>\n<li style=\"font-weight: 400;\" aria-level=\"1\"><span style=\"font-weight: 400;\">Adicione pedras de gelo em copos longos;<\/span><\/li>\n<li style=\"font-weight: 400;\" aria-level=\"1\"><span style=\"font-weight: 400;\">Coloque <strong>100 ml de suco<\/strong> de laranja em cada copo;<\/span><\/li>\n<li style=\"font-weight: 400;\" aria-level=\"1\"><span style=\"font-weight: 400;\">Adicione <strong>80 ml de <a href=\"https:\/\/cafecampeiro.com.br\/en\/product\/cafe-edicoes-organico\/\">Caf\u00e9 Campeiro Org\u00e2nico<\/a><\/strong>\u00a0delicadamente;<\/span><\/li>\n<li style=\"font-weight: 400;\" aria-level=\"1\"><span style=\"font-weight: 400;\">Prontinho, agora \u00e9 s\u00f3 saborear essa combina\u00e7\u00e3o <strong>brasileir\u00edssima.<\/strong><\/span><\/li>\n<\/ol>","protected":false},"excerpt":{"rendered":"<p>Se voc\u00ea j\u00e1 tomou suco de laranja no mesmo copo em que tomou caf\u00e9, talvez j\u00e1 tenha percebido que essa \u00e9 uma combina\u00e7\u00e3o promissora, mas muitas pessoas ainda ficam espantadas com essa mistura que cada vez mais ganha o cora\u00e7\u00e3o dos brasileiros. Por isso trouxemos pra voc\u00eas a receita de Orange Coffee (caf\u00e9 com suco [&hellip;]<\/p>","protected":false},"author":10,"featured_media":6534,"comment_status":"open","ping_status":"open","sticky":false,"template":"","format":"standard","meta":{"_jetpack_memberships_contains_paid_content":false,"footnotes":""},"categories":[83],"tags":[],"class_list":["post-6476","post","type-post","status-publish","format-standard","has-post-thumbnail","hentry","category-receitas-cafeinadas"],"featured_image_src":{"landsacpe":["https:\/\/cafecampeiro.com.br\/wp-content\/uploads\/2023\/12\/receita_orange_coffee-1140x445.jpg",1140,445,true],"list":["https:\/\/cafecampeiro.com.br\/wp-content\/uploads\/2023\/12\/receita_orange_coffee-463x348.jpg",463,348,true],"medium":["https:\/\/cafecampeiro.com.br\/wp-content\/uploads\/2023\/12\/receita_orange_coffee-300x138.jpg",300,138,true],"full":["https:\/\/cafecampeiro.com.br\/wp-content\/uploads\/2023\/12\/receita_orange_coffee.jpg",2000,922,false]},"yoast_head":"<!-- This site is optimized with the Yoast SEO plugin v27.3 - https:\/\/yoast.com\/product\/yoast-seo-wordpress\/ -->\n<title>Receita de Orange Coffee (Caf\u00e9 com Suco de Laranja) - Caf\u00e9 Campeiro<\/title>\n<meta name=\"description\" content=\"Trouxemos pra voc\u00eas a receita de orange coffee caf\u00e9 com suco de laranja, uma combina\u00e7\u00e3o que promete surprender os paladares brasileiros.\" \/>\n<meta name=\"robots\" content=\"index, follow, max-snippet:-1, max-image-preview:large, max-video-preview:-1\" \/>\n<link rel=\"canonical\" href=\"https:\/\/cafecampeiro.com.br\/en\/receita-de-orange-coffee-cafe-com-suco-de-laranja\/\" \/>\n<meta property=\"og:locale\" content=\"en_US\" \/>\n<meta property=\"og:type\" content=\"article\" \/>\n<meta property=\"og:title\" content=\"Receita de Orange Coffee (Caf\u00e9 com Suco de Laranja) - Caf\u00e9 Campeiro\" \/>\n<meta property=\"og:description\" content=\"Trouxemos pra voc\u00eas a receita de orange coffee caf\u00e9 com suco de laranja, uma combina\u00e7\u00e3o que promete surprender os paladares brasileiros.\" \/>\n<meta property=\"og:url\" content=\"https:\/\/cafecampeiro.com.br\/en\/receita-de-orange-coffee-cafe-com-suco-de-laranja\/\" \/>\n<meta property=\"og:site_name\" content=\"Caf\u00e9 Campeiro\" \/>\n<meta property=\"article:published_time\" content=\"2023-11-10T18:45:02+00:00\" \/>\n<meta property=\"article:modified_time\" content=\"2023-12-06T13:22:22+00:00\" \/>\n<meta property=\"og:image\" content=\"https:\/\/cafecampeiro.com.br\/wp-content\/uploads\/2023\/12\/receita_orange_coffee.jpg\" \/>\n\t<meta property=\"og:image:width\" content=\"2000\" \/>\n\t<meta property=\"og:image:height\" content=\"922\" \/>\n\t<meta property=\"og:image:type\" content=\"image\/jpeg\" \/>\n<meta name=\"author\" content=\"Rafael wp\" \/>\n<meta name=\"twitter:card\" content=\"summary_large_image\" \/>\n<meta name=\"twitter:label1\" content=\"Written by\" \/>\n\t<meta name=\"twitter:data1\" content=\"Rafael wp\" \/>\n\t<meta name=\"twitter:label2\" content=\"Est. reading time\" \/>\n\t<meta name=\"twitter:data2\" content=\"2 minutes\" \/>\n<script type=\"application\/ld+json\" class=\"yoast-schema-graph\">{\"@context\":\"https:\\\/\\\/schema.org\",\"@graph\":[{\"@type\":\"Article\",\"@id\":\"https:\\\/\\\/cafecampeiro.com.br\\\/receita-de-orange-coffee-cafe-com-suco-de-laranja\\\/#article\",\"isPartOf\":{\"@id\":\"https:\\\/\\\/cafecampeiro.com.br\\\/receita-de-orange-coffee-cafe-com-suco-de-laranja\\\/\"},\"author\":{\"name\":\"Rafael wp\",\"@id\":\"https:\\\/\\\/cafecampeiro.com.br\\\/#\\\/schema\\\/person\\\/074bd2af64c306927c4c83b4fd371665\"},\"headline\":\"Receita de Orange Coffee (Caf\u00e9 com Suco de Laranja)\",\"datePublished\":\"2023-11-10T18:45:02+00:00\",\"dateModified\":\"2023-12-06T13:22:22+00:00\",\"mainEntityOfPage\":{\"@id\":\"https:\\\/\\\/cafecampeiro.com.br\\\/receita-de-orange-coffee-cafe-com-suco-de-laranja\\\/\"},\"wordCount\":343,\"commentCount\":25,\"image\":{\"@id\":\"https:\\\/\\\/cafecampeiro.com.br\\\/receita-de-orange-coffee-cafe-com-suco-de-laranja\\\/#primaryimage\"},\"thumbnailUrl\":\"https:\\\/\\\/cafecampeiro.com.br\\\/wp-content\\\/uploads\\\/2023\\\/12\\\/receita_orange_coffee.jpg\",\"articleSection\":[\"Receitas Cafeinadas\"],\"inLanguage\":\"en-US\",\"potentialAction\":[{\"@type\":\"CommentAction\",\"name\":\"Comment\",\"target\":[\"https:\\\/\\\/cafecampeiro.com.br\\\/receita-de-orange-coffee-cafe-com-suco-de-laranja\\\/#respond\"]}]},{\"@type\":\"WebPage\",\"@id\":\"https:\\\/\\\/cafecampeiro.com.br\\\/receita-de-orange-coffee-cafe-com-suco-de-laranja\\\/\",\"url\":\"https:\\\/\\\/cafecampeiro.com.br\\\/receita-de-orange-coffee-cafe-com-suco-de-laranja\\\/\",\"name\":\"Receita de Orange Coffee (Caf\u00e9 com Suco de Laranja) - Caf\u00e9 Campeiro\",\"isPartOf\":{\"@id\":\"https:\\\/\\\/cafecampeiro.com.br\\\/#website\"},\"primaryImageOfPage\":{\"@id\":\"https:\\\/\\\/cafecampeiro.com.br\\\/receita-de-orange-coffee-cafe-com-suco-de-laranja\\\/#primaryimage\"},\"image\":{\"@id\":\"https:\\\/\\\/cafecampeiro.com.br\\\/receita-de-orange-coffee-cafe-com-suco-de-laranja\\\/#primaryimage\"},\"thumbnailUrl\":\"https:\\\/\\\/cafecampeiro.com.br\\\/wp-content\\\/uploads\\\/2023\\\/12\\\/receita_orange_coffee.jpg\",\"datePublished\":\"2023-11-10T18:45:02+00:00\",\"dateModified\":\"2023-12-06T13:22:22+00:00\",\"author\":{\"@id\":\"https:\\\/\\\/cafecampeiro.com.br\\\/#\\\/schema\\\/person\\\/074bd2af64c306927c4c83b4fd371665\"},\"description\":\"Trouxemos pra voc\u00eas a receita de orange coffee caf\u00e9 com suco de laranja, uma combina\u00e7\u00e3o que promete surprender os paladares brasileiros.\",\"breadcrumb\":{\"@id\":\"https:\\\/\\\/cafecampeiro.com.br\\\/receita-de-orange-coffee-cafe-com-suco-de-laranja\\\/#breadcrumb\"},\"inLanguage\":\"en-US\",\"potentialAction\":[{\"@type\":\"ReadAction\",\"target\":[\"https:\\\/\\\/cafecampeiro.com.br\\\/receita-de-orange-coffee-cafe-com-suco-de-laranja\\\/\"]}]},{\"@type\":\"ImageObject\",\"inLanguage\":\"en-US\",\"@id\":\"https:\\\/\\\/cafecampeiro.com.br\\\/receita-de-orange-coffee-cafe-com-suco-de-laranja\\\/#primaryimage\",\"url\":\"https:\\\/\\\/cafecampeiro.com.br\\\/wp-content\\\/uploads\\\/2023\\\/12\\\/receita_orange_coffee.jpg\",\"contentUrl\":\"https:\\\/\\\/cafecampeiro.com.br\\\/wp-content\\\/uploads\\\/2023\\\/12\\\/receita_orange_coffee.jpg\",\"width\":2000,\"height\":922,\"caption\":\"Receita de Orange Coffee (caf\u00e9 com suco de laranja)\"},{\"@type\":\"BreadcrumbList\",\"@id\":\"https:\\\/\\\/cafecampeiro.com.br\\\/receita-de-orange-coffee-cafe-com-suco-de-laranja\\\/#breadcrumb\",\"itemListElement\":[{\"@type\":\"ListItem\",\"position\":1,\"name\":\"In\u00edcio\",\"item\":\"https:\\\/\\\/cafecampeiro.com.br\\\/\"},{\"@type\":\"ListItem\",\"position\":2,\"name\":\"Receita de Orange Coffee (Caf\u00e9 com Suco de Laranja)\"}]},{\"@type\":\"WebSite\",\"@id\":\"https:\\\/\\\/cafecampeiro.com.br\\\/#website\",\"url\":\"https:\\\/\\\/cafecampeiro.com.br\\\/\",\"name\":\"Caf\u00e9 Campeiro\",\"description\":\"Caf\u00e9 Campeiro\",\"potentialAction\":[{\"@type\":\"SearchAction\",\"target\":{\"@type\":\"EntryPoint\",\"urlTemplate\":\"https:\\\/\\\/cafecampeiro.com.br\\\/?s={search_term_string}\"},\"query-input\":{\"@type\":\"PropertyValueSpecification\",\"valueRequired\":true,\"valueName\":\"search_term_string\"}}],\"inLanguage\":\"en-US\"},{\"@type\":\"Person\",\"@id\":\"https:\\\/\\\/cafecampeiro.com.br\\\/#\\\/schema\\\/person\\\/074bd2af64c306927c4c83b4fd371665\",\"name\":\"Rafael wp\",\"image\":{\"@type\":\"ImageObject\",\"inLanguage\":\"en-US\",\"@id\":\"https:\\\/\\\/secure.gravatar.com\\\/avatar\\\/5f8cc718ba997435a947fc7e53e9aa5808a4bfd36af5270e99478253940cf552?s=96&d=mm&r=g\",\"url\":\"https:\\\/\\\/secure.gravatar.com\\\/avatar\\\/5f8cc718ba997435a947fc7e53e9aa5808a4bfd36af5270e99478253940cf552?s=96&d=mm&r=g\",\"contentUrl\":\"https:\\\/\\\/secure.gravatar.com\\\/avatar\\\/5f8cc718ba997435a947fc7e53e9aa5808a4bfd36af5270e99478253940cf552?s=96&d=mm&r=g\",\"caption\":\"Rafael wp\"},\"sameAs\":[\"https:\\\/\\\/cafecampeiro.com.br\\\/\"],\"url\":\"https:\\\/\\\/cafecampeiro.com.br\\\/en\\\/author\\\/rafael\\\/\"}]}<\/script>\n<!-- \/ Yoast SEO plugin. -->","yoast_head_json":{"title":"Receita de Orange Coffee (Caf\u00e9 com Suco de Laranja) - Caf\u00e9 Campeiro","description":"Trouxemos pra voc\u00eas a receita de orange coffee caf\u00e9 com suco de laranja, uma combina\u00e7\u00e3o que promete surprender os paladares brasileiros.","robots":{"index":"index","follow":"follow","max-snippet":"max-snippet:-1","max-image-preview":"max-image-preview:large","max-video-preview":"max-video-preview:-1"},"canonical":"https:\/\/cafecampeiro.com.br\/en\/receita-de-orange-coffee-cafe-com-suco-de-laranja\/","og_locale":"en_US","og_type":"article","og_title":"Receita de Orange Coffee (Caf\u00e9 com Suco de Laranja) - Caf\u00e9 Campeiro","og_description":"Trouxemos pra voc\u00eas a receita de orange coffee caf\u00e9 com suco de laranja, uma combina\u00e7\u00e3o que promete surprender os paladares brasileiros.","og_url":"https:\/\/cafecampeiro.com.br\/en\/receita-de-orange-coffee-cafe-com-suco-de-laranja\/","og_site_name":"Caf\u00e9 Campeiro","article_published_time":"2023-11-10T18:45:02+00:00","article_modified_time":"2023-12-06T13:22:22+00:00","og_image":[{"width":2000,"height":922,"url":"https:\/\/cafecampeiro.com.br\/wp-content\/uploads\/2023\/12\/receita_orange_coffee.jpg","type":"image\/jpeg"}],"author":"Rafael wp","twitter_card":"summary_large_image","twitter_misc":{"Written by":"Rafael wp","Est. reading time":"2 minutes"},"schema":{"@context":"https:\/\/schema.org","@graph":[{"@type":"Article","@id":"https:\/\/cafecampeiro.com.br\/receita-de-orange-coffee-cafe-com-suco-de-laranja\/#article","isPartOf":{"@id":"https:\/\/cafecampeiro.com.br\/receita-de-orange-coffee-cafe-com-suco-de-laranja\/"},"author":{"name":"Rafael wp","@id":"https:\/\/cafecampeiro.com.br\/#\/schema\/person\/074bd2af64c306927c4c83b4fd371665"},"headline":"Receita de Orange Coffee (Caf\u00e9 com Suco de Laranja)","datePublished":"2023-11-10T18:45:02+00:00","dateModified":"2023-12-06T13:22:22+00:00","mainEntityOfPage":{"@id":"https:\/\/cafecampeiro.com.br\/receita-de-orange-coffee-cafe-com-suco-de-laranja\/"},"wordCount":343,"commentCount":25,"image":{"@id":"https:\/\/cafecampeiro.com.br\/receita-de-orange-coffee-cafe-com-suco-de-laranja\/#primaryimage"},"thumbnailUrl":"https:\/\/cafecampeiro.com.br\/wp-content\/uploads\/2023\/12\/receita_orange_coffee.jpg","articleSection":["Receitas Cafeinadas"],"inLanguage":"en-US","potentialAction":[{"@type":"CommentAction","name":"Comment","target":["https:\/\/cafecampeiro.com.br\/receita-de-orange-coffee-cafe-com-suco-de-laranja\/#respond"]}]},{"@type":"WebPage","@id":"https:\/\/cafecampeiro.com.br\/receita-de-orange-coffee-cafe-com-suco-de-laranja\/","url":"https:\/\/cafecampeiro.com.br\/receita-de-orange-coffee-cafe-com-suco-de-laranja\/","name":"Receita de Orange Coffee (Caf\u00e9 com Suco de Laranja) - Caf\u00e9 Campeiro","isPartOf":{"@id":"https:\/\/cafecampeiro.com.br\/#website"},"primaryImageOfPage":{"@id":"https:\/\/cafecampeiro.com.br\/receita-de-orange-coffee-cafe-com-suco-de-laranja\/#primaryimage"},"image":{"@id":"https:\/\/cafecampeiro.com.br\/receita-de-orange-coffee-cafe-com-suco-de-laranja\/#primaryimage"},"thumbnailUrl":"https:\/\/cafecampeiro.com.br\/wp-content\/uploads\/2023\/12\/receita_orange_coffee.jpg","datePublished":"2023-11-10T18:45:02+00:00","dateModified":"2023-12-06T13:22:22+00:00","author":{"@id":"https:\/\/cafecampeiro.com.br\/#\/schema\/person\/074bd2af64c306927c4c83b4fd371665"},"description":"Trouxemos pra voc\u00eas a receita de orange coffee caf\u00e9 com suco de laranja, uma combina\u00e7\u00e3o que promete surprender os paladares brasileiros.","breadcrumb":{"@id":"https:\/\/cafecampeiro.com.br\/receita-de-orange-coffee-cafe-com-suco-de-laranja\/#breadcrumb"},"inLanguage":"en-US","potentialAction":[{"@type":"ReadAction","target":["https:\/\/cafecampeiro.com.br\/receita-de-orange-coffee-cafe-com-suco-de-laranja\/"]}]},{"@type":"ImageObject","inLanguage":"en-US","@id":"https:\/\/cafecampeiro.com.br\/receita-de-orange-coffee-cafe-com-suco-de-laranja\/#primaryimage","url":"https:\/\/cafecampeiro.com.br\/wp-content\/uploads\/2023\/12\/receita_orange_coffee.jpg","contentUrl":"https:\/\/cafecampeiro.com.br\/wp-content\/uploads\/2023\/12\/receita_orange_coffee.jpg","width":2000,"height":922,"caption":"Receita de Orange Coffee (caf\u00e9 com suco de laranja)"},{"@type":"BreadcrumbList","@id":"https:\/\/cafecampeiro.com.br\/receita-de-orange-coffee-cafe-com-suco-de-laranja\/#breadcrumb","itemListElement":[{"@type":"ListItem","position":1,"name":"In\u00edcio","item":"https:\/\/cafecampeiro.com.br\/"},{"@type":"ListItem","position":2,"name":"Receita de Orange Coffee (Caf\u00e9 com Suco de Laranja)"}]},{"@type":"WebSite","@id":"https:\/\/cafecampeiro.com.br\/#website","url":"https:\/\/cafecampeiro.com.br\/","name":"Caf\u00e9 Campeiro","description":"Caf\u00e9 Campeiro","potentialAction":[{"@type":"SearchAction","target":{"@type":"EntryPoint","urlTemplate":"https:\/\/cafecampeiro.com.br\/?s={search_term_string}"},"query-input":{"@type":"PropertyValueSpecification","valueRequired":true,"valueName":"search_term_string"}}],"inLanguage":"en-US"},{"@type":"Person","@id":"https:\/\/cafecampeiro.com.br\/#\/schema\/person\/074bd2af64c306927c4c83b4fd371665","name":"Rafael wp","image":{"@type":"ImageObject","inLanguage":"en-US","@id":"https:\/\/secure.gravatar.com\/avatar\/5f8cc718ba997435a947fc7e53e9aa5808a4bfd36af5270e99478253940cf552?s=96&d=mm&r=g","url":"https:\/\/secure.gravatar.com\/avatar\/5f8cc718ba997435a947fc7e53e9aa5808a4bfd36af5270e99478253940cf552?s=96&d=mm&r=g","contentUrl":"https:\/\/secure.gravatar.com\/avatar\/5f8cc718ba997435a947fc7e53e9aa5808a4bfd36af5270e99478253940cf552?s=96&d=mm&r=g","caption":"Rafael wp"},"sameAs":["https:\/\/cafecampeiro.com.br\/"],"url":"https:\/\/cafecampeiro.com.br\/en\/author\/rafael\/"}]}},"jetpack_featured_media_url":"https:\/\/cafecampeiro.com.br\/wp-content\/uploads\/2023\/12\/receita_orange_coffee.jpg","jetpack_sharing_enabled":true,"_links":{"self":[{"href":"https:\/\/cafecampeiro.com.br\/en\/wp-json\/wp\/v2\/posts\/6476","targetHints":{"allow":["GET"]}}],"collection":[{"href":"https:\/\/cafecampeiro.com.br\/en\/wp-json\/wp\/v2\/posts"}],"about":[{"href":"https:\/\/cafecampeiro.com.br\/en\/wp-json\/wp\/v2\/types\/post"}],"author":[{"embeddable":true,"href":"https:\/\/cafecampeiro.com.br\/en\/wp-json\/wp\/v2\/users\/10"}],"replies":[{"embeddable":true,"href":"https:\/\/cafecampeiro.com.br\/en\/wp-json\/wp\/v2\/comments?post=6476"}],"version-history":[{"count":0,"href":"https:\/\/cafecampeiro.com.br\/en\/wp-json\/wp\/v2\/posts\/6476\/revisions"}],"wp:featuredmedia":[{"embeddable":true,"href":"https:\/\/cafecampeiro.com.br\/en\/wp-json\/wp\/v2\/media\/6534"}],"wp:attachment":[{"href":"https:\/\/cafecampeiro.com.br\/en\/wp-json\/wp\/v2\/media?parent=6476"}],"wp:term":[{"taxonomy":"category","embeddable":true,"href":"https:\/\/cafecampeiro.com.br\/en\/wp-json\/wp\/v2\/categories?post=6476"},{"taxonomy":"post_tag","embeddable":true,"href":"https:\/\/cafecampeiro.com.br\/en\/wp-json\/wp\/v2\/tags?post=6476"}],"curies":[{"name":"wp","href":"https:\/\/api.w.org\/{rel}","templated":true}]}}