{"id":6478,"date":"2023-11-25T16:13:21","date_gmt":"2023-11-25T19:13:21","guid":{"rendered":"https:\/\/cafecampeiro.com.br\/?p=6478"},"modified":"2023-12-06T10:23:10","modified_gmt":"2023-12-06T13:23:10","slug":"receita-de-iced-mocha","status":"publish","type":"post","link":"https:\/\/cafecampeiro.com.br\/en\/receita-de-iced-mocha\/","title":{"rendered":"Receita de Iced Mocha"},"content":{"rendered":"<p><span style=\"font-weight: 400;\">Trouxemos pra voc\u00eas a receita do <strong>Iced Mocha<\/strong>, o inegavelmente refrescante primo gelado do <strong>cl\u00e1ssico <a href=\"https:\/\/pt.wikipedia.org\/wiki\/Moca_(caf%C3%A9)\">Mocha<\/a><\/strong>, de origem italiana. Entretanto, o Iced Mocha n\u00e3o tem uma origem definida. Na verdade, \u00e9 uma cria\u00e7\u00e3o muito espont\u00e2nea, pois a combina\u00e7\u00e3o de caf\u00e9, leite e calda de chocolate \u00e9 t\u00e3o boa quente, que <strong>n\u00e3o teria como dar errado na sua vers\u00e3o gelada!<\/strong><\/span><\/p>\n<p>&nbsp;<\/p>\n<h2><strong>Receita de Iced Mocha:<\/strong><\/h2>\n<p><span style=\"font-weight: 400;\">Em suma, caf\u00e9 espresso, leite gelado, calda de chocolate e gelo fazem a <strong>harmoniza\u00e7\u00e3o perfeita<\/strong> nessa receita. Todavia, se voc\u00ea n\u00e3o possui uma m\u00e1quina de espresso, n\u00e3o se preocupe, na nossa vers\u00e3o utilizaremos <a href=\"https:\/\/cafecampeiro.com.br\/en\/product\/cafe-linha-intenso\/\"><strong>Caf\u00e9 Campeiro Intenso<\/strong><\/a> preparado na <strong><a href=\"https:\/\/cafecampeiro.com.br\/en\/product\/cafeteira-italiana\/\">cafeteira italiana<\/a><\/strong>. <\/span><\/p>\n<p><span style=\"font-weight: 400;\">Uma dica super importante: a <strong>qualidade da calda de chocolate<\/strong> utilizada \u00e9 de grande import\u00e2ncia, por isso indicamos o preparo da calda ao inv\u00e9s de utilizar caldas prontas, pois <strong>caldas prontas tendem a ter ingredientes de baix\u00edssima<\/strong> qualidade, como xarope de milho transg\u00eanico, aromatizantes artificiais e emulsificantes.<\/span><\/p>\n<p><b>Ingredientes para 4 copos:<\/b><\/p>\n<ul>\n<li style=\"font-weight: 400;\" aria-level=\"1\"><span style=\"font-weight: 400;\">200 ml de <a href=\"https:\/\/cafecampeiro.com.br\/en\/product\/cafe-linha-intenso\/\"><strong>Caf\u00e9 Campeiro Intenso<\/strong><\/a> preparado na <strong><a href=\"https:\/\/cafecampeiro.com.br\/en\/product\/cafeteira-italiana\/\">cafeteira italiana<\/a><\/strong>;<\/span><\/li>\n<li style=\"font-weight: 400;\" aria-level=\"1\"><span style=\"font-weight: 400;\">400 ml de leite integral ou vegetal <strong>(bem gelado)<\/strong>;<\/span><\/li>\n<li style=\"font-weight: 400;\" aria-level=\"1\"><span style=\"font-weight: 400;\">100 g de calda de chocolate;<\/span><\/li>\n<li style=\"font-weight: 400;\" aria-level=\"1\"><span style=\"font-weight: 400;\">cubos de gelo.<\/span><\/li>\n<\/ul>\n<p><b>Modo de preparo:<\/b><\/p>\n<ol>\n<li style=\"font-weight: 400;\" aria-level=\"1\"><span style=\"font-weight: 400;\">Coloque 25 g de calda em cada um dos copos longos;<\/span><\/li>\n<li style=\"font-weight: 400;\" aria-level=\"1\"><span style=\"font-weight: 400;\">Fa\u00e7a 200 ml de <a href=\"https:\/\/cafecampeiro.com.br\/en\/product\/cafe-linha-intenso\/\"><strong>Caf\u00e9 Campeiro Intenso<\/strong><\/a> usando a <strong><a href=\"https:\/\/cafecampeiro.com.br\/en\/product\/cafeteira-italiana\/\">cafeteira italiana<\/a><\/strong>;<\/span><\/li>\n<li style=\"font-weight: 400;\" aria-level=\"1\"><span style=\"font-weight: 400;\">Adicione 50ml de <a href=\"https:\/\/cafecampeiro.com.br\/en\/product\/cafe-linha-intenso\/\"><strong>Caf\u00e9 Campeiro Intenso<\/strong><\/a> e dilua bem a calda no caf\u00e9;<\/span><\/li>\n<li style=\"font-weight: 400;\" aria-level=\"1\"><span style=\"font-weight: 400;\">Encha os copos com gelo;<\/span><\/li>\n<li style=\"font-weight: 400;\" aria-level=\"1\"><span style=\"font-weight: 400;\">Complete os copos com 100 ml do leite de sua prefer\u00eancia;<\/span><\/li>\n<li style=\"font-weight: 400;\" aria-level=\"1\"><span style=\"font-weight: 400;\">Prontinho, agora \u00e9 s\u00f3 saborear essa <strong>del\u00edcia cafeinada de ver\u00e3o!<\/strong><\/span><\/li>\n<\/ol>\n<p><b>Ingredientes da calda:<\/b><\/p>\n<ul>\n<li style=\"font-weight: 400;\" aria-level=\"1\"><span style=\"font-weight: 400;\">70g de cacau em p\u00f3 (indicamos cacau <strong>100%<\/strong> de boa qualidade);<\/span><\/li>\n<li style=\"font-weight: 400;\" aria-level=\"1\"><span style=\"font-weight: 400;\">30g de a\u00e7\u00facar mascavo;<\/span><\/li>\n<li style=\"font-weight: 400;\" aria-level=\"1\"><span style=\"font-weight: 400;\">\u00e1gua fervente.<\/span><\/li>\n<\/ul>\n<p><b>Modo de preparo:<\/b><\/p>\n<ol>\n<li style=\"font-weight: 400;\" aria-level=\"1\"><span style=\"font-weight: 400;\">Misture o cacau e o a\u00e7\u00facar em uma jarra pequena;<\/span><\/li>\n<li style=\"font-weight: 400;\" aria-level=\"1\"><span style=\"font-weight: 400;\">Adicione a \u00e1gua lentamente, at\u00e9 atingir o ponto de calda.<\/span><\/li>\n<\/ol>","protected":false},"excerpt":{"rendered":"<p>Trouxemos pra voc\u00eas a receita do Iced Mocha, o inegavelmente refrescante primo gelado do cl\u00e1ssico Mocha, de origem italiana. Entretanto, o Iced Mocha n\u00e3o tem uma origem definida. Na verdade, \u00e9 uma cria\u00e7\u00e3o muito espont\u00e2nea, pois a combina\u00e7\u00e3o de caf\u00e9, leite e calda de chocolate \u00e9 t\u00e3o boa quente, que n\u00e3o teria como dar errado [&hellip;]<\/p>","protected":false},"author":10,"featured_media":6538,"comment_status":"open","ping_status":"open","sticky":false,"template":"","format":"standard","meta":{"_jetpack_memberships_contains_paid_content":false,"footnotes":""},"categories":[83],"tags":[],"class_list":["post-6478","post","type-post","status-publish","format-standard","has-post-thumbnail","hentry","category-receitas-cafeinadas"],"featured_image_src":{"landsacpe":["https:\/\/cafecampeiro.com.br\/wp-content\/uploads\/2023\/12\/receita_iced_mocha-1140x445.jpg",1140,445,true],"list":["https:\/\/cafecampeiro.com.br\/wp-content\/uploads\/2023\/12\/receita_iced_mocha-463x348.jpg",463,348,true],"medium":["https:\/\/cafecampeiro.com.br\/wp-content\/uploads\/2023\/12\/receita_iced_mocha-300x138.jpg",300,138,true],"full":["https:\/\/cafecampeiro.com.br\/wp-content\/uploads\/2023\/12\/receita_iced_mocha.jpg",2000,922,false]},"yoast_head":"<!-- This site is optimized with the Yoast SEO plugin v27.3 - https:\/\/yoast.com\/product\/yoast-seo-wordpress\/ -->\n<title>Receita de Iced Mocha - Caf\u00e9 Campeiro<\/title>\n<meta name=\"description\" content=\"Trouxemos pra voc\u00eas a receita do Iced Mocha, o refrescante primo gelado do cl\u00e1ssico Mocha, de origem italiana.\" \/>\n<meta name=\"robots\" content=\"index, follow, max-snippet:-1, max-image-preview:large, max-video-preview:-1\" \/>\n<link rel=\"canonical\" href=\"https:\/\/cafecampeiro.com.br\/en\/receita-de-iced-mocha\/\" \/>\n<meta property=\"og:locale\" content=\"en_US\" \/>\n<meta property=\"og:type\" content=\"article\" \/>\n<meta property=\"og:title\" content=\"Receita de Iced Mocha - Caf\u00e9 Campeiro\" \/>\n<meta property=\"og:description\" content=\"Trouxemos pra voc\u00eas a receita do Iced Mocha, o refrescante primo gelado do cl\u00e1ssico Mocha, de origem italiana.\" \/>\n<meta property=\"og:url\" content=\"https:\/\/cafecampeiro.com.br\/en\/receita-de-iced-mocha\/\" \/>\n<meta property=\"og:site_name\" content=\"Caf\u00e9 Campeiro\" \/>\n<meta property=\"article:published_time\" content=\"2023-11-25T19:13:21+00:00\" \/>\n<meta property=\"article:modified_time\" content=\"2023-12-06T13:23:10+00:00\" \/>\n<meta property=\"og:image\" content=\"https:\/\/cafecampeiro.com.br\/wp-content\/uploads\/2023\/12\/receita_iced_mocha.jpg\" \/>\n\t<meta property=\"og:image:width\" content=\"2000\" \/>\n\t<meta property=\"og:image:height\" content=\"922\" \/>\n\t<meta property=\"og:image:type\" content=\"image\/jpeg\" \/>\n<meta name=\"author\" content=\"Rafael wp\" \/>\n<meta name=\"twitter:card\" content=\"summary_large_image\" \/>\n<meta name=\"twitter:label1\" content=\"Written by\" \/>\n\t<meta name=\"twitter:data1\" content=\"Rafael wp\" \/>\n\t<meta name=\"twitter:label2\" content=\"Est. reading time\" \/>\n\t<meta name=\"twitter:data2\" content=\"2 minutes\" \/>\n<script type=\"application\/ld+json\" class=\"yoast-schema-graph\">{\"@context\":\"https:\\\/\\\/schema.org\",\"@graph\":[{\"@type\":\"Article\",\"@id\":\"https:\\\/\\\/cafecampeiro.com.br\\\/receita-de-iced-mocha\\\/#article\",\"isPartOf\":{\"@id\":\"https:\\\/\\\/cafecampeiro.com.br\\\/receita-de-iced-mocha\\\/\"},\"author\":{\"name\":\"Rafael wp\",\"@id\":\"https:\\\/\\\/cafecampeiro.com.br\\\/#\\\/schema\\\/person\\\/074bd2af64c306927c4c83b4fd371665\"},\"headline\":\"Receita de Iced Mocha\",\"datePublished\":\"2023-11-25T19:13:21+00:00\",\"dateModified\":\"2023-12-06T13:23:10+00:00\",\"mainEntityOfPage\":{\"@id\":\"https:\\\/\\\/cafecampeiro.com.br\\\/receita-de-iced-mocha\\\/\"},\"wordCount\":306,\"commentCount\":22,\"image\":{\"@id\":\"https:\\\/\\\/cafecampeiro.com.br\\\/receita-de-iced-mocha\\\/#primaryimage\"},\"thumbnailUrl\":\"https:\\\/\\\/cafecampeiro.com.br\\\/wp-content\\\/uploads\\\/2023\\\/12\\\/receita_iced_mocha.jpg\",\"articleSection\":[\"Receitas Cafeinadas\"],\"inLanguage\":\"en-US\",\"potentialAction\":[{\"@type\":\"CommentAction\",\"name\":\"Comment\",\"target\":[\"https:\\\/\\\/cafecampeiro.com.br\\\/receita-de-iced-mocha\\\/#respond\"]}]},{\"@type\":\"WebPage\",\"@id\":\"https:\\\/\\\/cafecampeiro.com.br\\\/receita-de-iced-mocha\\\/\",\"url\":\"https:\\\/\\\/cafecampeiro.com.br\\\/receita-de-iced-mocha\\\/\",\"name\":\"Receita de Iced Mocha - Caf\u00e9 Campeiro\",\"isPartOf\":{\"@id\":\"https:\\\/\\\/cafecampeiro.com.br\\\/#website\"},\"primaryImageOfPage\":{\"@id\":\"https:\\\/\\\/cafecampeiro.com.br\\\/receita-de-iced-mocha\\\/#primaryimage\"},\"image\":{\"@id\":\"https:\\\/\\\/cafecampeiro.com.br\\\/receita-de-iced-mocha\\\/#primaryimage\"},\"thumbnailUrl\":\"https:\\\/\\\/cafecampeiro.com.br\\\/wp-content\\\/uploads\\\/2023\\\/12\\\/receita_iced_mocha.jpg\",\"datePublished\":\"2023-11-25T19:13:21+00:00\",\"dateModified\":\"2023-12-06T13:23:10+00:00\",\"author\":{\"@id\":\"https:\\\/\\\/cafecampeiro.com.br\\\/#\\\/schema\\\/person\\\/074bd2af64c306927c4c83b4fd371665\"},\"description\":\"Trouxemos pra voc\u00eas a receita do Iced Mocha, o refrescante primo gelado do cl\u00e1ssico Mocha, de origem italiana.\",\"breadcrumb\":{\"@id\":\"https:\\\/\\\/cafecampeiro.com.br\\\/receita-de-iced-mocha\\\/#breadcrumb\"},\"inLanguage\":\"en-US\",\"potentialAction\":[{\"@type\":\"ReadAction\",\"target\":[\"https:\\\/\\\/cafecampeiro.com.br\\\/receita-de-iced-mocha\\\/\"]}]},{\"@type\":\"ImageObject\",\"inLanguage\":\"en-US\",\"@id\":\"https:\\\/\\\/cafecampeiro.com.br\\\/receita-de-iced-mocha\\\/#primaryimage\",\"url\":\"https:\\\/\\\/cafecampeiro.com.br\\\/wp-content\\\/uploads\\\/2023\\\/12\\\/receita_iced_mocha.jpg\",\"contentUrl\":\"https:\\\/\\\/cafecampeiro.com.br\\\/wp-content\\\/uploads\\\/2023\\\/12\\\/receita_iced_mocha.jpg\",\"width\":2000,\"height\":922,\"caption\":\"Receita de Iced Mocha\"},{\"@type\":\"BreadcrumbList\",\"@id\":\"https:\\\/\\\/cafecampeiro.com.br\\\/receita-de-iced-mocha\\\/#breadcrumb\",\"itemListElement\":[{\"@type\":\"ListItem\",\"position\":1,\"name\":\"In\u00edcio\",\"item\":\"https:\\\/\\\/cafecampeiro.com.br\\\/\"},{\"@type\":\"ListItem\",\"position\":2,\"name\":\"Receita de Iced Mocha\"}]},{\"@type\":\"WebSite\",\"@id\":\"https:\\\/\\\/cafecampeiro.com.br\\\/#website\",\"url\":\"https:\\\/\\\/cafecampeiro.com.br\\\/\",\"name\":\"Caf\u00e9 Campeiro\",\"description\":\"Caf\u00e9 Campeiro\",\"potentialAction\":[{\"@type\":\"SearchAction\",\"target\":{\"@type\":\"EntryPoint\",\"urlTemplate\":\"https:\\\/\\\/cafecampeiro.com.br\\\/?s={search_term_string}\"},\"query-input\":{\"@type\":\"PropertyValueSpecification\",\"valueRequired\":true,\"valueName\":\"search_term_string\"}}],\"inLanguage\":\"en-US\"},{\"@type\":\"Person\",\"@id\":\"https:\\\/\\\/cafecampeiro.com.br\\\/#\\\/schema\\\/person\\\/074bd2af64c306927c4c83b4fd371665\",\"name\":\"Rafael wp\",\"image\":{\"@type\":\"ImageObject\",\"inLanguage\":\"en-US\",\"@id\":\"https:\\\/\\\/secure.gravatar.com\\\/avatar\\\/5f8cc718ba997435a947fc7e53e9aa5808a4bfd36af5270e99478253940cf552?s=96&d=mm&r=g\",\"url\":\"https:\\\/\\\/secure.gravatar.com\\\/avatar\\\/5f8cc718ba997435a947fc7e53e9aa5808a4bfd36af5270e99478253940cf552?s=96&d=mm&r=g\",\"contentUrl\":\"https:\\\/\\\/secure.gravatar.com\\\/avatar\\\/5f8cc718ba997435a947fc7e53e9aa5808a4bfd36af5270e99478253940cf552?s=96&d=mm&r=g\",\"caption\":\"Rafael wp\"},\"sameAs\":[\"https:\\\/\\\/cafecampeiro.com.br\\\/\"],\"url\":\"https:\\\/\\\/cafecampeiro.com.br\\\/en\\\/author\\\/rafael\\\/\"}]}<\/script>\n<!-- \/ Yoast SEO plugin. -->","yoast_head_json":{"title":"Receita de Iced Mocha - Caf\u00e9 Campeiro","description":"Trouxemos pra voc\u00eas a receita do Iced Mocha, o refrescante primo gelado do cl\u00e1ssico Mocha, de origem italiana.","robots":{"index":"index","follow":"follow","max-snippet":"max-snippet:-1","max-image-preview":"max-image-preview:large","max-video-preview":"max-video-preview:-1"},"canonical":"https:\/\/cafecampeiro.com.br\/en\/receita-de-iced-mocha\/","og_locale":"en_US","og_type":"article","og_title":"Receita de Iced Mocha - Caf\u00e9 Campeiro","og_description":"Trouxemos pra voc\u00eas a receita do Iced Mocha, o refrescante primo gelado do cl\u00e1ssico Mocha, de origem italiana.","og_url":"https:\/\/cafecampeiro.com.br\/en\/receita-de-iced-mocha\/","og_site_name":"Caf\u00e9 Campeiro","article_published_time":"2023-11-25T19:13:21+00:00","article_modified_time":"2023-12-06T13:23:10+00:00","og_image":[{"width":2000,"height":922,"url":"https:\/\/cafecampeiro.com.br\/wp-content\/uploads\/2023\/12\/receita_iced_mocha.jpg","type":"image\/jpeg"}],"author":"Rafael wp","twitter_card":"summary_large_image","twitter_misc":{"Written by":"Rafael wp","Est. reading time":"2 minutes"},"schema":{"@context":"https:\/\/schema.org","@graph":[{"@type":"Article","@id":"https:\/\/cafecampeiro.com.br\/receita-de-iced-mocha\/#article","isPartOf":{"@id":"https:\/\/cafecampeiro.com.br\/receita-de-iced-mocha\/"},"author":{"name":"Rafael wp","@id":"https:\/\/cafecampeiro.com.br\/#\/schema\/person\/074bd2af64c306927c4c83b4fd371665"},"headline":"Receita de Iced Mocha","datePublished":"2023-11-25T19:13:21+00:00","dateModified":"2023-12-06T13:23:10+00:00","mainEntityOfPage":{"@id":"https:\/\/cafecampeiro.com.br\/receita-de-iced-mocha\/"},"wordCount":306,"commentCount":22,"image":{"@id":"https:\/\/cafecampeiro.com.br\/receita-de-iced-mocha\/#primaryimage"},"thumbnailUrl":"https:\/\/cafecampeiro.com.br\/wp-content\/uploads\/2023\/12\/receita_iced_mocha.jpg","articleSection":["Receitas Cafeinadas"],"inLanguage":"en-US","potentialAction":[{"@type":"CommentAction","name":"Comment","target":["https:\/\/cafecampeiro.com.br\/receita-de-iced-mocha\/#respond"]}]},{"@type":"WebPage","@id":"https:\/\/cafecampeiro.com.br\/receita-de-iced-mocha\/","url":"https:\/\/cafecampeiro.com.br\/receita-de-iced-mocha\/","name":"Receita de Iced Mocha - Caf\u00e9 Campeiro","isPartOf":{"@id":"https:\/\/cafecampeiro.com.br\/#website"},"primaryImageOfPage":{"@id":"https:\/\/cafecampeiro.com.br\/receita-de-iced-mocha\/#primaryimage"},"image":{"@id":"https:\/\/cafecampeiro.com.br\/receita-de-iced-mocha\/#primaryimage"},"thumbnailUrl":"https:\/\/cafecampeiro.com.br\/wp-content\/uploads\/2023\/12\/receita_iced_mocha.jpg","datePublished":"2023-11-25T19:13:21+00:00","dateModified":"2023-12-06T13:23:10+00:00","author":{"@id":"https:\/\/cafecampeiro.com.br\/#\/schema\/person\/074bd2af64c306927c4c83b4fd371665"},"description":"Trouxemos pra voc\u00eas a receita do Iced Mocha, o refrescante primo gelado do cl\u00e1ssico Mocha, de origem italiana.","breadcrumb":{"@id":"https:\/\/cafecampeiro.com.br\/receita-de-iced-mocha\/#breadcrumb"},"inLanguage":"en-US","potentialAction":[{"@type":"ReadAction","target":["https:\/\/cafecampeiro.com.br\/receita-de-iced-mocha\/"]}]},{"@type":"ImageObject","inLanguage":"en-US","@id":"https:\/\/cafecampeiro.com.br\/receita-de-iced-mocha\/#primaryimage","url":"https:\/\/cafecampeiro.com.br\/wp-content\/uploads\/2023\/12\/receita_iced_mocha.jpg","contentUrl":"https:\/\/cafecampeiro.com.br\/wp-content\/uploads\/2023\/12\/receita_iced_mocha.jpg","width":2000,"height":922,"caption":"Receita de Iced Mocha"},{"@type":"BreadcrumbList","@id":"https:\/\/cafecampeiro.com.br\/receita-de-iced-mocha\/#breadcrumb","itemListElement":[{"@type":"ListItem","position":1,"name":"In\u00edcio","item":"https:\/\/cafecampeiro.com.br\/"},{"@type":"ListItem","position":2,"name":"Receita de Iced Mocha"}]},{"@type":"WebSite","@id":"https:\/\/cafecampeiro.com.br\/#website","url":"https:\/\/cafecampeiro.com.br\/","name":"Caf\u00e9 Campeiro","description":"Caf\u00e9 Campeiro","potentialAction":[{"@type":"SearchAction","target":{"@type":"EntryPoint","urlTemplate":"https:\/\/cafecampeiro.com.br\/?s={search_term_string}"},"query-input":{"@type":"PropertyValueSpecification","valueRequired":true,"valueName":"search_term_string"}}],"inLanguage":"en-US"},{"@type":"Person","@id":"https:\/\/cafecampeiro.com.br\/#\/schema\/person\/074bd2af64c306927c4c83b4fd371665","name":"Rafael wp","image":{"@type":"ImageObject","inLanguage":"en-US","@id":"https:\/\/secure.gravatar.com\/avatar\/5f8cc718ba997435a947fc7e53e9aa5808a4bfd36af5270e99478253940cf552?s=96&d=mm&r=g","url":"https:\/\/secure.gravatar.com\/avatar\/5f8cc718ba997435a947fc7e53e9aa5808a4bfd36af5270e99478253940cf552?s=96&d=mm&r=g","contentUrl":"https:\/\/secure.gravatar.com\/avatar\/5f8cc718ba997435a947fc7e53e9aa5808a4bfd36af5270e99478253940cf552?s=96&d=mm&r=g","caption":"Rafael wp"},"sameAs":["https:\/\/cafecampeiro.com.br\/"],"url":"https:\/\/cafecampeiro.com.br\/en\/author\/rafael\/"}]}},"jetpack_featured_media_url":"https:\/\/cafecampeiro.com.br\/wp-content\/uploads\/2023\/12\/receita_iced_mocha.jpg","jetpack_sharing_enabled":true,"_links":{"self":[{"href":"https:\/\/cafecampeiro.com.br\/en\/wp-json\/wp\/v2\/posts\/6478","targetHints":{"allow":["GET"]}}],"collection":[{"href":"https:\/\/cafecampeiro.com.br\/en\/wp-json\/wp\/v2\/posts"}],"about":[{"href":"https:\/\/cafecampeiro.com.br\/en\/wp-json\/wp\/v2\/types\/post"}],"author":[{"embeddable":true,"href":"https:\/\/cafecampeiro.com.br\/en\/wp-json\/wp\/v2\/users\/10"}],"replies":[{"embeddable":true,"href":"https:\/\/cafecampeiro.com.br\/en\/wp-json\/wp\/v2\/comments?post=6478"}],"version-history":[{"count":0,"href":"https:\/\/cafecampeiro.com.br\/en\/wp-json\/wp\/v2\/posts\/6478\/revisions"}],"wp:featuredmedia":[{"embeddable":true,"href":"https:\/\/cafecampeiro.com.br\/en\/wp-json\/wp\/v2\/media\/6538"}],"wp:attachment":[{"href":"https:\/\/cafecampeiro.com.br\/en\/wp-json\/wp\/v2\/media?parent=6478"}],"wp:term":[{"taxonomy":"category","embeddable":true,"href":"https:\/\/cafecampeiro.com.br\/en\/wp-json\/wp\/v2\/categories?post=6478"},{"taxonomy":"post_tag","embeddable":true,"href":"https:\/\/cafecampeiro.com.br\/en\/wp-json\/wp\/v2\/tags?post=6478"}],"curies":[{"name":"wp","href":"https:\/\/api.w.org\/{rel}","templated":true}]}}